{"id":115968,"date":"2025-10-18T14:05:44","date_gmt":"2025-10-18T14:05:44","guid":{"rendered":"https:\/\/www.europesays.com\/pt\/115968\/"},"modified":"2025-10-18T14:05:44","modified_gmt":"2025-10-18T14:05:44","slug":"cptm-promove-distribuicao-gratuita-de-livros-neste-sa-abc-do-abc","status":"publish","type":"post","link":"https:\/\/www.europesays.com\/pt\/115968\/","title":{"rendered":"CPTM \u00a0promove distribui\u00e7\u00e3o gratuita de livros neste s\u00e1&#8230; ABC do ABC"},"content":{"rendered":"<p>A <strong>CPTM<\/strong> <strong>(Companhia Paulista de Trens Metropolitanos) <\/strong>realiza neste s\u00e1bado, <strong>18 de outubro<\/strong>, uma a\u00e7\u00e3o especial de incentivo \u00e0 leitura na <strong>esta\u00e7\u00e3o Perus.<\/strong><\/p>\n<p>Em parceria com a <strong>Letraria<\/strong>, a companhia far\u00e1 a distribui\u00e7\u00e3o gratuita de <strong>300 livros<\/strong> para os<a href=\"https:\/\/abcdoabc.com.br\/transfer-gratuito-durante-a-mostra-de-cinema\/\" data-type=\"link\" data-id=\"https:\/\/abcdoabc.com.br\/transfer-gratuito-durante-a-mostra-de-cinema\/\" rel=\"nofollow noopener\" target=\"_blank\"> <strong>passageiros <\/strong><\/a>que estiverem circulando pelo local.<\/p>\n<p>A iniciativa visa democratizar o acesso \u00e0 literatura no dia a dia da popula\u00e7\u00e3o, tornando os livros mais acess\u00edveis. A a\u00e7\u00e3o come\u00e7a \u00e0s <strong>10h<\/strong> e segue at\u00e9 o t\u00e9rmino dos exemplares dispon\u00edveis.<\/p>\n<p><strong>Servi\u00e7o<\/strong>:<br \/>Distribui\u00e7\u00e3o de livros<br \/>Local: Esta\u00e7\u00e3o Perus (Linha 7-Rubi)<br \/>Data: s\u00e1bado (18\/10)<br \/>Hor\u00e1rio: das 10h at\u00e9 acabarem os livros<\/p>\n<p><strong>Sobre a CPTM<\/strong><\/p>\n<p><img fetchpriority=\"high\" decoding=\"async\" width=\"860\" height=\"570\" src=\"https:\/\/www.europesays.com\/pt\/wp-content\/uploads\/2025\/10\/estacao-cptm-860x570.jpg\" alt=\"CPTM\" class=\"wp-image-1025268\"  \/>Divulga\u00e7\u00e3o<\/p>\n<p>A Companhia Paulista de Trens Metropolitanos \u00e9 uma operadora de transporte ferrovi\u00e1rio de passageiros, com 1,5 milh\u00e3o de passageiros transportados por dia \u00fatil. Diariamente, os trens percorrem cerca de 69,5 mil km, ou 1,74 volta em torno da Terra, em 1.895 viagens programadas. Juntas, as cinco linhas da CPTM somam 199 km de extens\u00e3o, dos quais 99 km est\u00e3o na capital paulista, que tamb\u00e9m conta com 26 esta\u00e7\u00f5es do total de 57. A <a href=\"https:\/\/www.cptm.sp.gov.br\/cptm\" data-type=\"link\" data-id=\"https:\/\/www.cptm.sp.gov.br\/cptm\" target=\"_blank\" rel=\"noopener nofollow\">CPTM <\/a>atende os moradores de 18 munic\u00edpios, incluindo a capital.<\/p>\n<p> <\/p>\n<ul class=\"m-0 p-0\">\n<li class=\"mr-4 is-size-7\">Data: 17\/10\/2025 10:10<\/li>\n<li class=\"mr-4 is-size-7\">\n\t\t\t\t\t\t\t\t\t\tAlterado:17\/10\/2025 10:10\n\t\t\t\t\t\t\t\t\t<\/li>\n<li class=\"mr-4 is-size-7\"> Autor: Reda\u00e7\u00e3o  <\/li>\n<li class=\"mr-4 is-size-7\">Fonte: CPTM<\/li>\n<\/ul>\n<p>\t\t\t\t\t\t\t<img width=\"32\" height=\"32\" src=\"https:\/\/abcdoabc.com.br\/wp-content\/themes\/abcdoabc\/imgs\/sair-e-curtir\/good-feedback.png\" loading=\"lazy\" data-count-lazy=\"8\" fetchpriority=\"high\" decoding=\"async\" alt=\"RECOMENDADOS\"\/><\/p>\n","protected":false},"excerpt":{"rendered":"A CPTM (Companhia Paulista de Trens Metropolitanos) realiza neste s\u00e1bado, 18 de outubro, uma a\u00e7\u00e3o especial de incentivo&hellip;\n","protected":false},"author":2,"featured_media":115969,"comment_status":"","ping_status":"","sticky":false,"template":"","format":"standard","meta":{"footnotes":""},"categories":[143],"tags":[169,114,115,170,32,33],"class_list":{"0":"post-115968","1":"post","2":"type-post","3":"status-publish","4":"format-standard","5":"has-post-thumbnail","7":"category-livros","8":"tag-books","9":"tag-entertainment","10":"tag-entretenimento","11":"tag-livros","12":"tag-portugal","13":"tag-pt"},"share_on_mastodon":{"url":"","error":""},"_links":{"self":[{"href":"https:\/\/www.europesays.com\/pt\/wp-json\/wp\/v2\/posts\/115968","targetHints":{"allow":["GET"]}}],"collection":[{"href":"https:\/\/www.europesays.com\/pt\/wp-json\/wp\/v2\/posts"}],"about":[{"href":"https:\/\/www.europesays.com\/pt\/wp-json\/wp\/v2\/types\/post"}],"author":[{"embeddable":true,"href":"https:\/\/www.europesays.com\/pt\/wp-json\/wp\/v2\/users\/2"}],"replies":[{"embeddable":true,"href":"https:\/\/www.europesays.com\/pt\/wp-json\/wp\/v2\/comments?post=115968"}],"version-history":[{"count":0,"href":"https:\/\/www.europesays.com\/pt\/wp-json\/wp\/v2\/posts\/115968\/revisions"}],"wp:featuredmedia":[{"embeddable":true,"href":"https:\/\/www.europesays.com\/pt\/wp-json\/wp\/v2\/media\/115969"}],"wp:attachment":[{"href":"https:\/\/www.europesays.com\/pt\/wp-json\/wp\/v2\/media?parent=115968"}],"wp:term":[{"taxonomy":"category","embeddable":true,"href":"https:\/\/www.europesays.com\/pt\/wp-json\/wp\/v2\/categories?post=115968"},{"taxonomy":"post_tag","embeddable":true,"href":"https:\/\/www.europesays.com\/pt\/wp-json\/wp\/v2\/tags?post=115968"}],"curies":[{"name":"wp","href":"https:\/\/api.w.org\/{rel}","templated":true}]}}