{"id":115970,"date":"2025-10-18T14:06:15","date_gmt":"2025-10-18T14:06:15","guid":{"rendered":"https:\/\/www.europesays.com\/pt\/115970\/"},"modified":"2025-10-18T14:06:15","modified_gmt":"2025-10-18T14:06:15","slug":"marta-cardoso-explica-ao-pormenor-o-que-se-passou-na-noite-quente-de-fabio-e-liliana-secret-story","status":"publish","type":"post","link":"https:\/\/www.europesays.com\/pt\/115970\/","title":{"rendered":"Marta Cardoso explica ao pormenor o que se passou na noite quente de F\u00e1bio e Liliana &#8211; Secret Story"},"content":{"rendered":"<p>Na noite passada, F\u00e1bio e Liliana viveram uma noite mais quente, ao ponto de que passou a faixa de consentimento\u00a0 dado que o clima entre os dois evoluiu. No Extra, Marta Cardoso explica aos comentadores tudo o que acontece quando dois concorrentes se envolvem de uma maneira mais \u00edntima e explica o que F\u00e1bio e Liliana viveram.<\/p>\n<p>Recorde-se que Liliana mostrou-se muito preocupada ap\u00f3s a noite quente com o amigo especial e afirmou: \u00abS\u00f3 pe\u00e7o que n\u00e3o mostrem as imagens\u00bb. J\u00e1 alguns concorrentes da casa mostraram-se incr\u00e9dulos e gozaram com a situa\u00e7\u00e3o.\u00a0<\/p>\n<p>J\u00e1 pode votar para salvar o seu concorrente favorito:<\/p>\n<p>ANA CRISTINA \u2013 761 20 20 02<br \/>BRUNA \u2013 761 20 20 03<br \/>DYLAN \u2013 761 20 20 07<br \/>JOANA \u2013 761 20 20 11<br \/>MARISA SUSANA \u2013 761 20 20 17<\/p>\n<p><a href=\"https:\/\/tvi.iol.pt\/secretstory\/aominuto\" rel=\"nofollow noopener\" target=\"_blank\">Acompanhe tudo ao minuto!<\/a><\/p>\n","protected":false},"excerpt":{"rendered":"Na noite passada, F\u00e1bio e Liliana viveram uma noite mais quente, ao ponto de que passou a faixa&hellip;\n","protected":false},"author":2,"featured_media":115971,"comment_status":"","ping_status":"","sticky":false,"template":"","format":"standard","meta":{"footnotes":""},"categories":[142],"tags":[114,115,19033,19016,19034,32,33,151,19032],"class_list":{"0":"post-115970","1":"post","2":"type-post","3":"status-publish","4":"format-standard","5":"has-post-thumbnail","7":"category-tv","8":"tag-entertainment","9":"tag-entretenimento","10":"tag-galas-em-video","11":"tag-liliana","12":"tag-melhores-momentos-casa-dos-segredos","13":"tag-portugal","14":"tag-pt","15":"tag-tv","16":"tag-videos-secret-story-tvi"},"share_on_mastodon":{"url":"","error":""},"_links":{"self":[{"href":"https:\/\/www.europesays.com\/pt\/wp-json\/wp\/v2\/posts\/115970","targetHints":{"allow":["GET"]}}],"collection":[{"href":"https:\/\/www.europesays.com\/pt\/wp-json\/wp\/v2\/posts"}],"about":[{"href":"https:\/\/www.europesays.com\/pt\/wp-json\/wp\/v2\/types\/post"}],"author":[{"embeddable":true,"href":"https:\/\/www.europesays.com\/pt\/wp-json\/wp\/v2\/users\/2"}],"replies":[{"embeddable":true,"href":"https:\/\/www.europesays.com\/pt\/wp-json\/wp\/v2\/comments?post=115970"}],"version-history":[{"count":0,"href":"https:\/\/www.europesays.com\/pt\/wp-json\/wp\/v2\/posts\/115970\/revisions"}],"wp:featuredmedia":[{"embeddable":true,"href":"https:\/\/www.europesays.com\/pt\/wp-json\/wp\/v2\/media\/115971"}],"wp:attachment":[{"href":"https:\/\/www.europesays.com\/pt\/wp-json\/wp\/v2\/media?parent=115970"}],"wp:term":[{"taxonomy":"category","embeddable":true,"href":"https:\/\/www.europesays.com\/pt\/wp-json\/wp\/v2\/categories?post=115970"},{"taxonomy":"post_tag","embeddable":true,"href":"https:\/\/www.europesays.com\/pt\/wp-json\/wp\/v2\/tags?post=115970"}],"curies":[{"name":"wp","href":"https:\/\/api.w.org\/{rel}","templated":true}]}}