{"id":115982,"date":"2025-10-18T14:15:35","date_gmt":"2025-10-18T14:15:35","guid":{"rendered":"https:\/\/www.europesays.com\/pt\/115982\/"},"modified":"2025-10-18T14:15:35","modified_gmt":"2025-10-18T14:15:35","slug":"gouveia-e-melo-critica-lei-de-estrangeiros-economia-pode-sofrer","status":"publish","type":"post","link":"https:\/\/www.europesays.com\/pt\/115982\/","title":{"rendered":"Gouveia e Melo Critica Lei de Estrangeiros: Economia Pode Sofrer"},"content":{"rendered":"\n<p>Gouveia e Melo alertou que \u201ca economia n\u00e3o muda de paradigma de um dia para o outro\u201d, pelo que, <strong>se a imigra\u00e7\u00e3o para trabalhos menos qualificados for fechada\u201d, o pa\u00eds fica sem \u201cgente para fazer esses trabalhos\u201d.<\/strong><\/p>\n<p><strong>\u201cPortanto, a nossa economia vai sofrer. Temos que ser inteligentes, temos que fazer esse processo gradual. No futuro, esta lei far\u00e1 todo o sentido. No presente, tem que haver um processo gradativo para a mudan\u00e7a de que \u00e9 a situa\u00e7\u00e3o que n\u00f3s desejamos no futuro, daqui a cinco ou seis anos\u201d<\/strong>.<\/p>\n<p>O candidato considera que a regula\u00e7\u00e3o da imigra\u00e7\u00e3o \u201c\u00e9 sempre importante, porque <strong>um sistema n\u00e3o regulado pode vir a trazer dissabores no futuro\u201d, mas alerta que, sem imigrantes, a economia ficaria \u201cinsustent\u00e1vel\u201d.<\/strong><\/p>\n<p>\u201cSem imigrantes, daqui a 15 anos temos, para cada pessoa ativa, quatro trabalhadores ativos. Se continu\u00e1ssemos assim, torn\u00e1vamos a nossa economia insustent\u00e1vel\u201d, vincou.<\/p>\n<p>Gouveia e Melo assinalou que a sociedade portuguesa est\u00e1 \u201cenvelhecida\u201d, sendo necess\u00e1ria \u201cgente jovem\u201d.<\/p>\n<p>\u201cPrecisamos de regular e selecionar as pessoas que interessam \u00e0 nossa economia, para que essas pessoas venham somar \u00e0 nossa comunidade. E n\u00e3o \u00e9 criar \u00f3dios. Se h\u00e1 pessoas de outras comunidades que trazem extremismos, \u00f3dios ou inseguran\u00e7a, <strong>h\u00e1 que decidir com base em dados, n\u00e3o com base em impress\u00f5es.<\/strong> Tamb\u00e9m h\u00e1, portanto, algumas linhas vermelhas que devem ser respeitadas\u201d, disse.<\/p>\n<p>Questionado sobre a pol\u00edtica do PS de Ant\u00f3nio Costa relativamente \u00e0 imigra\u00e7\u00e3o, o candidato presidencial observou que, na altura, a economia precisava muito de trabalhadores n\u00e3o qualificados\u201d.<\/p>\n<p><strong>\u201cDe alguma forma n\u00f3s abrimos as portas de forma descontrolada e agora estamos a enfrentar o problema dessa abertura\u201d, indicou.<\/strong><\/p>\n<p>Para Gouveia e Melo, \u201cdevia ter havido um maior controlo\u201d e o Servi\u00e7o de Estrangeiros e Fronteiras \u201cn\u00e3o devia ter sido desmantelado, porque isso ainda fragilizou mais esse controlo\u201d.<\/p>\n<p>O Presidente da Rep\u00fablica, Marcelo Rebelo de Sousa, promulgou na quinta-feira a Lei dos Estrangeiros, que altera o regime jur\u00eddico de entrada, perman\u00eancia, sa\u00edda e afastamento de estrangeiros do territ\u00f3rio nacional.<\/p>\n","protected":false},"excerpt":{"rendered":"Gouveia e Melo alertou que \u201ca economia n\u00e3o muda de paradigma de um dia para o outro\u201d, pelo&hellip;\n","protected":false},"author":2,"featured_media":115983,"comment_status":"","ping_status":"","sticky":false,"template":"","format":"standard","meta":{"footnotes":""},"categories":[10],"tags":[27,28,15,16,9498,14,1865,25,26,7392,21,22,12,13,19,20,32,1076,23,24,33,17,18,29,30,31],"class_list":{"0":"post-115982","1":"post","2":"type-post","3":"status-publish","4":"format-standard","5":"has-post-thumbnail","7":"category-portugal","8":"tag-breaking-news","9":"tag-breakingnews","10":"tag-featured-news","11":"tag-featurednews","12":"tag-gouveia-e-melo","13":"tag-headlines","14":"tag-imigrantes","15":"tag-latest-news","16":"tag-latestnews","17":"tag-lei-dos-estrangeiros","18":"tag-main-news","19":"tag-mainnews","20":"tag-news","21":"tag-noticias","22":"tag-noticias-principais","23":"tag-noticiasprincipais","24":"tag-portugal","25":"tag-presidenciais-2026","26":"tag-principais-noticias","27":"tag-principaisnoticias","28":"tag-pt","29":"tag-top-stories","30":"tag-topstories","31":"tag-ultimas","32":"tag-ultimas-noticias","33":"tag-ultimasnoticias"},"share_on_mastodon":{"url":"","error":""},"_links":{"self":[{"href":"https:\/\/www.europesays.com\/pt\/wp-json\/wp\/v2\/posts\/115982","targetHints":{"allow":["GET"]}}],"collection":[{"href":"https:\/\/www.europesays.com\/pt\/wp-json\/wp\/v2\/posts"}],"about":[{"href":"https:\/\/www.europesays.com\/pt\/wp-json\/wp\/v2\/types\/post"}],"author":[{"embeddable":true,"href":"https:\/\/www.europesays.com\/pt\/wp-json\/wp\/v2\/users\/2"}],"replies":[{"embeddable":true,"href":"https:\/\/www.europesays.com\/pt\/wp-json\/wp\/v2\/comments?post=115982"}],"version-history":[{"count":0,"href":"https:\/\/www.europesays.com\/pt\/wp-json\/wp\/v2\/posts\/115982\/revisions"}],"wp:featuredmedia":[{"embeddable":true,"href":"https:\/\/www.europesays.com\/pt\/wp-json\/wp\/v2\/media\/115983"}],"wp:attachment":[{"href":"https:\/\/www.europesays.com\/pt\/wp-json\/wp\/v2\/media?parent=115982"}],"wp:term":[{"taxonomy":"category","embeddable":true,"href":"https:\/\/www.europesays.com\/pt\/wp-json\/wp\/v2\/categories?post=115982"},{"taxonomy":"post_tag","embeddable":true,"href":"https:\/\/www.europesays.com\/pt\/wp-json\/wp\/v2\/tags?post=115982"}],"curies":[{"name":"wp","href":"https:\/\/api.w.org\/{rel}","templated":true}]}}