{"id":115984,"date":"2025-10-18T14:16:10","date_gmt":"2025-10-18T14:16:10","guid":{"rendered":"https:\/\/www.europesays.com\/pt\/115984\/"},"modified":"2025-10-18T14:16:10","modified_gmt":"2025-10-18T14:16:10","slug":"liga-dos-bombeiros-ameaca-com-protestos-devido-a-gravidade-da-situacao-atual","status":"publish","type":"post","link":"https:\/\/www.europesays.com\/pt\/115984\/","title":{"rendered":"Liga dos Bombeiros amea\u00e7a com protestos devido \u00e0 &#8220;gravidade da situa\u00e7\u00e3o&#8221; atual"},"content":{"rendered":"<p>&#13;<br \/>\nPela primeira vez o conselho nacional da LBP, \u00f3rg\u00e3o com compet\u00eancia para tomar decis\u00f5es deliberativas entre congressos e composto por 50 elementos das federa\u00e7\u00f5es distritais dos bombeiros, vai reunir-se na sede da Liga, em Lisboa, para &#8220;analisar a situa\u00e7\u00e3o atual no setor dos bombeiros e tomar medidas&#8221;, segundo aquela entidade.&#13;\n<\/p>\n<p>&#13;<br \/>\nO presidente da LBP, Ant\u00f3nio Nunes, disse \u00e0 Lusa que o conselho nacional vai reunir &#8220;perante a gravidade da situa\u00e7\u00e3o&#8221; e decidir se os bombeiros v\u00e3o avan\u00e7ar com protestos que podem vir a realizar-se em Lisboa ou em outras cidades.&#13;\n<\/p>\n<p>&#13;<br \/>\nAnt\u00f3nio Nunes referiu que desconhece qual a decis\u00e3o que os membros do conselho nacional v\u00e3o tomar, uma vez que existem &#8220;duas posi\u00e7\u00f5es extremas&#8221;.&#13;\n<\/p>\n<p>&#13;<br \/>\n&#8220;H\u00e1 conselheiros com mais agressividade e querem avan\u00e7ar j\u00e1 com protestos e outros mais conservadores que, reconhecendo que \u00e9 preciso fazer alguma coisa, querem dar mais algum tempo ao Governo&#8221;, disse.&#13;\n<\/p>\n<p>&#13;<br \/>\nO que est\u00e1 em causa, segundo o presidente da LBP, \u00e9 a valor contemplado no Or\u00e7amento do Estado para as associa\u00e7\u00f5es humanit\u00e1rias de bombeiros, os cortes no transporte de doentes e a cria\u00e7\u00e3o de um estatuto para os bombeiros que trabalham nas corpora\u00e7\u00f5es de volunt\u00e1rios.&#13;\n<\/p>\n<p>&#13;<br \/>\nAnt\u00f3nio Nunes considerou que \u00e9 &#8220;inferior ao que era expect\u00e1vel, face ao aumento do ordenado m\u00ednimo nacional&#8221;.&#13;\n<\/p>\n<p>&#13;<br \/>\nO valor previsto no Or\u00e7amento do Estado para o financiamento das corpora\u00e7\u00f5es de bombeiros volunt\u00e1rios \u00e9 de cerca de 37 milh\u00f5es de euros em 2026, mais 2,2 milh\u00f5es de euros do que este ano.&#13;\n<\/p>\n<p>&#13;<br \/>\nA liga defendeu o montante de 49,38 milh\u00f5es de euros como o valor m\u00ednimo a transferir no pr\u00f3ximo ano para os bombeiros volunt\u00e1rios no \u00e2mbito deste financiamento, cuja distribui\u00e7\u00e3o se baseia em crit\u00e9rios de risco e da atividade de cada corpora\u00e7\u00e3o.&#13;\n<\/p>\n<p>&#13;<br \/>\nO Or\u00e7amento do Estado para 2026 prev\u00ea um corte de 12 milh\u00f5es de euros para o transporte de doentes n\u00e3o urgentes, o que a Liga contesta uma vez que os bombeiros n\u00e3o foram consultados.&#13;\n<\/p>\n<p>&#13;<br \/>\nPara Ant\u00f3nio Nunes, o ponto mais importante \u00e9 o estatuto dos bombeiros volunt\u00e1rios com contratos de trabalho nas associa\u00e7\u00f5es humanit\u00e1rias, documento h\u00e1 muito prometido e que contempla carreira e \u00edndice remunerat\u00f3rios. &#13;\n<\/p>\n<p>&#13;<br \/>\nEsta reuni\u00e3o do conselho nacional acontece numa altura em que est\u00e3o a surgir no seio dos bombeiros volunt\u00e1rios movimentos inorg\u00e2nicos, que j\u00e1 organizaram uma concentra\u00e7\u00e3o junto parlamento e t\u00eam previstos mais protestos.&#13;\n<\/p>\n<p>&#13;<br \/>\nTamb\u00e9m hoje dirigentes da Associa\u00e7\u00e3o Nacional de Bombeiros Profissionais (ANBP) e do Sindicato Nacional de Bombeiros Profissionais (SNBP) v\u00e3o estar reunidos nos A\u00e7ores para debater o futuro dos bombeiros profissionais, nomeadamente a necessidade de uma reorganiza\u00e7\u00e3o legislativa do setor.&#13;<\/p>\n","protected":false},"excerpt":{"rendered":"&#13; Pela primeira vez o conselho nacional da LBP, \u00f3rg\u00e3o com compet\u00eancia para tomar decis\u00f5es deliberativas entre congressos&hellip;\n","protected":false},"author":2,"featured_media":115985,"comment_status":"","ping_status":"","sticky":false,"template":"","format":"standard","meta":{"footnotes":""},"categories":[8],"tags":[27,28,15,16,14,25,26,27215,21,22,12,13,19,20,32,23,24,33,17,18,29,30,31],"class_list":{"0":"post-115984","1":"post","2":"type-post","3":"status-publish","4":"format-standard","5":"has-post-thumbnail","7":"category-principais-noticias","8":"tag-breaking-news","9":"tag-breakingnews","10":"tag-featured-news","11":"tag-featurednews","12":"tag-headlines","13":"tag-latest-news","14":"tag-latestnews","15":"tag-lbp","16":"tag-main-news","17":"tag-mainnews","18":"tag-news","19":"tag-noticias","20":"tag-noticias-principais","21":"tag-noticiasprincipais","22":"tag-portugal","23":"tag-principais-noticias","24":"tag-principaisnoticias","25":"tag-pt","26":"tag-top-stories","27":"tag-topstories","28":"tag-ultimas","29":"tag-ultimas-noticias","30":"tag-ultimasnoticias"},"share_on_mastodon":{"url":"","error":""},"_links":{"self":[{"href":"https:\/\/www.europesays.com\/pt\/wp-json\/wp\/v2\/posts\/115984","targetHints":{"allow":["GET"]}}],"collection":[{"href":"https:\/\/www.europesays.com\/pt\/wp-json\/wp\/v2\/posts"}],"about":[{"href":"https:\/\/www.europesays.com\/pt\/wp-json\/wp\/v2\/types\/post"}],"author":[{"embeddable":true,"href":"https:\/\/www.europesays.com\/pt\/wp-json\/wp\/v2\/users\/2"}],"replies":[{"embeddable":true,"href":"https:\/\/www.europesays.com\/pt\/wp-json\/wp\/v2\/comments?post=115984"}],"version-history":[{"count":0,"href":"https:\/\/www.europesays.com\/pt\/wp-json\/wp\/v2\/posts\/115984\/revisions"}],"wp:featuredmedia":[{"embeddable":true,"href":"https:\/\/www.europesays.com\/pt\/wp-json\/wp\/v2\/media\/115985"}],"wp:attachment":[{"href":"https:\/\/www.europesays.com\/pt\/wp-json\/wp\/v2\/media?parent=115984"}],"wp:term":[{"taxonomy":"category","embeddable":true,"href":"https:\/\/www.europesays.com\/pt\/wp-json\/wp\/v2\/categories?post=115984"},{"taxonomy":"post_tag","embeddable":true,"href":"https:\/\/www.europesays.com\/pt\/wp-json\/wp\/v2\/tags?post=115984"}],"curies":[{"name":"wp","href":"https:\/\/api.w.org\/{rel}","templated":true}]}}