{"id":115988,"date":"2025-10-18T14:25:10","date_gmt":"2025-10-18T14:25:10","guid":{"rendered":"https:\/\/www.europesays.com\/pt\/115988\/"},"modified":"2025-10-18T14:25:10","modified_gmt":"2025-10-18T14:25:10","slug":"terra-forte-maria-de-fatima-assume-o-lugar-de-flor-que-e-dada-como-morta-novelas","status":"publish","type":"post","link":"https:\/\/www.europesays.com\/pt\/115988\/","title":{"rendered":"\u00abTerra Forte\u00bb: Maria de F\u00e1tima assume o lugar de Flor que \u00e9 dada como morta &#8211; Novelas"},"content":{"rendered":"<p>Em \u00ab Terra Forte\u00bb, dada como morta no Brasil, <strong>Flor (Benedita Pereira)<\/strong> ressurge anos depois na Ilha das Flores, A\u00e7ores, trazendo consigo um segredo que pode mudar tudo. Ela nunca perdeu a mem\u00f3ria: lembra-se de cada detalhe da noite em que a tentaram matar \u2014 exceto o mais importante, a identidade do criminoso. Mas uma suspeita corr\u00f3i-lhe o cora\u00e7\u00e3o: <strong>Maria de F\u00e1tima (Rita Pereira),<\/strong> a sua melhor amiga de inf\u00e2ncia e agora sua irm\u00e3 adotiva, que tomou a sua vida, o seu lugar e tudo o que lhe pertencia em Florian\u00f3polis.<\/p>\n<p>Determinada a recuperar o que perdeu e a fazer justi\u00e7a, Flor parte para Floripa, onde encontra um cen\u00e1rio, profundamente, transformado: Maria de F\u00e1tima, sob uma nova identidade, controla o imp\u00e9rio que um dia pertenceu \u00e0 sua fam\u00edlia. Astuta e ambiciosa, ela soube manipular cada pe\u00e7a do jogo para se tornar na mulher temida e poderosa que \u00e9 hoje.<\/p>\n<p>A hist\u00f3ria de Flor <\/p>\n<p><strong>Flor (Benedita Pereira) <\/strong>nasceu em Florian\u00f3polis, no seio de uma fam\u00edlia a\u00e7oriana ligada \u00e0 ind\u00fastria pesqueira. Tinha tudo para ter um futuro promissor, quando, numa noite fat\u00eddica, um acidente a bordo de um cruzeiro a fez desaparecer em alto-mar. Dada como morta no Brasil, Flor sobreviveu e recome\u00e7ou a sua vida nas Flores, onde casou e teve duas filhas.<\/p>\n<p>Mas, quando a m\u00e3e e o ex-noivo descobrem que est\u00e1 viva, Flor v\u00ea-se obrigada a enfrentar o passado &#8211; n\u00e3o s\u00f3 ao descobrir que o acidente que sofreu pode n\u00e3o ter sido obra do acaso, como tamb\u00e9m ao descobrir que, na sua aus\u00eancia, a sua irm\u00e3 adotiva ficou com tudo o que lhe pertencia: assumiu a lideran\u00e7a da empresa do pai e casou com o grande amor da sua vida<\/p>\n<p>A hist\u00f3ria de Maria de F\u00e1tima <\/p>\n<p><strong>Maria de F\u00e1tima (Rita Pereira)<\/strong>, filha de Adelaide, antiga empregada dos Terra Forte. De origem humilde, sempre se sentiu \u00e0 margem da fam\u00edlia, o que alimentou o seu complexo de inferioridade e a inveja que sente em rela\u00e7\u00e3o a Flor. Para contornar isso, tornou-se manipuladora e mestre na arte de mentir, conseguindo controlar Manuel e Rosa Maria a seu bel-prazer.<\/p>\n<p>Ap\u00f3s a morte de Flor (Benedita Pereira), \u00e9 adotada por eles e assume o controlo da empresa de pesca da fam\u00edlia. Mas agora que a \u201cirm\u00e3\u201d reaparece, estar\u00e1 a posi\u00e7\u00e3o que conquistou em perigo?<\/p>\n<p>\u00abTerra Forte\u00bb tem<strong>\u00a0estreia marcada para dia 20 de outubro<\/strong>, na sua TVI. Assinada por\u00a0<strong>Maria Jo\u00e3o Costa<\/strong>\u00a0e com um elenco de luxo, no qual se destacam\u00a0<strong><a href=\"https:\/\/tvi.iol.pt\/novelas\/fotos\/a-eterna-joana-de-morangos-com-acucar-veja-como-esta-agora\/67dc01b7d34ef72ee443a894\" wbo-id=\"49\" rel=\"nofollow noopener\" target=\"_blank\">Benedita Pereira<\/a><\/strong>,\u00a0<strong><a href=\"https:\/\/tvi.iol.pt\/novelas\/videos\/joao-catarre-recorda-problema-de-saude-grave-a-vida-ganha-outros-contornos\/67f3d4cc0cf28cf88767e1e7\" wbo-id=\"50\" rel=\"nofollow noopener\" target=\"_blank\">Jo\u00e3o Catarr\u00e9<\/a><\/strong>,\u00a0<strong><a href=\"https:\/\/tvi.iol.pt\/novelas\/queridos-papas\/jose-fidalgo\/jose-fidalgo-responde-a-questoes-inusitadas-tem-tudo-para-ser-a-minha-mulher-ideal\" wbo-id=\"51\" rel=\"nofollow noopener\" target=\"_blank\">Jos\u00e9 Fidalgo<\/a><\/strong>,<strong>\u00a0<a href=\"https:\/\/tvi.iol.pt\/novelas\/rita-pereira\/terra-forte\/terra-forte-vila-ou-boazinha-rita-pereira-revela-em-primeira-mao-detalhes-da-sua-personagem\" wbo-id=\"52\" rel=\"nofollow noopener\" target=\"_blank\">Rita Pereira<\/a><\/strong>,\u00a0<strong>Cust\u00f3dia Gallego, Jos\u00e9 Wallenstein, Ricardo Carri\u00e7o, Sofia Nicholson<\/strong>\u00a0entre outros nomes bem conhecidos dos telespectadores, esta novela promete deixar tudo e todos colados ao ecr\u00e3.<\/p>\n<p>\u00a0<\/p>\n","protected":false},"excerpt":{"rendered":"Em \u00ab Terra Forte\u00bb, dada como morta no Brasil, Flor (Benedita Pereira) ressurge anos depois na Ilha das&hellip;\n","protected":false},"author":2,"featured_media":115989,"comment_status":"","ping_status":"","sticky":false,"template":"","format":"standard","meta":{"footnotes":""},"categories":[142],"tags":[160,7951,166,114,115,157,167,978,164,8598,161,158,165,159,32,33,156,5871,18614,163,151,162],"class_list":{"0":"post-115988","1":"post","2":"type-post","3":"status-publish","4":"format-standard","5":"has-post-thumbnail","7":"category-tv","8":"tag-ana-guiomar","9":"tag-benedita-pereira","10":"tag-cristina-ferreira","11":"tag-entertainment","12":"tag-entretenimento","13":"tag-festa-e-festa","14":"tag-ficcao","15":"tag-flor","16":"tag-jose-fidalgo","17":"tag-maria-de-fatima","18":"tag-novelas","19":"tag-para-sempre","20":"tag-pedro-sousa","21":"tag-pedro-teixeira","22":"tag-portugal","23":"tag-pt","24":"tag-queridos-papas","25":"tag-rita-pereira","26":"tag-terra-forte","27":"tag-tiago-teotonio-pereira","28":"tag-tv","29":"tag-tvi"},"share_on_mastodon":{"url":"","error":""},"_links":{"self":[{"href":"https:\/\/www.europesays.com\/pt\/wp-json\/wp\/v2\/posts\/115988","targetHints":{"allow":["GET"]}}],"collection":[{"href":"https:\/\/www.europesays.com\/pt\/wp-json\/wp\/v2\/posts"}],"about":[{"href":"https:\/\/www.europesays.com\/pt\/wp-json\/wp\/v2\/types\/post"}],"author":[{"embeddable":true,"href":"https:\/\/www.europesays.com\/pt\/wp-json\/wp\/v2\/users\/2"}],"replies":[{"embeddable":true,"href":"https:\/\/www.europesays.com\/pt\/wp-json\/wp\/v2\/comments?post=115988"}],"version-history":[{"count":0,"href":"https:\/\/www.europesays.com\/pt\/wp-json\/wp\/v2\/posts\/115988\/revisions"}],"wp:featuredmedia":[{"embeddable":true,"href":"https:\/\/www.europesays.com\/pt\/wp-json\/wp\/v2\/media\/115989"}],"wp:attachment":[{"href":"https:\/\/www.europesays.com\/pt\/wp-json\/wp\/v2\/media?parent=115988"}],"wp:term":[{"taxonomy":"category","embeddable":true,"href":"https:\/\/www.europesays.com\/pt\/wp-json\/wp\/v2\/categories?post=115988"},{"taxonomy":"post_tag","embeddable":true,"href":"https:\/\/www.europesays.com\/pt\/wp-json\/wp\/v2\/tags?post=115988"}],"curies":[{"name":"wp","href":"https:\/\/api.w.org\/{rel}","templated":true}]}}