{"id":116051,"date":"2025-10-18T15:22:26","date_gmt":"2025-10-18T15:22:26","guid":{"rendered":"https:\/\/www.europesays.com\/pt\/116051\/"},"modified":"2025-10-18T15:22:26","modified_gmt":"2025-10-18T15:22:26","slug":"aos-35-morre-baek-se-hee-escritora-coreana-de-no-ceu-nao-tem-tteokbokki","status":"publish","type":"post","link":"https:\/\/www.europesays.com\/pt\/116051\/","title":{"rendered":"Aos 35, morre Baek Se-hee, escritora coreana de &#8220;No c\u00e9u n\u00e3o tem tteokbokki&#8221;"},"content":{"rendered":"<p class=\"my-5 break-words group-[.isActiveSource]:text-xl\">A escritora sul-coreana<strong class=\"group-[.isActiveSource]:text-xl group-[.isActiveSource]:font-bold\"> Baek Se-hee, autora do best-seller &#8220;Queria morrer, mas no c\u00e9u n\u00e3o tem tteokbokki&#8221;, morreu aos 35 anos<\/strong>, conforme anunciou a Ag\u00eancia Coreana de Doa\u00e7\u00e3o de \u00d3rg\u00e3os nesta quinta-feira (16).<\/p>\n<p class=\"my-5 break-words group-[.isActiveSource]:text-xl\">O comunicado da ag\u00eancia n\u00e3o revelou a causa da morte de Baek.<\/p>\n<p class=\"my-5 break-words group-[.isActiveSource]:text-xl\">Seu livro, uma mistura de mem\u00f3rias e autoajuda, detalha suas conversas com seu psiquiatra enquanto lidava com sentimentos conflitantes de querer morrer, mas tamb\u00e9m de apreciar pequenos prazeres da vida, como o tteokbokki, uma popular comida de rua sul-coreana e seu prato favorito.<\/p>\n<p class=\"my-5 break-words group-[.isActiveSource]:text-xl\">Com suas discuss\u00f5es francas e reflexivas sobre terapia e sa\u00fade mental, o livro tornou-se imensamente popular na Coreia do Sul quando foi publicado em 2018. Alguns anos depois, <a href=\"https:\/\/www.cnnbrasil.com.br\/entretenimento\/apos-k-pop-e-k-drama-nova-onda-de-literatura-sul-coreana-chega-ao-brasil\/\" target=\"_blank\" rel=\"noopener noreferrer nofollow\" class=\"text-red-600 underline hover:text-red-500 font-medium break-words group-[.isActiveSource]:text-xl\">ganhou popularidade no exterior<\/a>, alcan\u00e7ando a lista de best-sellers do Sunday Times no Reino Unido e recebendo uma recomenda\u00e7\u00e3o do New York Times, nos EUA.<\/p>\n<p class=\"my-5 break-words group-[.isActiveSource]:text-xl\">&#8220;Mesmo quando mudei todas as partes da minha vida que eu queria mudar \u2014 meu peso, educa\u00e7\u00e3o, parceiro e amigos \u2014 eu ainda estava deprimida&#8221;, escreveu ela. &#8220;Nem sempre me sentia assim, mas entrava e sa\u00eda de uma melancolia que era t\u00e3o inevit\u00e1vel quanto o mau tempo.&#8221;<\/p>\n<p><img decoding=\"async\" src=\"https:\/\/www.europesays.com\/pt\/wp-content\/uploads\/2025\/10\/queria-morrer-mas-no-ceu-nao-tem-tteokbokki-livro.jpg\" alt=\"&quot;Queria morrer, mas no c\u00e9u n\u00e3o tem tteokbokki&quot;, de Baek Se-hee \u2022 Divulga\u00e7\u00e3o\" width=\"849\" height=\"477\" class=\"flex size-full object-cover\" loading=\"lazy\"\/>&#8220;Queria morrer, mas no c\u00e9u n\u00e3o tem tteokbokki&#8221;, de Baek Se-hee \u2022 Divulga\u00e7\u00e3o<\/p>\n<p class=\"my-5 break-words group-[.isActiveSource]:text-xl\">Ela escreveu outro livro de mem\u00f3rias em 2019, intitulado &#8220;Queria morrer, mas no c\u00e9u (ainda) n\u00e3o tem tteokbokki&#8221;, sobre suas cont\u00ednuas lutas vivendo com distimia, <a href=\"https:\/\/www.cnnbrasil.com.br\/saude\/6-tipos-diferentes-de-depressao-sao-descobertos-em-novo-estudo\/\" target=\"_blank\" rel=\"noopener noreferrer nofollow\" class=\"text-red-600 underline hover:text-red-500 font-medium break-words group-[.isActiveSource]:text-xl\">uma depress\u00e3o cr\u00f4nica de baixa intensidade.<\/a><\/p>\n<p class=\"my-5 break-words group-[.isActiveSource]:text-xl\">Nascida em 1990, a segunda de tr\u00eas filhas, Baek estudou escrita criativa na universidade. Foi enquanto trabalhava como diretora de m\u00eddias sociais em uma editora que ela se submeteu a um tratamento para depress\u00e3o e escreveu suas mem\u00f3rias.<\/p>\n<p class=\"my-5 break-words group-[.isActiveSource]:text-xl\">Baek Da-hee, irm\u00e3 mais nova de Baek, prestou homenagem \u00e0 irm\u00e3 no comunicado divulgado pela ag\u00eancia de doa\u00e7\u00e3o de \u00f3rg\u00e3os, lembrando-a como algu\u00e9m que &#8220;escrevia, compartilhava seu cora\u00e7\u00e3o com os outros atrav\u00e9s de sua escrita e esperava nutrir sonhos de esperan\u00e7a.&#8221;<\/p>\n<p class=\"my-5 break-words group-[.isActiveSource]:text-xl\">&#8220;Conhe\u00e7o seu cora\u00e7\u00e3o bondoso, que amava tanto e n\u00e3o odiava ningu\u00e9m, ent\u00e3o espero que ela agora descanse em paz no c\u00e9u. Eu te amo muito&#8221;, acrescentou sua irm\u00e3.<\/p>\n<p class=\"my-5 break-words group-[.isActiveSource]:text-xl\">Baek doou cora\u00e7\u00e3o, pulm\u00f5es, f\u00edgado e ambos os rins quando morreu, salvando a vida de cinco pessoas, informou a ag\u00eancia de doa\u00e7\u00e3o de \u00f3rg\u00e3os.<\/p>\n","protected":false},"excerpt":{"rendered":"A escritora sul-coreana Baek Se-hee, autora do best-seller &#8220;Queria morrer, mas no c\u00e9u n\u00e3o tem tteokbokki&#8221;, morreu aos&hellip;\n","protected":false},"author":2,"featured_media":116052,"comment_status":"","ping_status":"","sticky":false,"template":"","format":"standard","meta":{"footnotes":""},"categories":[143],"tags":[169,114,115,170,32,33],"class_list":{"0":"post-116051","1":"post","2":"type-post","3":"status-publish","4":"format-standard","5":"has-post-thumbnail","7":"category-livros","8":"tag-books","9":"tag-entertainment","10":"tag-entretenimento","11":"tag-livros","12":"tag-portugal","13":"tag-pt"},"share_on_mastodon":{"url":"","error":""},"_links":{"self":[{"href":"https:\/\/www.europesays.com\/pt\/wp-json\/wp\/v2\/posts\/116051","targetHints":{"allow":["GET"]}}],"collection":[{"href":"https:\/\/www.europesays.com\/pt\/wp-json\/wp\/v2\/posts"}],"about":[{"href":"https:\/\/www.europesays.com\/pt\/wp-json\/wp\/v2\/types\/post"}],"author":[{"embeddable":true,"href":"https:\/\/www.europesays.com\/pt\/wp-json\/wp\/v2\/users\/2"}],"replies":[{"embeddable":true,"href":"https:\/\/www.europesays.com\/pt\/wp-json\/wp\/v2\/comments?post=116051"}],"version-history":[{"count":0,"href":"https:\/\/www.europesays.com\/pt\/wp-json\/wp\/v2\/posts\/116051\/revisions"}],"wp:featuredmedia":[{"embeddable":true,"href":"https:\/\/www.europesays.com\/pt\/wp-json\/wp\/v2\/media\/116052"}],"wp:attachment":[{"href":"https:\/\/www.europesays.com\/pt\/wp-json\/wp\/v2\/media?parent=116051"}],"wp:term":[{"taxonomy":"category","embeddable":true,"href":"https:\/\/www.europesays.com\/pt\/wp-json\/wp\/v2\/categories?post=116051"},{"taxonomy":"post_tag","embeddable":true,"href":"https:\/\/www.europesays.com\/pt\/wp-json\/wp\/v2\/tags?post=116051"}],"curies":[{"name":"wp","href":"https:\/\/api.w.org\/{rel}","templated":true}]}}