{"id":116059,"date":"2025-10-18T15:28:15","date_gmt":"2025-10-18T15:28:15","guid":{"rendered":"https:\/\/www.europesays.com\/pt\/116059\/"},"modified":"2025-10-18T15:28:15","modified_gmt":"2025-10-18T15:28:15","slug":"alemanha-2006-o-grande-circo-das-wags-inglesas-observador","status":"publish","type":"post","link":"https:\/\/www.europesays.com\/pt\/116059\/","title":{"rendered":"Alemanha, 2006. O grande circo das WAG&#8217;s inglesas \u2013 Observador"},"content":{"rendered":"<p>Em pouco tempo, a pacata localidade alem\u00e3 de Baden-Baden passou a ter a alcunha de Shopping-Shopping. As manchetes dos tabloides caprichavam no detalhe. Os 60 pares de \u00f3culos escuros que <strong>Victoria Beckham<\/strong> tinha levado consigo, os raides de compras na ordem das dezenas de milhares de libras, o laranja do bronzeado falso, as extens\u00f5es de cabelo (tom caramelo, claro), os micro cal\u00e7\u00f5es, os saltos alt\u00edssimos, as garrafas de Mo\u00ebt e os Vodka Red Bull, as Birkins de diferentes cores, as ressacas e as festas no hotel. Os ecos chegaram \u00e0s p\u00e1ginas de todo o mundo e o espanhol ABC chegou ao ponto de cham\u00e1-las de <strong>\u201chooligans com cart\u00e3o de cr\u00e9dito\u201d<\/strong>, esmiu\u00e7ando as frivolidades que se iam desenrolando fora de campo. Est\u00e1vamos em julho de 2006, tempo de Campeonato do Mundo, e de concentra\u00e7\u00e3o m\u00e1xima da sele\u00e7\u00e3o inglesa na prova disputada na Alemanha. S\u00f3 que n\u00e3o. Para a hist\u00f3ria passou o desaire antecipado frente a Portugal, os excessos \u00e0 margem dos relvados e, sobretudo, a consagra\u00e7\u00e3o da cultura das WAG\u2019s, o acr\u00f3nimo para Wives and Gilfriends, ou o elenco de mulheres e namoradas dos futebolistas, acusadas de ensombrar e arruinar a presta\u00e7\u00e3o inglesa (pelo menos a avaliar pelas cr\u00edticas mais mis\u00f3ginas).<\/p>\n<p><strong>\u201cEnterrei as minhas mamas falsas em Baden-Baden\u201d<\/strong> \u00e9 uma das frases com mais potencial viral do <a href=\"https:\/\/observador.pt\/2025\/10\/11\/victoria-beckham-tres-episodios-que-podiam-ter-sido-um-documentario\/\" rel=\"nofollow noopener\" target=\"_blank\">document\u00e1rio Netflix sobre a vida e carreira de Victoria Beckham<\/a> \u2013 e que nos faz recuar quase vinte anos. A ex-Posh Spice, ex-Spice Girl tornada designer de moda de sucesso, assinalava o epit\u00e1fio da sua jornada WAG, para uma metamorfose absoluta (que incluiu cortar o cabelo, retirar os implantes mam\u00e1rios e refinar todo o seu estilo). Para poder ser levada a s\u00e9rio, Victoria admite que teve que mudar o look de alto a baixo. O r\u00f3tulo definharia por volta de em 2010, quando Fabio Capello lhes chamou (\u00e0s namoradas e mulheres dos futebolistas ingleses \u2014 e n\u00e3o s\u00f3) \u201cum v\u00edrus\u201d e as baniu do mundial desse ano. Mas as mem\u00f3rias n\u00e3o morrem. Muito menos a sua influ\u00eancia na cultura popular.<\/p>\n<p>        <img src=\"https:\/\/www.europesays.com\/pt\/wp-content\/uploads\/2025\/10\/gettyimages-111636781.jpg\" alt=\"GettyImages-111636781\" loading=\"lazy\" decoding=\"async\" class=\"aligncenter\" onload=\"this.parentElement.classList.remove('spinner')\" onerror=\"this.parentElement.classList.remove('spinner')\"\/>    <\/p>\n<p class=\"image-credits\">FilmMagic<\/p>\n<p>O interesse medi\u00e1tico pelas apari\u00e7\u00f5es p\u00fablicas de nomes como Victoria, Coleen Rooney ou Sheryl Cole, companheiras de outras estrelas da equipa, n\u00e3o era novo. Gra\u00e7as a elas e \u00e0 sua imagem estridente, os jornais e revistas ter\u00e3o vendido como nunca. Fofoca atr\u00e1s de fofoca, esc\u00e2ndalo atr\u00e1s de esc\u00e2ndalo, saco de compras atr\u00e1s de saco de compras, press\u00e3o atr\u00e1s de press\u00e3o, cr\u00edtica atr\u00e1s de cr\u00edtica. <strong>O que \u00e9 que elas sabiam fazer melhor?<\/strong> <strong>Gastar dinheiro<\/strong>. Tornaram-se cabe\u00e7as de cartaz do movimento \u201cBrits abroad\u201d, simbolizando para muitos tudo o que estava errado no pa\u00eds. Elas bebiam, elas fumavam, elas at\u00e9 cantavam karaoke e dan\u00e7avam em cima de colunas. E j\u00e1 escrevemos que gastavam muito dinheiro? J\u00e1, mas escrevemos de novo.<\/p>\n<blockquote class=\"wp-embedded-content\" data-secret=\"TVyGD8HVtC\">\n<p><a href=\"https:\/\/observador.pt\/programas\/do-avesso\/victoria-beckham-nao-faz-tostas-mas-sabe-fazer-vestidos\/\" rel=\"nofollow noopener\" target=\"_blank\">Victoria Beckham n\u00e3o faz tostas, mas sabe fazer vestidos<\/a><\/p>\n<\/blockquote>\n<p>Ao longo de tr\u00eas epis\u00f3dios deste seu document\u00e1rio na plataforma de streaming, Victoria n\u00e3o poupa o acosso dos media e o tratamento que hoje seria impens\u00e1vel. Vale a pena tamb\u00e9m lembrar que o apogeu das redes sociais e o controlo da narrativa ainda estava por vir e que a hist\u00f3ria se fazia entre apari\u00e7\u00f5es in loco.\u00a0O impacto desta tribo t\u00e3o rara quanto pol\u00e9mica atingira o z\u00e9nite naquele ver\u00e3o, no mesmo s\u00edtio que outrora funcionou como est\u00e2ncia estival da rainha Victoria. O nome da dona da coroa mantinha-se mas o parque de divers\u00f5es era outro. Ah, e n\u00e3o era propriamente uma despedida de solteira mas a fase final de um campeonato do mundo.<\/p>\n<p>\u201cFoi full-on. Eles n\u00e3o descansaram, nem n\u00f3s. Os nossos dias de descanso eram quando \u00e9ramos enviados para cobrir os jogos de Inglaterra\u201d, recordou a certa altura o fotojornalista Andrew Stenning, descrevendo as rotinas di\u00e1rias a partir de junho. \u201cTomavam o pequeno almo\u00e7o, talvez fizessem uma corrida na cidade, depois as compras, depois o regresso ao hotel\u201d.\u00a0\u201cAquilo tornou-se um bocado um circo\u201d, admitiu em 2008 Rio Ferdinand. \u201cO futebol quase se tornou um elemento secund\u00e1rio no evento principal. As pessoas estavam mais interessadas no que vest\u00edamos ou onde \u00edamos do que na equipa de futebol em si\u201d. Ainda este m\u00eas o desperd\u00edcio da Gera\u00e7\u00e3o de Ouro do futebol ingl\u00eas, <a href=\"https:\/\/www.dailymail.co.uk\/sport\/football\/article-15170743\/Steven-Gerrard-England-golden-generation-losers-Tuchel-Bellingham.html\" rel=\"nofollow noopener\" target=\"_blank\">entre \u201cdiscuss\u00f5es e lutas de ego\u201d, era debatido nos jornais.<\/a><\/p>\n<p>        <img src=\"https:\/\/www.europesays.com\/pt\/wp-content\/uploads\/2025\/10\/gettyimages-989867208.jpg\" alt=\"GettyImages-989867208\" loading=\"lazy\" decoding=\"async\" class=\"\" onload=\"this.parentElement.classList.remove('spinner')\" onerror=\"this.parentElement.classList.remove('spinner')\" width=\"1152\" height=\"864\"\/>    <\/p>\n<p class=\"image-credits\">picture alliance via Getty Image<\/p>\n<p class=\"wp-caption-text\">Victoria num supermercado em Baden-Baden, numa foto amadora<\/p>\n<p>A luz verde viera do selecionador nacional ingl\u00eas. O sueco <strong>Sven Goran Eriksson<\/strong> ter\u00e1 acedido ao desejo de David Beckham e n\u00e3o s\u00f3 permitido como incentivado que as companheiras e os filhos se juntassem aos jogadores nesta campanha, para desfrutarem da <a href=\"https:\/\/www.fourfourtwo.com\/features\/england-wags-coleen-rooney-rebekah-vardy-baden-baden-world-cup-2006-inside-story\" rel=\"nofollow noopener\" target=\"_blank\">\u201cmaravilhosa atmosfera\u201d de Baden-Baden<\/a>, incluindo os seus caf\u00e9s e restaurantes. De resto, quando a Federa\u00e7\u00e3o Inglesa anunciou, em dezembro de 2005, que a comitiva nacional iria ficar instalada neste pacato destino, com a Floresta Negra em fundo, nada fazia prever o turbilh\u00e3o seis meses depois. \u201cPens\u00e1mos que seria t\u00e3o recatado quanto poss\u00edvel\u201d, acreditou o chairman Brian Barwick, j\u00e1 que o hotel e o centro de treinos ficava a relativa dist\u00e2ncia do centro da cidade. Era ali, no <strong>Brenners Park Hotel <\/strong>(onde a di\u00e1ria ascendia \u00e0s mil libras e ficava a 20 minutos do Schloss Buhlerhohe Hotel onde se hospedavam os atletas) que as senhoras ficariam alojadas, podendo encontrar-se com os parceiros ocasionalmente.<\/p>\n<p>Entre 23 selecionados, apenas Aaron Lennon, de 19 anos, viajou sozinho. Todos os restantes fizeram\u00a0acompanhar-se por algum membro pr\u00f3ximo ou da fam\u00edlia. Contas feitas, a comitiva era composta por 110 pessoas. Com o seu spa\u00a0Villa St\u00e9phanie\u00a0(<a href=\"https:\/\/www.vogue.co.uk\/beauty\/article\/villa-stephanie-baden-baden-victoria-beckham\" rel=\"nofollow noopener\" target=\"_blank\">onde at\u00e9 hoje a fam\u00edlia Beckham faz o seu check up anual<\/a>), \u00f3pera e um rio a fazer lembrar o charme de Bath, a temporada em Baden-Baden tinha tudo para correr bem. Pelo menos se os jornalistas n\u00e3o andassem por l\u00e1 tamb\u00e9m, em busca da melhor foto e do epis\u00f3dio mais suculento. Protagonistas para alimentar as rotativas n\u00e3o faltavam. Victoria era a \u201cRainha das WAGs\u201d, segundo a cunhou a New Yorker\u00a0e a reportagem fotogr\u00e1fica no arquivo mostra que em larga medida se manteve a leste das andan\u00e7as do resto do grupo \u2014 at\u00e9 porque trazia consigo os dois filhos mais velhos.<\/p>\n","protected":false},"excerpt":{"rendered":"Em pouco tempo, a pacata localidade alem\u00e3 de Baden-Baden passou a ter a alcunha de Shopping-Shopping. As manchetes&hellip;\n","protected":false},"author":2,"featured_media":116060,"comment_status":"","ping_status":"","sticky":false,"template":"","format":"standard","meta":{"footnotes":""},"categories":[85],"tags":[211,114,115,186,1079,32,33],"class_list":{"0":"post-116059","1":"post","2":"type-post","3":"status-publish","4":"format-standard","5":"has-post-thumbnail","7":"category-entretenimento","8":"tag-celebridades","9":"tag-entertainment","10":"tag-entretenimento","11":"tag-lifestyle","12":"tag-moda","13":"tag-portugal","14":"tag-pt"},"share_on_mastodon":{"url":"","error":""},"_links":{"self":[{"href":"https:\/\/www.europesays.com\/pt\/wp-json\/wp\/v2\/posts\/116059","targetHints":{"allow":["GET"]}}],"collection":[{"href":"https:\/\/www.europesays.com\/pt\/wp-json\/wp\/v2\/posts"}],"about":[{"href":"https:\/\/www.europesays.com\/pt\/wp-json\/wp\/v2\/types\/post"}],"author":[{"embeddable":true,"href":"https:\/\/www.europesays.com\/pt\/wp-json\/wp\/v2\/users\/2"}],"replies":[{"embeddable":true,"href":"https:\/\/www.europesays.com\/pt\/wp-json\/wp\/v2\/comments?post=116059"}],"version-history":[{"count":0,"href":"https:\/\/www.europesays.com\/pt\/wp-json\/wp\/v2\/posts\/116059\/revisions"}],"wp:featuredmedia":[{"embeddable":true,"href":"https:\/\/www.europesays.com\/pt\/wp-json\/wp\/v2\/media\/116060"}],"wp:attachment":[{"href":"https:\/\/www.europesays.com\/pt\/wp-json\/wp\/v2\/media?parent=116059"}],"wp:term":[{"taxonomy":"category","embeddable":true,"href":"https:\/\/www.europesays.com\/pt\/wp-json\/wp\/v2\/categories?post=116059"},{"taxonomy":"post_tag","embeddable":true,"href":"https:\/\/www.europesays.com\/pt\/wp-json\/wp\/v2\/tags?post=116059"}],"curies":[{"name":"wp","href":"https:\/\/api.w.org\/{rel}","templated":true}]}}