{"id":116081,"date":"2025-10-18T15:46:13","date_gmt":"2025-10-18T15:46:13","guid":{"rendered":"https:\/\/www.europesays.com\/pt\/116081\/"},"modified":"2025-10-18T15:46:13","modified_gmt":"2025-10-18T15:46:13","slug":"irao-anuncia-que-acordo-de-2015-para-restringir-programa-nuclear-expirou","status":"publish","type":"post","link":"https:\/\/www.europesays.com\/pt\/116081\/","title":{"rendered":"Ir\u00e3o anuncia que acordo de 2015 para restringir programa nuclear expirou"},"content":{"rendered":"<p>Este acordo, assinado em 2015 pelo Ir\u00e3o, Fran\u00e7a, Reino Unido, Alemanha, Estados Unidos, R\u00fassia e China, visava regular as atividades nucleares da Rep\u00fablica Isl\u00e2mica em troca do levantamento das san\u00e7\u00f5es da ONU, que pesavam fortemente sobre a economia iraniana.<\/p>\n<p>A sua data de expira\u00e7\u00e3o tinha sido fixada para 18 de outubro de 2025, exatamente 10 anos ap\u00f3s o texto ter sido avalizado pela ONU atrav\u00e9s da resolu\u00e7\u00e3o 2231.<\/p>\n<p>O acordo limitava o enriquecimento de ur\u00e2nio do Ir\u00e3o a 3,67% e previa a supervis\u00e3o rigorosa das atividades nucleares pela Ag\u00eancia Internacional de Energia At\u00f3mica (AIEA), o organismo de supervis\u00e3o nuclear da ONU.<\/p>\n<p>Apesar de o negar, o Ir\u00e3o \u00e9 frequentemente acusado pelo Ocidente e por Israel, seu inimigo jurado, de desenvolver secretamente armas nucleares.<\/p>\n<p>A partir de agora, &#8220;todas as disposi\u00e7\u00f5es [do acordo], incluindo as restri\u00e7\u00f5es ao programa nuclear do Ir\u00e3o e mecanismos relacionados, s\u00e3o consideradas encerradas&#8221;, escreveu o Minist\u00e9rio dos Neg\u00f3cios Estrangeiros num comunicado divulgado a prop\u00f3sito da expira\u00e7\u00e3o do pacto.<\/p>\n<p>O acordo j\u00e1 tinha sido alvo de v\u00e1rios reveses, j\u00e1 que, em 2018, durante o primeiro mandato presidencial de Donald Trump, os Estados Unidos retiraram-se do acordo e restabeleceram as suas san\u00e7\u00f5es contra o Ir\u00e3o.<\/p>\n<p>Em retalia\u00e7\u00e3o, o Ir\u00e3o retirou-se gradualmente de certos compromissos estabelecidos no acordo.<\/p>\n<p>Segundo a AIEA, o Ir\u00e3o \u00e9 o \u00fanico pa\u00eds sem armas nucleares a enriquecer ur\u00e2nio a um n\u00edvel elevado (60%), pr\u00f3ximo do limite t\u00e9cnico dos 90%, necess\u00e1rio para o fabrico de uma bomba at\u00f3mica.<\/p>\n<p>Teer\u00e3o suspendeu tamb\u00e9m toda a coopera\u00e7\u00e3o com a AIEA em julho, ap\u00f3s uma guerra de 12 dias desencadeada por Israel, que incluiu bombardeamentos \u00e0s instala\u00e7\u00f5es nucleares no Ir\u00e3o.<\/p>\n<p>Os Estados Unidos tamb\u00e9m realizaram ataques contra certas instala\u00e7\u00f5es no Ir\u00e3o durante esta guerra e, em retalia\u00e7\u00e3o, Teer\u00e3o lan\u00e7ou m\u00edsseis e drones contra Israel.<\/p>\n<p>O conflito p\u00f4s fim a uma s\u00e9rie de negocia\u00e7\u00f5es indiretas entre os Estados Unidos e o Ir\u00e3o sobre o programa nuclear iraniano, que estavam em curso desde abril.<\/p>\n<p>Por iniciativa da Fran\u00e7a, do Reino Unido e da Alemanha, a ONU restabeleceu as san\u00e7\u00f5es contra o Ir\u00e3o no final de setembro, suspensas h\u00e1 10 anos.<\/p>\n<p>A expira\u00e7\u00e3o do acordo nuclear torna as san\u00e7\u00f5es &#8220;nulas e sem efeito&#8221;, afirmou o ministro dos Neg\u00f3cios Estrangeiros iraniano, Abbas Araghchi, numa carta enviada hoje \u00e0 ONU.<\/p>\n<p>Apesar de o Ir\u00e3o ter assinado, em setembro, no Cairo, um acordo com a AIEA para definir a retoma da sua coopera\u00e7\u00e3o, os tr\u00eas pa\u00edses europeus criticaram a falta de coopera\u00e7\u00e3o de Teer\u00e3o com a ag\u00eancia nuclear das Na\u00e7\u00f5es Unidas com a AIEA e apelaram ao retomar das negocia\u00e7\u00f5es com os Estados Unidos.<\/p>\n<p>&#8220;Os esfor\u00e7os do Ir\u00e3o para retomar as discuss\u00f5es [com a AIEA] que levaram ao acordo do Cairo foram tamb\u00e9m sabotados pelas a\u00e7\u00f5es irrespons\u00e1veis dos tr\u00eas pa\u00edses europeus&#8221;, acrescentou o Minist\u00e9rio dos Neg\u00f3cios Estrangeiros iraniano.<\/p>\n<p>Ainda assim, acrescentou, &#8220;o Ir\u00e3o expressa firmemente o seu compromisso com a diplomacia&#8221;.<\/p>\n<p>O programa nuclear iraniano h\u00e1 muito que envenena as rela\u00e7\u00f5es do Ir\u00e3o com os pa\u00edses ocidentais.<\/p>\n<p>O Ir\u00e3o nega pretender criar uma bomba at\u00f3mica, mas insiste no seu direito \u00e0 energia nuclear para fins civis, particularmente para gerar eletricidade.<\/p>\n<p>Leia Tamb\u00e9m: <a href=\"https:\/\/www.noticiasaominuto.com\/mundo\/2872017\/irao-sauda-cessar-fogo-entre-paquistao-e-afeganistao\" target=\"_blank\" rel=\"noreferrer noopener nofollow\">Ir\u00e3o sa\u00fada cessar-fogo entre Paquist\u00e3o e Afeganist\u00e3o<\/a><\/p>\n","protected":false},"excerpt":{"rendered":"Este acordo, assinado em 2015 pelo Ir\u00e3o, Fran\u00e7a, Reino Unido, Alemanha, Estados Unidos, R\u00fassia e China, visava regular&hellip;\n","protected":false},"author":2,"featured_media":116082,"comment_status":"","ping_status":"","sticky":false,"template":"","format":"standard","meta":{"footnotes":""},"categories":[50],"tags":[27,28,15,16,14,25,26,21,22,62,12,13,19,20,23,24,17,18,29,30,31,63,64,65],"class_list":{"0":"post-116081","1":"post","2":"type-post","3":"status-publish","4":"format-standard","5":"has-post-thumbnail","7":"category-mundo","8":"tag-breaking-news","9":"tag-breakingnews","10":"tag-featured-news","11":"tag-featurednews","12":"tag-headlines","13":"tag-latest-news","14":"tag-latestnews","15":"tag-main-news","16":"tag-mainnews","17":"tag-mundo","18":"tag-news","19":"tag-noticias","20":"tag-noticias-principais","21":"tag-noticiasprincipais","22":"tag-principais-noticias","23":"tag-principaisnoticias","24":"tag-top-stories","25":"tag-topstories","26":"tag-ultimas","27":"tag-ultimas-noticias","28":"tag-ultimasnoticias","29":"tag-world","30":"tag-world-news","31":"tag-worldnews"},"share_on_mastodon":{"url":"","error":""},"_links":{"self":[{"href":"https:\/\/www.europesays.com\/pt\/wp-json\/wp\/v2\/posts\/116081","targetHints":{"allow":["GET"]}}],"collection":[{"href":"https:\/\/www.europesays.com\/pt\/wp-json\/wp\/v2\/posts"}],"about":[{"href":"https:\/\/www.europesays.com\/pt\/wp-json\/wp\/v2\/types\/post"}],"author":[{"embeddable":true,"href":"https:\/\/www.europesays.com\/pt\/wp-json\/wp\/v2\/users\/2"}],"replies":[{"embeddable":true,"href":"https:\/\/www.europesays.com\/pt\/wp-json\/wp\/v2\/comments?post=116081"}],"version-history":[{"count":0,"href":"https:\/\/www.europesays.com\/pt\/wp-json\/wp\/v2\/posts\/116081\/revisions"}],"wp:featuredmedia":[{"embeddable":true,"href":"https:\/\/www.europesays.com\/pt\/wp-json\/wp\/v2\/media\/116082"}],"wp:attachment":[{"href":"https:\/\/www.europesays.com\/pt\/wp-json\/wp\/v2\/media?parent=116081"}],"wp:term":[{"taxonomy":"category","embeddable":true,"href":"https:\/\/www.europesays.com\/pt\/wp-json\/wp\/v2\/categories?post=116081"},{"taxonomy":"post_tag","embeddable":true,"href":"https:\/\/www.europesays.com\/pt\/wp-json\/wp\/v2\/tags?post=116081"}],"curies":[{"name":"wp","href":"https:\/\/api.w.org\/{rel}","templated":true}]}}