{"id":116096,"date":"2025-10-18T16:00:30","date_gmt":"2025-10-18T16:00:30","guid":{"rendered":"https:\/\/www.europesays.com\/pt\/116096\/"},"modified":"2025-10-18T16:00:30","modified_gmt":"2025-10-18T16:00:30","slug":"tunel-putin-trump-enviado-do-kremlin-propoe-ligar-russia-aos-eua","status":"publish","type":"post","link":"https:\/\/www.europesays.com\/pt\/116096\/","title":{"rendered":"T\u00fanel &#8220;Putin-Trump&#8221;: enviado do Kremlin prop\u00f5e ligar R\u00fassia aos EUA"},"content":{"rendered":"<p class=\"category\"><a href=\"https:\/\/sicnoticias.pt\/especiais\/guerra-russia-ucrania\" rel=\"nofollow noopener\" target=\"_blank\">Guerra R\u00fassia-Ucr\u00e2nia<\/a><\/p>\n<p class=\"g-article-lead lead\" data-field=\"lead\">O t\u00fanel ferrovi\u00e1rio ser\u00e1 constru\u00eddo sob o Estreito de Bering para ligar os dois pa\u00edses.A proposta prev\u00ea um projeto de constru\u00e7\u00e3o 8 mil milh\u00f5es de d\u00f3lares, cerca de 7 mil milh\u00f5es de euros&#8230; ser\u00e1 financiado por moscovo e por parceiros internacionais. O objetivo \u00e9 estar pronto em oito anos.<\/p>\n<p><img decoding=\"async\" src=\"https:\/\/www.europesays.com\/pt\/wp-content\/uploads\/2025\/10\/1760803229_262_original.webp\" alt=\"T\u00fanel &quot;Putin-Trump&quot;: enviado do Kremlin prop\u00f5e ligar R\u00fassia aos EUA\"\/><\/p>\n<p>Kevin Lamarque<\/p>\n<p><strong>Criar um T\u00fanel ferrovi\u00e1rio, constru\u00eddo sob o Estreito de Bering e denominado de \u201cPutin-Trump\u201d, que ligasse os Estados Unidos \u00e0 R\u00fassia e permitisse a explora\u00e7\u00e3o conjunta de recursos naturais para \u201csimbolizar a unidade\u201d.<\/strong><\/p>\n<p>A ideia partiu do enviado econ\u00f3mico do Kremlin, Kirill Dmitriev, e o objetivo era estar pronto em menos de oito anos. O projeto prev\u00ea a constru\u00e7\u00e3o de oito mil milh\u00f5es de d\u00f3lares, o que equivale a cerca de 7 mil milh\u00f5es de euros, que ser\u00e1 financiado por Moscovo e por \u201cparceiros internacionais\u201d.<\/p>\n<p>Nas redes sociais, Kirill Dmitriev publicou um v\u00eddeo da confer\u00eancia de imprensa entre Donald Trump e Zelensky onde se ouve o presidente norte-americano a questionar sobre se a proposta era positiva. <strong>\u201cN\u00e3o estou satisfeito com esta ideia\u201d, respondeu o presidente ucraniano. <\/strong><\/p>\n<p>A proposta surge depois de Trump e Putin <a href=\"https:\/\/sicnoticias.pt\/especiais\/guerra-russia-ucrania\/2025-10-16-video-trump-anuncia-encontro-com-putin-em-budapeste-apos-telefonema-muito-produtivo-0817e18b\" rel=\"nofollow noopener\" target=\"_blank\">terem falado ao telefone<\/a>na quarta-feira e onde foi acordado um encontro entre os dois chefes de Estado em Budapeste ainda em data a determinar. <\/p>\n","protected":false},"excerpt":{"rendered":"Guerra R\u00fassia-Ucr\u00e2nia O t\u00fanel ferrovi\u00e1rio ser\u00e1 constru\u00eddo sob o Estreito de Bering para ligar os dois pa\u00edses.A proposta&hellip;\n","protected":false},"author":2,"featured_media":113867,"comment_status":"","ping_status":"","sticky":false,"template":"","format":"standard","meta":{"footnotes":""},"categories":[50],"tags":[27,28,15,16,14,25,26,21,22,62,12,13,19,20,23,24,17,18,29,30,31,63,64,65],"class_list":{"0":"post-116096","1":"post","2":"type-post","3":"status-publish","4":"format-standard","5":"has-post-thumbnail","7":"category-mundo","8":"tag-breaking-news","9":"tag-breakingnews","10":"tag-featured-news","11":"tag-featurednews","12":"tag-headlines","13":"tag-latest-news","14":"tag-latestnews","15":"tag-main-news","16":"tag-mainnews","17":"tag-mundo","18":"tag-news","19":"tag-noticias","20":"tag-noticias-principais","21":"tag-noticiasprincipais","22":"tag-principais-noticias","23":"tag-principaisnoticias","24":"tag-top-stories","25":"tag-topstories","26":"tag-ultimas","27":"tag-ultimas-noticias","28":"tag-ultimasnoticias","29":"tag-world","30":"tag-world-news","31":"tag-worldnews"},"share_on_mastodon":{"url":"","error":""},"_links":{"self":[{"href":"https:\/\/www.europesays.com\/pt\/wp-json\/wp\/v2\/posts\/116096","targetHints":{"allow":["GET"]}}],"collection":[{"href":"https:\/\/www.europesays.com\/pt\/wp-json\/wp\/v2\/posts"}],"about":[{"href":"https:\/\/www.europesays.com\/pt\/wp-json\/wp\/v2\/types\/post"}],"author":[{"embeddable":true,"href":"https:\/\/www.europesays.com\/pt\/wp-json\/wp\/v2\/users\/2"}],"replies":[{"embeddable":true,"href":"https:\/\/www.europesays.com\/pt\/wp-json\/wp\/v2\/comments?post=116096"}],"version-history":[{"count":0,"href":"https:\/\/www.europesays.com\/pt\/wp-json\/wp\/v2\/posts\/116096\/revisions"}],"wp:featuredmedia":[{"embeddable":true,"href":"https:\/\/www.europesays.com\/pt\/wp-json\/wp\/v2\/media\/113867"}],"wp:attachment":[{"href":"https:\/\/www.europesays.com\/pt\/wp-json\/wp\/v2\/media?parent=116096"}],"wp:term":[{"taxonomy":"category","embeddable":true,"href":"https:\/\/www.europesays.com\/pt\/wp-json\/wp\/v2\/categories?post=116096"},{"taxonomy":"post_tag","embeddable":true,"href":"https:\/\/www.europesays.com\/pt\/wp-json\/wp\/v2\/tags?post=116096"}],"curies":[{"name":"wp","href":"https:\/\/api.w.org\/{rel}","templated":true}]}}