{"id":116101,"date":"2025-10-18T16:03:10","date_gmt":"2025-10-18T16:03:10","guid":{"rendered":"https:\/\/www.europesays.com\/pt\/116101\/"},"modified":"2025-10-18T16:03:10","modified_gmt":"2025-10-18T16:03:10","slug":"diogo-nogueira-celebra-paolla-oliveira-por-atuacao-em-vale-tudo","status":"publish","type":"post","link":"https:\/\/www.europesays.com\/pt\/116101\/","title":{"rendered":"Diogo Nogueira celebra Paolla Oliveira por atua\u00e7\u00e3o em &#8216;Vale Tudo&#8217;"},"content":{"rendered":"<p>Na sexta-feira (17\/10), o cantor Diogo Nogueira, de 44 anos, prestou uma homenagem em suas redes sociais \u00e0 sua namorada, a atriz Paolla Oliveira, de 43 anos, no dia em que foi exibido o \u00faltimo cap\u00edtulo da novela &#8220;Vale Tudo&#8221;.<\/p>\n<p>&#8220;Garotinha do meu cora\u00e7\u00e3o! Quanta dedica\u00e7\u00e3o pra dar vida a sua Heleninha, t\u00e3o cheia de camadas. Voc\u00ea \u00e9 f**a, nada passa batido para quem sabe viver, abra\u00e7ou tudo isso com uma intensidade \u2014 ali\u00e1s, como absolutamente tudo que voc\u00ea faz na vida&#8221;, escreveu na legenda.<\/p>\n<p>&#8220;\u00c9 lindo demais te ver viver com tanta verdade, com respeito, paix\u00e3o e o cora\u00e7\u00e3o sempre em primeiro lugar. E n\u00e3o fui s\u00f3 eu, o Brasil todo se envolveu e se apaixonou com voc\u00ea. Imensa Paolla. Que vc brilhe ainda mais em todos os seus trabalhos&#8221;, terminou a homenagem.<\/p>\n<p>Nos coment\u00e1rios, a namorada do cantor agradeceu o carinho, dizendo que gravar &#8220;Vale Tudo&#8221; foi &#8220;intenso, mas bom&#8221;. Ainda, disse estar grata pela companhia do marido na jornada de grava\u00e7\u00f5es.<\/p>\n<blockquote class=\"instagram-media\" style=\"background: #FFF; border: 0; border-radius: 3px; box-shadow: 0 0 1px 0 rgba(0,0,0,0.5),0 1px 10px 0 rgba(0,0,0,0.15); margin: 1px; max-width: 540px; min-width: 326px; padding: 0; width: calc(100% - 2px);\" data-instgrm-captioned=\"\" data-instgrm-permalink=\"https:\/\/www.instagram.com\/reel\/DP6rjU6kZlr\/?utm_source=ig_embed&amp;utm_campaign=loading\" data-instgrm-version=\"14\"><p>&#13;<br \/>\n&#13;\n<\/p><\/blockquote>\n<p>            <script async src=\"\/\/www.instagram.com\/embed.js\"><\/script><\/p>\n","protected":false},"excerpt":{"rendered":"Na sexta-feira (17\/10), o cantor Diogo Nogueira, de 44 anos, prestou uma homenagem em suas redes sociais \u00e0&hellip;\n","protected":false},"author":2,"featured_media":116102,"comment_status":"","ping_status":"","sticky":false,"template":"","format":"standard","meta":{"footnotes":""},"categories":[145],"tags":[211,210,3426,114,115,2927,32,33],"class_list":{"0":"post-116101","1":"post","2":"type-post","3":"status-publish","4":"format-standard","5":"has-post-thumbnail","7":"category-celebridades","8":"tag-celebridades","9":"tag-celebrities","10":"tag-diogo-nogueira","11":"tag-entertainment","12":"tag-entretenimento","13":"tag-paolla-oliveira","14":"tag-portugal","15":"tag-pt"},"share_on_mastodon":{"url":"","error":""},"_links":{"self":[{"href":"https:\/\/www.europesays.com\/pt\/wp-json\/wp\/v2\/posts\/116101","targetHints":{"allow":["GET"]}}],"collection":[{"href":"https:\/\/www.europesays.com\/pt\/wp-json\/wp\/v2\/posts"}],"about":[{"href":"https:\/\/www.europesays.com\/pt\/wp-json\/wp\/v2\/types\/post"}],"author":[{"embeddable":true,"href":"https:\/\/www.europesays.com\/pt\/wp-json\/wp\/v2\/users\/2"}],"replies":[{"embeddable":true,"href":"https:\/\/www.europesays.com\/pt\/wp-json\/wp\/v2\/comments?post=116101"}],"version-history":[{"count":0,"href":"https:\/\/www.europesays.com\/pt\/wp-json\/wp\/v2\/posts\/116101\/revisions"}],"wp:featuredmedia":[{"embeddable":true,"href":"https:\/\/www.europesays.com\/pt\/wp-json\/wp\/v2\/media\/116102"}],"wp:attachment":[{"href":"https:\/\/www.europesays.com\/pt\/wp-json\/wp\/v2\/media?parent=116101"}],"wp:term":[{"taxonomy":"category","embeddable":true,"href":"https:\/\/www.europesays.com\/pt\/wp-json\/wp\/v2\/categories?post=116101"},{"taxonomy":"post_tag","embeddable":true,"href":"https:\/\/www.europesays.com\/pt\/wp-json\/wp\/v2\/tags?post=116101"}],"curies":[{"name":"wp","href":"https:\/\/api.w.org\/{rel}","templated":true}]}}