{"id":116112,"date":"2025-10-18T16:14:07","date_gmt":"2025-10-18T16:14:07","guid":{"rendered":"https:\/\/www.europesays.com\/pt\/116112\/"},"modified":"2025-10-18T16:14:07","modified_gmt":"2025-10-18T16:14:07","slug":"novo-aeroporto-um-gigante-rodeado-de-parentes-pobres-novo-jornal","status":"publish","type":"post","link":"https:\/\/www.europesays.com\/pt\/116112\/","title":{"rendered":"Novo Aeroporto: Um gigante rodeado de parentes pobres &#8211; Novo Jornal"},"content":{"rendered":"<ol>\n<li><a href=\"https:\/\/news.google.com\/rss\/articles\/CBMirAFBVV95cUxOeTh4R2JnM1pRb1NGbWhFaHZKblh6RENFdExSYkt2ay1fQmZ0S0s2Ui01ZGV5bnJ1T1YwV1BucUNyeW9BUlhVVjZqMVpUZ0lUVDMySXFGaTlodXFsY3ZOQU5WY0w4dTR5M05UWWprX0xBYk44dzZzcjlBOURaYmN4c3dFYlFLYWtnM3o3Yi0wN204bG5yZ3FMTkdUREE2QWpwemtLV0VLM1VjZ0dk?oc=5\" target=\"_blank\" rel=\"nofollow noopener\">Novo Aeroporto: Um gigante rodeado de parentes pobres<\/a>&nbsp;&nbsp;Novo Jornal<\/li>\n<li><a href=\"https:\/\/news.google.com\/rss\/articles\/CBMi7AFBVV95cUxPMl91MU9XV2NhQ2FNUHRsNGo1M0RLMTN0VTd6VTV3YmxuVVFYTnhHNE1Sa2hFamlhazktV0g0VHp1RVMzZEVxa09vcmc3bXZsNlMxRHVnaFAtNDY1Zk1PalZsaW10SG0wN0ROb25BdHhBZGNsX2FJeEJac1dkY2h2b2VuMVpLMXpCajBGVHVaaDh3TVVfM2VWOXdteGhDZG9CNnI3aEJEZUtiNTZWWFl5dzZtMVB5RmxyZFMzQUtyU1JNaW5zeWlla0lneHRtZkFrQVgxbmxBbTIxbmRKdkVtbVRlTFBSOGVsNHotcA?oc=5\" target=\"_blank\" rel=\"nofollow noopener\">Taag define data de transfer\u00eancia dos voos internacionais para o novo aeroporto de Luanda<\/a>&nbsp;&nbsp;Panrotas<\/li>\n<li><a href=\"https:\/\/news.google.com\/rss\/articles\/CBMiyAFBVV95cUxPVW5DckhyQjNmcG8zQ0FXZzdsN3NVY3hvbDVPOW9fRU1YUF9HbWxQelZIU3FjcUVRS3d0YTlxb0hjamNQaVA2Q3lsTmpJbU92RU1FSjNJb1RFQ2RHeDNidmNtbTNELUIyamdMYkpsOTQ5QVhhTGtXcUlMSlp4RGpJXzJXMzlKNEJwb1djem04M0FUN183aGlCMENtUFdxSUtLSlJaalZJM3ZNWWI5eXhCZDhuVG5NandsNzZVMmZURTlrZzlJVVdvMA?oc=5\" target=\"_blank\" rel=\"nofollow noopener\">Transfer\u00eancia de voos para novo aeroporto de Luanda \u00e9 irrevers\u00edvel, diz Ministro dos Transportes<\/a>&nbsp;&nbsp;Observador<\/li>\n<li><a href=\"https:\/\/news.google.com\/rss\/articles\/CBMiyAJBVV95cUxPdmV0X2pYUHpmSTZoY2ZEMTcxcGFkVjJwenBFLW1wa25EUTdPQW93TWV1MzNSd3VYbXR3SVg0dDRleTJXZXRWM1Q0c1JXMU1WM1F3eVRqVTBmak1qTG1EdGlyZktlNUNLckVGY1JwZzV5bC1nRzh5djg4R1EyUklESW9tN1RsdEpkYXd6MFFiUE5iVGRFODNBckNpYml0SWdpcm1YRWR1eXh6TXJuTjJSRTBuZkROU3JDdmVQQ1JuckY4UDhOSFFTV0hBdFNWYVpFbmphNEJzR3VwVWlHVkk3S2VZQXZvTERVQTM1ZFJrUGgwalFNNWJlR080NVp0VjBFcW5PX1BXWlhkR0RVVFVuNlZqdC1oVmkxS2UwWlQwaWJiWVYzWjZMaXlQUGVXYmVJaW1WdkFlSXR4S0ZEUzR2bzVaTF9PTFdY?oc=5\" target=\"_blank\" rel=\"nofollow noopener\">A TAAG Angola Airlines muda-se para o Aeroporto Internacional Dr. Ant\u00f3nio Agostinho Neto, impulsionando o seu crescimento tur\u00edstico com conectividade internacional<\/a>&nbsp;&nbsp;travelandtourworld.com.br<\/li>\n<li><a href=\"https:\/\/news.google.com\/rss\/articles\/CBMinwFBVV95cUxOQXE4R3V6aHBpTktHaGlZdkFFd0FILUl4eTdIWlBpMG5oNmpoOUJocmhVd2YwOWo1cTFKcGlIcUg1VWtFeDBOM3lwSVNFdjdhVnJqN3QyZUpUMEpuNDhYZTlPaFM5OVJiTUhudUg4ZVljUU9RRGNEck9vblk4bzdTLU0zWTBmZlEzVnBLOWEwdEQ4MEdaN1RCcXBDd3UzOHfSAZ8BQVVfeXFMTkFxOEd1emhwaU5LR2hpWXZBRXdBSC1JeHk3SFpQaTBuaDZqaDlCaHJoVXdmMDlqNXExSnBpSHFINVVrRXgwTjN5cElTRXY3YVZyajd0MmVKVDBKbjQ4WGU5T2hTOTlSYk1IbnVIOGVZY1FPUURjRHJPb25ZOG83Uy1NM1kwZmZRM1ZwSzlhMHREODBHWjdUQnFwQ3d1Mzh3?oc=5\" target=\"_blank\" rel=\"nofollow noopener\">TAAG anuncia transfer\u00eancia total dos seus voos para o novo aeroporto de Luanda<\/a>&nbsp;&nbsp;AEROIN<\/li>\n<\/ol>\n","protected":false},"excerpt":{"rendered":"Novo Aeroporto: Um gigante rodeado de parentes pobres&nbsp;&nbsp;Novo Jornal Taag define data de transfer\u00eancia dos voos internacionais para&hellip;\n","protected":false},"author":2,"featured_media":116113,"comment_status":"","ping_status":"","sticky":false,"template":"","format":"standard","meta":{"footnotes":""},"categories":[50],"tags":[2992,2713,836,1063,1753,3003,2995,27,28,470,1195,315,135,3005,476,2993,2258,1169,15,16,2085,524,3002,3000,643,14,2998,2086,1856,82,2513,1428,25,26,2996,2994,2997,21,22,606,3001,62,150,619,12,718,2990,13,19,20,2991,2989,835,602,52,32,23,24,2999,548,679,58,2387,218,605,17,18,151,29,30,31,578,63,64,65,3004],"class_list":{"0":"post-116112","1":"post","2":"type-post","3":"status-publish","4":"format-standard","5":"has-post-thumbnail","7":"category-mundo","8":"tag-actualidade","9":"tag-africa","10":"tag-analise","11":"tag-angola","12":"tag-artes","13":"tag-assinatura","14":"tag-benguela","15":"tag-breaking-news","16":"tag-breakingnews","17":"tag-cinema","18":"tag-concerto","19":"tag-cultura","20":"tag-desporto","21":"tag-download","22":"tag-economia","23":"tag-editorial","24":"tag-eleicoes","25":"tag-facebook","26":"tag-featured-news","27":"tag-featurednews","28":"tag-fotografia","29":"tag-futebol","30":"tag-galeria","31":"tag-girabola","32":"tag-google","33":"tag-headlines","34":"tag-huambo","35":"tag-imagem","36":"tag-informacao","37":"tag-internacional","38":"tag-jornal","39":"tag-jornalismo","40":"tag-latest-news","41":"tag-latestnews","42":"tag-lobito","43":"tag-luanda","44":"tag-lubango","45":"tag-main-news","46":"tag-mainnews","47":"tag-meteorologia","48":"tag-multimedia","49":"tag-mundo","50":"tag-musica","51":"tag-nacional","52":"tag-news","53":"tag-newsletter","54":"tag-nj","55":"tag-noticias","56":"tag-noticias-principais","57":"tag-noticiasprincipais","58":"tag-nova-vaga","59":"tag-novo-jornal","60":"tag-opiniao","61":"tag-pais","62":"tag-politica","63":"tag-portugal","64":"tag-principais-noticias","65":"tag-principaisnoticias","66":"tag-provincias","67":"tag-redes-sociais","68":"tag-reportagem","69":"tag-sociedade","70":"tag-teatro","71":"tag-televisao","72":"tag-tempo","73":"tag-top-stories","74":"tag-topstories","75":"tag-tv","76":"tag-ultimas","77":"tag-ultimas-noticias","78":"tag-ultimasnoticias","79":"tag-video","80":"tag-world","81":"tag-world-news","82":"tag-worldnews","83":"tag-youtube"},"share_on_mastodon":{"url":"","error":""},"_links":{"self":[{"href":"https:\/\/www.europesays.com\/pt\/wp-json\/wp\/v2\/posts\/116112","targetHints":{"allow":["GET"]}}],"collection":[{"href":"https:\/\/www.europesays.com\/pt\/wp-json\/wp\/v2\/posts"}],"about":[{"href":"https:\/\/www.europesays.com\/pt\/wp-json\/wp\/v2\/types\/post"}],"author":[{"embeddable":true,"href":"https:\/\/www.europesays.com\/pt\/wp-json\/wp\/v2\/users\/2"}],"replies":[{"embeddable":true,"href":"https:\/\/www.europesays.com\/pt\/wp-json\/wp\/v2\/comments?post=116112"}],"version-history":[{"count":0,"href":"https:\/\/www.europesays.com\/pt\/wp-json\/wp\/v2\/posts\/116112\/revisions"}],"wp:featuredmedia":[{"embeddable":true,"href":"https:\/\/www.europesays.com\/pt\/wp-json\/wp\/v2\/media\/116113"}],"wp:attachment":[{"href":"https:\/\/www.europesays.com\/pt\/wp-json\/wp\/v2\/media?parent=116112"}],"wp:term":[{"taxonomy":"category","embeddable":true,"href":"https:\/\/www.europesays.com\/pt\/wp-json\/wp\/v2\/categories?post=116112"},{"taxonomy":"post_tag","embeddable":true,"href":"https:\/\/www.europesays.com\/pt\/wp-json\/wp\/v2\/tags?post=116112"}],"curies":[{"name":"wp","href":"https:\/\/api.w.org\/{rel}","templated":true}]}}