{"id":116130,"date":"2025-10-18T16:34:07","date_gmt":"2025-10-18T16:34:07","guid":{"rendered":"https:\/\/www.europesays.com\/pt\/116130\/"},"modified":"2025-10-18T16:34:07","modified_gmt":"2025-10-18T16:34:07","slug":"rabo-de-peixe-retorna-a-netflix-com-novos-episodios","status":"publish","type":"post","link":"https:\/\/www.europesays.com\/pt\/116130\/","title":{"rendered":"&#8216;Rabo de Peixe&#8217; Retorna \u00e0 Netflix com Novos Epis\u00f3dios"},"content":{"rendered":"<p>A s\u00e9rie portuguesa Rabo de Peixe estreou ontem, 17 de outubro, uma nova temporada na Netflix, com seis epis\u00f3dios. A s\u00e9rie estreou na plataforma de streaming em maio de 2023, com sete epis\u00f3dios, e <strong>chegou ao <\/strong><strong>top<\/strong><strong> 10 das s\u00e9ries mais vistas, com o nome internacional de <\/strong><strong>Turn of The Tid<\/strong><strong>e.<\/strong><\/p>\n<p>Ser\u00e1 a segunda temporada e est\u00e1 tamb\u00e9m confirmada uma terceira. <strong>A hist\u00f3ria passa-se na vila piscat\u00f3ria Rabo de Peixe, em S\u00e3o Miguel, nos A\u00e7ores, e \u00e9 &#8220;muito livremente inspirada em eventos reais<\/strong>&#8220;, diz a Netflix.<\/p>\n<p>Em 2001, um veleiro naufragou na costa da ilha perto de Rabo de Peixe, com cerca de 500 quilos de coca\u00edna a bordo. Na s\u00e9rie, <strong>o jovem pescador Eduardo e os seus amigos, S\u00edlvia, Rafael e Carlinhos, descobrem-na e decidem vend\u00ea-la.<\/strong> <\/p>\n","protected":false},"excerpt":{"rendered":"A s\u00e9rie portuguesa Rabo de Peixe estreou ontem, 17 de outubro, uma nova temporada na Netflix, com seis&hellip;\n","protected":false},"author":2,"featured_media":116131,"comment_status":"","ping_status":"","sticky":false,"template":"","format":"standard","meta":{"footnotes":""},"categories":[142],"tags":[114,115,716,32,33,941,940,151],"class_list":{"0":"post-116130","1":"post","2":"type-post","3":"status-publish","4":"format-standard","5":"has-post-thumbnail","7":"category-tv","8":"tag-entertainment","9":"tag-entretenimento","10":"tag-netflix","11":"tag-portugal","12":"tag-pt","13":"tag-series","14":"tag-streaming","15":"tag-tv"},"share_on_mastodon":{"url":"","error":""},"_links":{"self":[{"href":"https:\/\/www.europesays.com\/pt\/wp-json\/wp\/v2\/posts\/116130","targetHints":{"allow":["GET"]}}],"collection":[{"href":"https:\/\/www.europesays.com\/pt\/wp-json\/wp\/v2\/posts"}],"about":[{"href":"https:\/\/www.europesays.com\/pt\/wp-json\/wp\/v2\/types\/post"}],"author":[{"embeddable":true,"href":"https:\/\/www.europesays.com\/pt\/wp-json\/wp\/v2\/users\/2"}],"replies":[{"embeddable":true,"href":"https:\/\/www.europesays.com\/pt\/wp-json\/wp\/v2\/comments?post=116130"}],"version-history":[{"count":0,"href":"https:\/\/www.europesays.com\/pt\/wp-json\/wp\/v2\/posts\/116130\/revisions"}],"wp:featuredmedia":[{"embeddable":true,"href":"https:\/\/www.europesays.com\/pt\/wp-json\/wp\/v2\/media\/116131"}],"wp:attachment":[{"href":"https:\/\/www.europesays.com\/pt\/wp-json\/wp\/v2\/media?parent=116130"}],"wp:term":[{"taxonomy":"category","embeddable":true,"href":"https:\/\/www.europesays.com\/pt\/wp-json\/wp\/v2\/categories?post=116130"},{"taxonomy":"post_tag","embeddable":true,"href":"https:\/\/www.europesays.com\/pt\/wp-json\/wp\/v2\/tags?post=116130"}],"curies":[{"name":"wp","href":"https:\/\/api.w.org\/{rel}","templated":true}]}}