{"id":116150,"date":"2025-10-18T17:02:33","date_gmt":"2025-10-18T17:02:33","guid":{"rendered":"https:\/\/www.europesays.com\/pt\/116150\/"},"modified":"2025-10-18T17:02:33","modified_gmt":"2025-10-18T17:02:33","slug":"venda-de-trotinetes-estao-a-aumentar-em-portugal-mas-ha-um-problema","status":"publish","type":"post","link":"https:\/\/www.europesays.com\/pt\/116150\/","title":{"rendered":"Venda de trotinetes est\u00e3o a aumentar em Portugal! Mas h\u00e1 um problema&#8230;"},"content":{"rendered":"<p>A venda de trotinetes el\u00e9tricas est\u00e1 a aumentar em Portugal. No entanto, h\u00e1 um &#8220;problema&#8221;. Saiba o que est\u00e1 a preocupar as autoridades.<\/p>\n<p><a target=\"_blank\" href=\"https:\/\/pplware.sapo.pt\/wp-content\/uploads\/2021\/04\/trotinete_passatempo_.jpg\" onclick=\"refreshIframe()\" class=\"foobox\" rel=\"nofollow noopener\"><img fetchpriority=\"high\" decoding=\"async\" src=\"https:\/\/www.europesays.com\/pt\/wp-content\/uploads\/2025\/10\/trotinete_passatempo_-720x405.jpg\" alt=\"\" width=\"720\" height=\"405\" class=\"aligncenter size-medium wp-image-763199\"  \/><\/a><\/p>\n<p>Trotinetes: apenas ve\u00edculos com velocidade m\u00e1xima de 25 km\/h s\u00e3o permitidos em espa\u00e7os p\u00fablicos<\/p>\n<p>A venda de trotinetes el\u00e9tricas com caracter\u00edsticas que as tornam ilegais para circula\u00e7\u00e3o em vias p\u00fablicas tem vindo a aumentar em Portugal, apesar da legisla\u00e7\u00e3o vigente. <strong>O C\u00f3digo da Estrada portugu\u00eas estabelece que apenas ve\u00edculos com pot\u00eancia at\u00e9 0,25 kW e velocidade m\u00e1xima de 25 km\/h s\u00e3o permitidos em espa\u00e7os p\u00fablicos<\/strong>. No entanto, h\u00e1 um crescimento na procura por modelos que excedem esses limites, colocando muitos utilizadores numa situa\u00e7\u00e3o de ilegalidade sem estarem devidamente informados.<\/p>\n<p>Segundo a Autoridade Nacional de Seguran\u00e7a Rodovi\u00e1ria (ANSR), ve\u00edculos com pot\u00eancia superior a 250W s\u00f3 podem ser usados em espa\u00e7os privados e podem ser apreendidos se forem detetados a circular na via p\u00fablica.<\/p>\n<p>Al\u00e9m disso, o aumento da sinistralidade com trotinetas el\u00e9tricas tem sido uma preocupa\u00e7\u00e3o crescente. Em 2024, foram registados 1.369 acidentes com estes ve\u00edculos, resultando em 58 feridos graves e tr\u00eas mortes. Os distritos do Porto, Lisboa, Set\u00fabal e Faro destacam-se como os mais afetados.<\/p>\n<p><a target=\"_blank\" href=\"https:\/\/pplware.sapo.pt\/wp-content\/uploads\/2022\/03\/trotinete_1.jpg\" onclick=\"refreshIframe()\" class=\"foobox\" rel=\"nofollow noopener\"><img loading=\"lazy\" decoding=\"async\" src=\"https:\/\/www.europesays.com\/pt\/wp-content\/uploads\/2025\/10\/trotinete_1-720x405.jpg\" alt=\"\" width=\"720\" height=\"405\" class=\"aligncenter size-medium wp-image-834586\"  \/><\/a><\/p>\n<p>Apesar de haver incentivos financeiros para a aquisi\u00e7\u00e3o de ve\u00edculos el\u00e9tricos, como o Fundo Ambiental 2025, que oferece at\u00e9 500\u20ac para a compra de trotinetas el\u00e9tricas, esses apoios destinam-se apenas a modelos que cumpram os limites legais estabelecidos. Portanto, a aquisi\u00e7\u00e3o de modelos mais potentes n\u00e3o \u00e9 eleg\u00edvel para esses incentivos.<\/p>\n<p>Em resumo, embora a procura por trotinetes el\u00e9tricas mais potentes esteja a crescer, \u00e9 fundamental que os consumidores estejam cientes das limita\u00e7\u00f5es legais e dos riscos associados ao uso desses ve\u00edculos em vias p\u00fablicas.<\/p>\n","protected":false},"excerpt":{"rendered":"A venda de trotinetes el\u00e9tricas est\u00e1 a aumentar em Portugal. No entanto, h\u00e1 um &#8220;problema&#8221;. Saiba o que&hellip;\n","protected":false},"author":2,"featured_media":116151,"comment_status":"","ping_status":"","sticky":false,"template":"","format":"standard","meta":{"footnotes":""},"categories":[10],"tags":[27,28,15,16,14,25,26,21,22,12,13,19,20,32,23,24,33,17,18,27230,29,30,31],"class_list":{"0":"post-116150","1":"post","2":"type-post","3":"status-publish","4":"format-standard","5":"has-post-thumbnail","7":"category-portugal","8":"tag-breaking-news","9":"tag-breakingnews","10":"tag-featured-news","11":"tag-featurednews","12":"tag-headlines","13":"tag-latest-news","14":"tag-latestnews","15":"tag-main-news","16":"tag-mainnews","17":"tag-news","18":"tag-noticias","19":"tag-noticias-principais","20":"tag-noticiasprincipais","21":"tag-portugal","22":"tag-principais-noticias","23":"tag-principaisnoticias","24":"tag-pt","25":"tag-top-stories","26":"tag-topstories","27":"tag-trotinetes","28":"tag-ultimas","29":"tag-ultimas-noticias","30":"tag-ultimasnoticias"},"share_on_mastodon":{"url":"","error":""},"_links":{"self":[{"href":"https:\/\/www.europesays.com\/pt\/wp-json\/wp\/v2\/posts\/116150","targetHints":{"allow":["GET"]}}],"collection":[{"href":"https:\/\/www.europesays.com\/pt\/wp-json\/wp\/v2\/posts"}],"about":[{"href":"https:\/\/www.europesays.com\/pt\/wp-json\/wp\/v2\/types\/post"}],"author":[{"embeddable":true,"href":"https:\/\/www.europesays.com\/pt\/wp-json\/wp\/v2\/users\/2"}],"replies":[{"embeddable":true,"href":"https:\/\/www.europesays.com\/pt\/wp-json\/wp\/v2\/comments?post=116150"}],"version-history":[{"count":0,"href":"https:\/\/www.europesays.com\/pt\/wp-json\/wp\/v2\/posts\/116150\/revisions"}],"wp:featuredmedia":[{"embeddable":true,"href":"https:\/\/www.europesays.com\/pt\/wp-json\/wp\/v2\/media\/116151"}],"wp:attachment":[{"href":"https:\/\/www.europesays.com\/pt\/wp-json\/wp\/v2\/media?parent=116150"}],"wp:term":[{"taxonomy":"category","embeddable":true,"href":"https:\/\/www.europesays.com\/pt\/wp-json\/wp\/v2\/categories?post=116150"},{"taxonomy":"post_tag","embeddable":true,"href":"https:\/\/www.europesays.com\/pt\/wp-json\/wp\/v2\/tags?post=116150"}],"curies":[{"name":"wp","href":"https:\/\/api.w.org\/{rel}","templated":true}]}}