{"id":116210,"date":"2025-10-18T18:14:08","date_gmt":"2025-10-18T18:14:08","guid":{"rendered":"https:\/\/www.europesays.com\/pt\/116210\/"},"modified":"2025-10-18T18:14:08","modified_gmt":"2025-10-18T18:14:08","slug":"ex-fc-porto-vincent-aboubakar-vai-voltar-ao-ativo-e-o-destino-e-surpreendente","status":"publish","type":"post","link":"https:\/\/www.europesays.com\/pt\/116210\/","title":{"rendered":"Ex-FC Porto Vincent Aboubakar vai voltar ao ativo e o destino \u00e9 surpreendente"},"content":{"rendered":"<p>&#8211; Advertisement &#8211;<\/p>\n<p>Vincent Aboubakar prepara-se para voltar ao ativo. Segundo o jornalista Yagiz Sabuncuoglu, o antigo avan\u00e7ado do FC Porto vai ser jogador do Neft\u00e7i Baku, clube com o qual chegou a acordo de uma temporada com op\u00e7\u00e3o de um ano adicional. <\/p>\n<p>A mesma fonte refere que <a href=\"https:\/\/bolanarede.pt\/etiqueta\/aboubakar\/\" target=\"_blank\" rel=\"noreferrer noopener nofollow\">Vincent Aboubakar<\/a> estar\u00e1 este s\u00e1bado em Baku (Azerbaij\u00e3o) para completar a mudan\u00e7a. Isto \u00e9, realizar os exames m\u00e9dicos e assinar o contrato, sendo depois oficializado pelo respetivo clube.<\/p>\n<p>Vincent Aboubakar est\u00e1 sem clube desde a experi\u00eancia no Hatayspor, da Turquia.<\/p>\n<blockquote class=\"twitter-tweet\" data-width=\"550\" data-dnt=\"true\">\n<p lang=\"tr\" dir=\"ltr\">\ud83d\udea8 Vincent Aboubakar, Neft\u00e7i Bak\u00fc ile 1+1 y\u0131ll\u0131k anla\u015fmaya vard\u0131. Kamerunlu golc\u00fc sa\u011fl\u0131k kontrol\u00fc ve resmi imza i\u00e7in bug\u00fcn Bak\u00fc&#8217;de olacak.<\/p>\n<p>\u2014 Ya\u011f\u0131z Sabuncuo\u011flu (@yagosabuncuoglu) <a href=\"https:\/\/twitter.com\/yagosabuncuoglu\/status\/1979463681260868060?ref_src=twsrc%5Etfw\" rel=\"nofollow noopener\" target=\"_blank\">October 18, 2025<\/a><\/p><\/blockquote>\n<p><script async src=\"https:\/\/platform.twitter.com\/widgets.js\" charset=\"utf-8\"><\/script><\/p>\n","protected":false},"excerpt":{"rendered":"&#8211; Advertisement &#8211; Vincent Aboubakar prepara-se para voltar ao ativo. Segundo o jornalista Yagiz Sabuncuoglu, o antigo avan\u00e7ado&hellip;\n","protected":false},"author":2,"featured_media":116211,"comment_status":"","ping_status":"","sticky":false,"template":"","format":"standard","meta":{"footnotes":""},"categories":[87],"tags":[260,135,282,27235,32,33,134,27236],"class_list":{"0":"post-116210","1":"post","2":"type-post","3":"status-publish","4":"format-standard","5":"has-post-thumbnail","7":"category-desporto","8":"tag-atualidade","9":"tag-desporto","10":"tag-fc-porto","11":"tag-neftci-baku","12":"tag-portugal","13":"tag-pt","14":"tag-sports","15":"tag-vincent-aboubakar"},"share_on_mastodon":{"url":"","error":""},"_links":{"self":[{"href":"https:\/\/www.europesays.com\/pt\/wp-json\/wp\/v2\/posts\/116210","targetHints":{"allow":["GET"]}}],"collection":[{"href":"https:\/\/www.europesays.com\/pt\/wp-json\/wp\/v2\/posts"}],"about":[{"href":"https:\/\/www.europesays.com\/pt\/wp-json\/wp\/v2\/types\/post"}],"author":[{"embeddable":true,"href":"https:\/\/www.europesays.com\/pt\/wp-json\/wp\/v2\/users\/2"}],"replies":[{"embeddable":true,"href":"https:\/\/www.europesays.com\/pt\/wp-json\/wp\/v2\/comments?post=116210"}],"version-history":[{"count":0,"href":"https:\/\/www.europesays.com\/pt\/wp-json\/wp\/v2\/posts\/116210\/revisions"}],"wp:featuredmedia":[{"embeddable":true,"href":"https:\/\/www.europesays.com\/pt\/wp-json\/wp\/v2\/media\/116211"}],"wp:attachment":[{"href":"https:\/\/www.europesays.com\/pt\/wp-json\/wp\/v2\/media?parent=116210"}],"wp:term":[{"taxonomy":"category","embeddable":true,"href":"https:\/\/www.europesays.com\/pt\/wp-json\/wp\/v2\/categories?post=116210"},{"taxonomy":"post_tag","embeddable":true,"href":"https:\/\/www.europesays.com\/pt\/wp-json\/wp\/v2\/tags?post=116210"}],"curies":[{"name":"wp","href":"https:\/\/api.w.org\/{rel}","templated":true}]}}