{"id":116212,"date":"2025-10-18T18:15:15","date_gmt":"2025-10-18T18:15:15","guid":{"rendered":"https:\/\/www.europesays.com\/pt\/116212\/"},"modified":"2025-10-18T18:15:15","modified_gmt":"2025-10-18T18:15:15","slug":"nao-ter-tempo-para-nada-e-tao-perigoso-para-a-demencia-como-a-ma-alimentacao-e-a-falta-de-exercicio-fisico","status":"publish","type":"post","link":"https:\/\/www.europesays.com\/pt\/116212\/","title":{"rendered":"N\u00e3o ter tempo para nada \u00e9 t\u00e3o perigoso para a dem\u00eancia como a m\u00e1 alimenta\u00e7\u00e3o e a falta de exerc\u00edcio f\u00edsico"},"content":{"rendered":"<p class=\"wp-caption-text top\"><a href=\"https:\/\/depositphotos.com\/photo\/walking-commuters-at-rush-hour-116656222.html\" rel=\"nofollow noopener noreferrer\" data-wpel-link=\"exclude\" target=\"_blank\">Madrabothair\/DepositPhotos<\/a><\/p>\n<p><img decoding=\"async\" loading=\"lazy\" class=\"wp-image-706517 size-kopa-image-size-3\" src=\"https:\/\/www.europesays.com\/pt\/wp-content\/uploads\/2025\/10\/4afa2264599195b2b2e523787cbf93a0-783x450.jpg\" alt=\"\" width=\"700\" height=\"402\"  \/><\/p>\n<p><strong>Cientistas identificam a \u201cpobreza de tempo\u201d como um fator de risco muito relevante para doen\u00e7as como o Alzheimer.<\/strong><\/p>\n<p>Um novo estudo sugere que a falta de tempo, ou <strong>\u201cpobreza de tempo\u201d<\/strong>, pode ser um fator de risco para a dem\u00eancia t\u00e3o relevante quanto a dieta e o exerc\u00edcio f\u00edsico.<\/p>\n<p>A investiga\u00e7\u00e3o, <a href=\"https:\/\/www.thelancet.com\/journals\/lanhl\/article\/PIIS2666-7568(25)00087-X\/fulltext\" data-wpel-link=\"external\" target=\"_blank\" rel=\"nofollow external noopener noreferrer\" class=\"ext-link\">publicada<\/a> na The Lancet Healthy Longevity, analisou dados de estudos de epidemiologia, neurologia e uso do tempo. Os resultados indicam que os indiv\u00edduos estudados que n\u00e3o conseguem dedicar tempo suficiente ao autocuidado t\u00eam maior probabilidade de desenvolver dem\u00eancia em compara\u00e7\u00e3o com aqueles que disp\u00f5em de tempo para cuidar da sua sa\u00fade.<\/p>\n<p>As evid\u00eancias sugerem que s\u00e3o necess\u00e1rias <strong>pelo menos 10 horas por dia para atividades essenciais \u00e0 sa\u00fade cerebral<\/strong>, incluindo sono, refei\u00e7\u00f5es, atividade f\u00edsica e intera\u00e7\u00e3o social, de acordo com a coautora do estudo,<strong> Simone Reppermund,<\/strong> citada em <a href=\"https:\/\/www.unsw.edu.au\/news\/2025\/10\/why-time-could-be-as-critical-as-diet-and-exercise-for-brain-health\" data-wpel-link=\"external\" target=\"_blank\" rel=\"nofollow external noopener noreferrer\" class=\"ext-link\">comunicado<\/a> da Universidade de New South Wales.<\/p>\n<p>O estudo baseia-se em fatores de risco identificados anteriormente pela Lancet Commission em 2024, que inclu\u00edam vari\u00e1veis como <strong>menor n\u00edvel de escolaridade na inf\u00e2ncia, hipertens\u00e3o, diabetes, colesterol elevado, sedentarismo e intera\u00e7\u00e3o social limitada<\/strong>. Os investigadores sublinham que um fio condutor que liga muitos destes riscos \u00e9 precisamente o <strong>tempo<\/strong>.<\/p>\n<p>Comportamentos saud\u00e1veis exigem recursos temporais: tempo para preparar refei\u00e7\u00f5es nutritivas, para exercitar o corpo e para manter rela\u00e7\u00f5es sociais. Sem tempo suficiente, a efic\u00e1cia das recomenda\u00e7\u00f5es tradicionais de sa\u00fade p\u00fablica pode ser limitada.<\/p>\n<p>Os investigadores alertam que interven\u00e7\u00f5es focadas apenas no comportamento individual podem n\u00e3o ajudar quem enfrenta maiores limita\u00e7\u00f5es de tempo. A <strong>sobrecarga digital<\/strong> foi tamb\u00e9m identificada como um contributo moderno para a pobreza de tempo.<\/p>\n<p>Para enfrentar estes desafios, o grupo defende reformas nas pol\u00edticas laborais e de sa\u00fade, promovendo a <strong>\u201cjusti\u00e7a temporal\u201d<\/strong>, que implica medir e redistribuir o tempo de forma mais equitativa. Medidas poss\u00edveis incluem <strong>investimentos em transportes p\u00fablicos para reduzir os tempos de desloca\u00e7\u00e3o, hor\u00e1rios de trabalho mais flex\u00edveis, pol\u00edticas de direito a desligar e servi\u00e7os de acolhimento infantil acess\u00edveis.<\/strong><\/p>\n<p>    <a href=\"https:\/\/zap.aeiou.pt\/subscrever-newsletter\" data-wpel-link=\"internal\" rel=\"nofollow noopener\" target=\"_blank\">&#13;<br \/>\n        <img loading=\"lazy\" decoding=\"async\" class=\"aligncenter size-full wp-image-575475\" src=\"https:\/\/www.europesays.com\/pt\/wp-content\/uploads\/2025\/10\/1759862234_971_2d51fe4a0ba54894421ead1809309ed9-1-450x140.jpg\" alt=\"Subscreva a Newsletter ZAP\" width=\"450\" height=\"140\"\/>&#13;<br \/>\n    <\/a><\/p>\n<p>                <a href=\"https:\/\/whatsapp.com\/channel\/0029VaIC4EE2f3EJZPPSbR34\" data-wpel-link=\"external\" target=\"_blank\" rel=\"nofollow external noopener noreferrer\" class=\"ext-link\">&#13;<br \/>\n                    <img loading=\"lazy\" decoding=\"async\" class=\"aligncenter size-full wp-image-575475\" src=\"https:\/\/www.europesays.com\/pt\/wp-content\/uploads\/2025\/10\/1759862234_512_c68c559d956d4ca20f435ed74a6e71e6.png\" alt=\"Siga-nos no WhatsApp\" width=\"175\" height=\"64\"\/>&#13;<br \/>\n                <\/a><\/p>\n<p>                <a href=\"https:\/\/news.google.com\/publications\/CAAiEHRwZondIV71PDjWNoqMduEqFAgKIhB0cGaJ3SFe9Tw41jaKjHbh?hl=en-US&amp;gl=US&amp;ceid=US%3Aen\" data-wpel-link=\"external\" target=\"_blank\" rel=\"nofollow external noopener noreferrer\" class=\"ext-link\">&#13;<br \/>\n                    <img loading=\"lazy\" decoding=\"async\" class=\"aligncenter size-full wp-image-575475\" src=\"https:\/\/www.europesays.com\/pt\/wp-content\/uploads\/2025\/10\/1759862235_242_5123dd8b087b644fdb8f8603acd1bad4.png\" alt=\"Siga-nos no Google News\" width=\"176\" height=\"64\"\/>&#13;<br \/>\n                <\/a><\/p>\n","protected":false},"excerpt":{"rendered":"Madrabothair\/DepositPhotos Cientistas identificam a \u201cpobreza de tempo\u201d como um fator de risco muito relevante para doen\u00e7as como o&hellip;\n","protected":false},"author":2,"featured_media":116213,"comment_status":"","ping_status":"","sticky":false,"template":"","format":"standard","meta":{"footnotes":""},"categories":[86],"tags":[314,3302,2041,16213,116,4589,7654,1492,32,33,117,1030,849],"class_list":{"0":"post-116212","1":"post","2":"type-post","3":"status-publish","4":"format-standard","5":"has-post-thumbnail","7":"category-saude","8":"tag-alzheimer","9":"tag-burnout","10":"tag-demencia","11":"tag-direitos-do-trabalho","12":"tag-health","13":"tag-longevidade","14":"tag-neurologia","15":"tag-parkinson","16":"tag-portugal","17":"tag-pt","18":"tag-saude","19":"tag-saude-mental","20":"tag-trabalho"},"share_on_mastodon":{"url":"","error":""},"_links":{"self":[{"href":"https:\/\/www.europesays.com\/pt\/wp-json\/wp\/v2\/posts\/116212","targetHints":{"allow":["GET"]}}],"collection":[{"href":"https:\/\/www.europesays.com\/pt\/wp-json\/wp\/v2\/posts"}],"about":[{"href":"https:\/\/www.europesays.com\/pt\/wp-json\/wp\/v2\/types\/post"}],"author":[{"embeddable":true,"href":"https:\/\/www.europesays.com\/pt\/wp-json\/wp\/v2\/users\/2"}],"replies":[{"embeddable":true,"href":"https:\/\/www.europesays.com\/pt\/wp-json\/wp\/v2\/comments?post=116212"}],"version-history":[{"count":0,"href":"https:\/\/www.europesays.com\/pt\/wp-json\/wp\/v2\/posts\/116212\/revisions"}],"wp:featuredmedia":[{"embeddable":true,"href":"https:\/\/www.europesays.com\/pt\/wp-json\/wp\/v2\/media\/116213"}],"wp:attachment":[{"href":"https:\/\/www.europesays.com\/pt\/wp-json\/wp\/v2\/media?parent=116212"}],"wp:term":[{"taxonomy":"category","embeddable":true,"href":"https:\/\/www.europesays.com\/pt\/wp-json\/wp\/v2\/categories?post=116212"},{"taxonomy":"post_tag","embeddable":true,"href":"https:\/\/www.europesays.com\/pt\/wp-json\/wp\/v2\/tags?post=116212"}],"curies":[{"name":"wp","href":"https:\/\/api.w.org\/{rel}","templated":true}]}}