{"id":116214,"date":"2025-10-18T18:16:38","date_gmt":"2025-10-18T18:16:38","guid":{"rendered":"https:\/\/www.europesays.com\/pt\/116214\/"},"modified":"2025-10-18T18:16:38","modified_gmt":"2025-10-18T18:16:38","slug":"em-portugal-deitamos-fora-energia-limpa-produzida","status":"publish","type":"post","link":"https:\/\/www.europesays.com\/pt\/116214\/","title":{"rendered":"Em Portugal, deitamos fora energia limpa produzida"},"content":{"rendered":"<p>Em 2019, a t\u00eaxtil Riopele, com sede em Famalic\u00e3o, iniciou um ciclo de investimentos em descarboniza\u00e7\u00e3o e sustentabilidade que deve ficar conclu\u00eddo brevemente, com a inaugura\u00e7\u00e3o de mais um parque com 5200 pain\u00e9is fotovoltaicos. O diretor-geral da empresa, Jos\u00e9 Teixeira, garante que, se hoje o pre\u00e7o da energia duplicar, o impacto sobre a Riopele n\u00e3o ultrapassar\u00e1 os 40%. No entanto, toda esta capacidade de produ\u00e7\u00e3o de energia limpa \u00e9 desperdi\u00e7ada aos fins de semana, porque a empresa est\u00e1 impedida, por lei, de injetar a produ\u00e7\u00e3o na rede pela instala\u00e7\u00e3o dos equipamentos ter sido financiada pelo Plano de Recupera\u00e7\u00e3o e Resili\u00eancia (PRR). \u00c9 &#8220;um disparate&#8221;, sentencia o diretor-geral da t\u00eaxtil.<\/p>\n<p data-remotead-prev-elm=\"true\" data-remotead-elm-id=\"inread\"><img decoding=\"async\" class=\"ngx-body\" guid=\"45ea19c0-dea3-4b20-82c8-28c75a4d5bc5\" src=\"https:\/\/www.europesays.com\/pt\/wp-content\/uploads\/2025\/10\/1760811398_886_image.jpg\" width=\"100%\"\/><br \/>Diretor-geral critica que as empresas sejam impedidas de vender excedente<br \/>Foto: Artur Machado<\/p>\n<p>Acesso exclusivo a assinantes<\/p>\n<p>Acesso ilimitado a conte\u00fados exclusivos<\/p>\n<p>Navega\u00e7\u00e3o sem publicidade intrusiva<\/p>\n<p>Vers\u00e3o digital do jornal, suplementos e revistas<\/p>\n","protected":false},"excerpt":{"rendered":"Em 2019, a t\u00eaxtil Riopele, com sede em Famalic\u00e3o, iniciou um ciclo de investimentos em descarboniza\u00e7\u00e3o e sustentabilidade&hellip;\n","protected":false},"author":2,"featured_media":116215,"comment_status":"","ping_status":"","sticky":false,"template":"","format":"standard","meta":{"footnotes":""},"categories":[85],"tags":[114,115,5879,619,32,33,27237,27238],"class_list":{"0":"post-116214","1":"post","2":"type-post","3":"status-publish","4":"format-standard","5":"has-post-thumbnail","7":"category-entretenimento","8":"tag-entertainment","9":"tag-entretenimento","10":"tag-famalicao","11":"tag-nacional","12":"tag-portugal","13":"tag-pt","14":"tag-riopele","15":"tag-unidades-para-autoconsumo"},"share_on_mastodon":{"url":"","error":""},"_links":{"self":[{"href":"https:\/\/www.europesays.com\/pt\/wp-json\/wp\/v2\/posts\/116214","targetHints":{"allow":["GET"]}}],"collection":[{"href":"https:\/\/www.europesays.com\/pt\/wp-json\/wp\/v2\/posts"}],"about":[{"href":"https:\/\/www.europesays.com\/pt\/wp-json\/wp\/v2\/types\/post"}],"author":[{"embeddable":true,"href":"https:\/\/www.europesays.com\/pt\/wp-json\/wp\/v2\/users\/2"}],"replies":[{"embeddable":true,"href":"https:\/\/www.europesays.com\/pt\/wp-json\/wp\/v2\/comments?post=116214"}],"version-history":[{"count":0,"href":"https:\/\/www.europesays.com\/pt\/wp-json\/wp\/v2\/posts\/116214\/revisions"}],"wp:featuredmedia":[{"embeddable":true,"href":"https:\/\/www.europesays.com\/pt\/wp-json\/wp\/v2\/media\/116215"}],"wp:attachment":[{"href":"https:\/\/www.europesays.com\/pt\/wp-json\/wp\/v2\/media?parent=116214"}],"wp:term":[{"taxonomy":"category","embeddable":true,"href":"https:\/\/www.europesays.com\/pt\/wp-json\/wp\/v2\/categories?post=116214"},{"taxonomy":"post_tag","embeddable":true,"href":"https:\/\/www.europesays.com\/pt\/wp-json\/wp\/v2\/tags?post=116214"}],"curies":[{"name":"wp","href":"https:\/\/api.w.org\/{rel}","templated":true}]}}