{"id":116218,"date":"2025-10-18T18:19:30","date_gmt":"2025-10-18T18:19:30","guid":{"rendered":"https:\/\/www.europesays.com\/pt\/116218\/"},"modified":"2025-10-18T18:19:30","modified_gmt":"2025-10-18T18:19:30","slug":"condutor-sentiu-se-mal-e-acabou-por-morrer-na-avenida-sa-carneiro","status":"publish","type":"post","link":"https:\/\/www.europesays.com\/pt\/116218\/","title":{"rendered":"Condutor sentiu-se mal e acabou por morrer na Avenida S\u00e1 Carneiro"},"content":{"rendered":"\n<p class=\"p_0\">Um homem, de 60 anos, sentiu-se mal, ontem \u00e0 noite, no interior da sua viatura, na Avenida S\u00e1 Carneiro, e acabou por n\u00e3o resistir.<\/p>\n<p class=\"p_1\">Um casal, que ia a passar, deu-se conta do estado da v\u00edtima e acionou as equipas de socorro, por volta das 21h50.<\/p>\n<p class=\"p_2\">Os Bombeiros Sapadores do Funchal foram chamados ao local, em frente \u00e0s Vespas, juntamente com a EMIR e a PSP.<\/p>\n<p class=\"p_3\">O homem, que se encontrava em paragem cardiorrespirat\u00f3ria foi imobilizado na via, mas, ap\u00f3s diversas manobras de reanima\u00e7\u00e3o, acabou por falecer, tendo o \u00f3bito sido declarado no local.<\/p>\n","protected":false},"excerpt":{"rendered":"Um homem, de 60 anos, sentiu-se mal, ontem \u00e0 noite, no interior da sua viatura, na Avenida S\u00e1&hellip;\n","protected":false},"author":2,"featured_media":116219,"comment_status":"","ping_status":"","sticky":false,"template":"","format":"standard","meta":{"footnotes":""},"categories":[50],"tags":[27,28,15,16,14,25,26,4000,21,22,62,12,13,19,20,23,24,17,18,29,30,31,63,64,65],"class_list":{"0":"post-116218","1":"post","2":"type-post","3":"status-publish","4":"format-standard","5":"has-post-thumbnail","7":"category-mundo","8":"tag-breaking-news","9":"tag-breakingnews","10":"tag-featured-news","11":"tag-featurednews","12":"tag-headlines","13":"tag-latest-news","14":"tag-latestnews","15":"tag-ligia-neves","16":"tag-main-news","17":"tag-mainnews","18":"tag-mundo","19":"tag-news","20":"tag-noticias","21":"tag-noticias-principais","22":"tag-noticiasprincipais","23":"tag-principais-noticias","24":"tag-principaisnoticias","25":"tag-top-stories","26":"tag-topstories","27":"tag-ultimas","28":"tag-ultimas-noticias","29":"tag-ultimasnoticias","30":"tag-world","31":"tag-world-news","32":"tag-worldnews"},"share_on_mastodon":{"url":"","error":""},"_links":{"self":[{"href":"https:\/\/www.europesays.com\/pt\/wp-json\/wp\/v2\/posts\/116218","targetHints":{"allow":["GET"]}}],"collection":[{"href":"https:\/\/www.europesays.com\/pt\/wp-json\/wp\/v2\/posts"}],"about":[{"href":"https:\/\/www.europesays.com\/pt\/wp-json\/wp\/v2\/types\/post"}],"author":[{"embeddable":true,"href":"https:\/\/www.europesays.com\/pt\/wp-json\/wp\/v2\/users\/2"}],"replies":[{"embeddable":true,"href":"https:\/\/www.europesays.com\/pt\/wp-json\/wp\/v2\/comments?post=116218"}],"version-history":[{"count":0,"href":"https:\/\/www.europesays.com\/pt\/wp-json\/wp\/v2\/posts\/116218\/revisions"}],"wp:featuredmedia":[{"embeddable":true,"href":"https:\/\/www.europesays.com\/pt\/wp-json\/wp\/v2\/media\/116219"}],"wp:attachment":[{"href":"https:\/\/www.europesays.com\/pt\/wp-json\/wp\/v2\/media?parent=116218"}],"wp:term":[{"taxonomy":"category","embeddable":true,"href":"https:\/\/www.europesays.com\/pt\/wp-json\/wp\/v2\/categories?post=116218"},{"taxonomy":"post_tag","embeddable":true,"href":"https:\/\/www.europesays.com\/pt\/wp-json\/wp\/v2\/tags?post=116218"}],"curies":[{"name":"wp","href":"https:\/\/api.w.org\/{rel}","templated":true}]}}