{"id":116220,"date":"2025-10-18T18:20:23","date_gmt":"2025-10-18T18:20:23","guid":{"rendered":"https:\/\/www.europesays.com\/pt\/116220\/"},"modified":"2025-10-18T18:20:23","modified_gmt":"2025-10-18T18:20:23","slug":"anne-applebaum-nao-esperem-ate-serem-desafiados-para-se-comecarem-a-defender","status":"publish","type":"post","link":"https:\/\/www.europesays.com\/pt\/116220\/","title":{"rendered":"Anne Applebaum: \u201cN\u00e3o esperem at\u00e9 serem desafiados para se come\u00e7arem a defender\u201d"},"content":{"rendered":"<p class=\"texto\">As mudan\u00e7as no posicionamento pol\u00edtico e estrat\u00e9gico dos Estados Unidos da Am\u00e9rica (EUA) e a ascens\u00e3o do mundo autocr\u00e1tico s\u00e3o fatores evidentes de uma nova era que tem tido um profundo impacto na Europa. Num jantar que juntou, em Lisboa, empres\u00e1rios portugueses e personalidades do sector pol\u00edtico e econ\u00f3mico nacional, Anne Applebaum, autora galardoada com o pr\u00e9mio Pulitzer, afirmou que a conjuntura atual re\u00fane todas as condi\u00e7\u00f5es para a Europa \u201crecuperar a sua soberania\u201d, tanto na defesa, em rela\u00e7\u00e3o aos EUA, como na economia, travando a influ\u00eancia da China.<\/p>\n<p><a href=\"https:\/\/expresso.pt\/subscrever?action=GEN&amp;channel=VID&amp;type=CAP&amp;source=WEB&amp;returnUrl=https:\/\/expresso.pt\/iniciativaseprodutos\/projetos-expresso\/2025-10-18-anne-applebaum-nao-esperem-ate-serem-desafiados-para-se-comecarem-a-defender-09398604&amp;utm_source=expresso&amp;utm_medium=locked_article&amp;locked=true&amp;article_id=ab7e61a5-9f2a-4441-9831-6c7cabfb0589&amp;author_id=Rita+Seabra+Gomes,Matilde+Fieschi&amp;category=Projetos+Expresso\" target=\"_self\" class=\"\" rel=\"nofollow noopener\">Subscrever<\/a>J\u00e1 \u00e9 Subscritor?Fa\u00e7a login e continue a ler<a href=\"http:\/\/expresso.pt\/codigo?redirectUrl=https:\/\/expresso.pt\/iniciativaseprodutos\/projetos-expresso\/2025-10-18-anne-applebaum-nao-esperem-ate-serem-desafiados-para-se-comecarem-a-defender-09398604\" target=\"_self\" class=\"\" rel=\"nofollow noopener\">Inserir C\u00f3digo<\/a>Comprou o Expresso?Insira o c\u00f3digo presente na Revista E para continuar a ler<\/p>\n","protected":false},"excerpt":{"rendered":"As mudan\u00e7as no posicionamento pol\u00edtico e estrat\u00e9gico dos Estados Unidos da Am\u00e9rica (EUA) e a ascens\u00e3o do mundo&hellip;\n","protected":false},"author":2,"featured_media":116221,"comment_status":"","ping_status":"","sticky":false,"template":"","format":"standard","meta":{"footnotes":""},"categories":[10],"tags":[27,28,15,16,14,25,26,21,22,12,13,19,20,32,23,24,33,17,18,29,30,31],"class_list":{"0":"post-116220","1":"post","2":"type-post","3":"status-publish","4":"format-standard","5":"has-post-thumbnail","7":"category-portugal","8":"tag-breaking-news","9":"tag-breakingnews","10":"tag-featured-news","11":"tag-featurednews","12":"tag-headlines","13":"tag-latest-news","14":"tag-latestnews","15":"tag-main-news","16":"tag-mainnews","17":"tag-news","18":"tag-noticias","19":"tag-noticias-principais","20":"tag-noticiasprincipais","21":"tag-portugal","22":"tag-principais-noticias","23":"tag-principaisnoticias","24":"tag-pt","25":"tag-top-stories","26":"tag-topstories","27":"tag-ultimas","28":"tag-ultimas-noticias","29":"tag-ultimasnoticias"},"share_on_mastodon":{"url":"","error":""},"_links":{"self":[{"href":"https:\/\/www.europesays.com\/pt\/wp-json\/wp\/v2\/posts\/116220","targetHints":{"allow":["GET"]}}],"collection":[{"href":"https:\/\/www.europesays.com\/pt\/wp-json\/wp\/v2\/posts"}],"about":[{"href":"https:\/\/www.europesays.com\/pt\/wp-json\/wp\/v2\/types\/post"}],"author":[{"embeddable":true,"href":"https:\/\/www.europesays.com\/pt\/wp-json\/wp\/v2\/users\/2"}],"replies":[{"embeddable":true,"href":"https:\/\/www.europesays.com\/pt\/wp-json\/wp\/v2\/comments?post=116220"}],"version-history":[{"count":0,"href":"https:\/\/www.europesays.com\/pt\/wp-json\/wp\/v2\/posts\/116220\/revisions"}],"wp:featuredmedia":[{"embeddable":true,"href":"https:\/\/www.europesays.com\/pt\/wp-json\/wp\/v2\/media\/116221"}],"wp:attachment":[{"href":"https:\/\/www.europesays.com\/pt\/wp-json\/wp\/v2\/media?parent=116220"}],"wp:term":[{"taxonomy":"category","embeddable":true,"href":"https:\/\/www.europesays.com\/pt\/wp-json\/wp\/v2\/categories?post=116220"},{"taxonomy":"post_tag","embeddable":true,"href":"https:\/\/www.europesays.com\/pt\/wp-json\/wp\/v2\/tags?post=116220"}],"curies":[{"name":"wp","href":"https:\/\/api.w.org\/{rel}","templated":true}]}}