{"id":116250,"date":"2025-10-18T18:50:32","date_gmt":"2025-10-18T18:50:32","guid":{"rendered":"https:\/\/www.europesays.com\/pt\/116250\/"},"modified":"2025-10-18T18:50:32","modified_gmt":"2025-10-18T18:50:32","slug":"procriacao-medicamente-assistida-novo-servico-do-sao-joao-vai-ter-capacidade-para-atender-casais-e-mulheres-do-pais-inteiro","status":"publish","type":"post","link":"https:\/\/www.europesays.com\/pt\/116250\/","title":{"rendered":"Procria\u00e7\u00e3o medicamente assistida: novo servi\u00e7o do S\u00e3o Jo\u00e3o vai ter capacidade para atender casais e mulheres do pa\u00eds inteiro"},"content":{"rendered":"<p class=\"texto\"> \u201c\u00c9 uma mudan\u00e7a de paradigma\u201d, afirma Manuel Melo \u00e0 medida que faz uma visita guia\u00adda pelos 650 metros quadrados do novo Servi\u00e7o de Medicina de Reprodu\u00e7\u00e3o do Hospital de S\u00e3o Jo\u00e3o, no Porto. Ainda est\u00e1 por inaugurar. Faltam-lhe os utentes, os profissionais e grande parte dos materiais. Mas j\u00e1 se antev\u00ea que aqui possam ser recebidos casais e mulheres de todo o pa\u00eds para fazerem tratamentos de procria\u00e7\u00e3o medicamente assistida (PMA). <\/p>\n<p><a href=\"https:\/\/expresso.pt\/subscrever?action=GEN&amp;channel=VID&amp;type=CAP&amp;source=WEB&amp;returnUrl=https:\/\/expresso.pt\/sociedade\/2025-10-18-procriacao-medicamente-assistida-novo-servico-do-sao-joao-vai-ter-capacidade-para-atender-casais-e-mulheres-do-pais-inteiro-31100c54&amp;utm_source=expresso&amp;utm_medium=locked_article&amp;locked=true&amp;article_id=7bee3ac4-b913-416c-a534-3ab08ddee53c&amp;author_id=Joana+Ascens\u00e3o,Rui+Duarte+Silva&amp;category=Sociedade\" target=\"_self\" class=\"\" rel=\"nofollow noopener\">Subscrever<\/a>J\u00e1 \u00e9 Subscritor?Fa\u00e7a login e continue a ler<a href=\"http:\/\/expresso.pt\/codigo?redirectUrl=https:\/\/expresso.pt\/sociedade\/2025-10-18-procriacao-medicamente-assistida-novo-servico-do-sao-joao-vai-ter-capacidade-para-atender-casais-e-mulheres-do-pais-inteiro-31100c54\" target=\"_self\" class=\"\" rel=\"nofollow noopener\">Inserir C\u00f3digo<\/a>Comprou o Expresso?Insira o c\u00f3digo presente na Revista E para continuar a ler<\/p>\n","protected":false},"excerpt":{"rendered":"\u201c\u00c9 uma mudan\u00e7a de paradigma\u201d, afirma Manuel Melo \u00e0 medida que faz uma visita guia\u00adda pelos 650 metros&hellip;\n","protected":false},"author":2,"featured_media":116251,"comment_status":"","ping_status":"","sticky":false,"template":"","format":"standard","meta":{"footnotes":""},"categories":[10],"tags":[27,28,15,16,14,25,26,21,22,12,13,19,20,32,23,24,33,17,18,29,30,31],"class_list":{"0":"post-116250","1":"post","2":"type-post","3":"status-publish","4":"format-standard","5":"has-post-thumbnail","7":"category-portugal","8":"tag-breaking-news","9":"tag-breakingnews","10":"tag-featured-news","11":"tag-featurednews","12":"tag-headlines","13":"tag-latest-news","14":"tag-latestnews","15":"tag-main-news","16":"tag-mainnews","17":"tag-news","18":"tag-noticias","19":"tag-noticias-principais","20":"tag-noticiasprincipais","21":"tag-portugal","22":"tag-principais-noticias","23":"tag-principaisnoticias","24":"tag-pt","25":"tag-top-stories","26":"tag-topstories","27":"tag-ultimas","28":"tag-ultimas-noticias","29":"tag-ultimasnoticias"},"share_on_mastodon":{"url":"","error":""},"_links":{"self":[{"href":"https:\/\/www.europesays.com\/pt\/wp-json\/wp\/v2\/posts\/116250","targetHints":{"allow":["GET"]}}],"collection":[{"href":"https:\/\/www.europesays.com\/pt\/wp-json\/wp\/v2\/posts"}],"about":[{"href":"https:\/\/www.europesays.com\/pt\/wp-json\/wp\/v2\/types\/post"}],"author":[{"embeddable":true,"href":"https:\/\/www.europesays.com\/pt\/wp-json\/wp\/v2\/users\/2"}],"replies":[{"embeddable":true,"href":"https:\/\/www.europesays.com\/pt\/wp-json\/wp\/v2\/comments?post=116250"}],"version-history":[{"count":0,"href":"https:\/\/www.europesays.com\/pt\/wp-json\/wp\/v2\/posts\/116250\/revisions"}],"wp:featuredmedia":[{"embeddable":true,"href":"https:\/\/www.europesays.com\/pt\/wp-json\/wp\/v2\/media\/116251"}],"wp:attachment":[{"href":"https:\/\/www.europesays.com\/pt\/wp-json\/wp\/v2\/media?parent=116250"}],"wp:term":[{"taxonomy":"category","embeddable":true,"href":"https:\/\/www.europesays.com\/pt\/wp-json\/wp\/v2\/categories?post=116250"},{"taxonomy":"post_tag","embeddable":true,"href":"https:\/\/www.europesays.com\/pt\/wp-json\/wp\/v2\/tags?post=116250"}],"curies":[{"name":"wp","href":"https:\/\/api.w.org\/{rel}","templated":true}]}}