{"id":116312,"date":"2025-10-18T19:34:20","date_gmt":"2025-10-18T19:34:20","guid":{"rendered":"https:\/\/www.europesays.com\/pt\/116312\/"},"modified":"2025-10-18T19:34:20","modified_gmt":"2025-10-18T19:34:20","slug":"professor-de-nicolas-cage-atalibio-magioni-morou-em-sc","status":"publish","type":"post","link":"https:\/\/www.europesays.com\/pt\/116312\/","title":{"rendered":"Professor de Nicolas Cage, Atal\u00edbio Magioni, morou em SC"},"content":{"rendered":"<p>  <img class=\"content-first-image wp-image-2688198 size-full\" loading=\"eager\" decoding=\"sync\" fetchpriority=\"high\" src=\"https:\/\/www.europesays.com\/pt\/wp-content\/uploads\/2025\/10\/atalibio-magioni.jpg\" alt=\"Atal\u00edbio Magioni\" width=\"1200\" height=\"800\"  \/>Atal\u00edbio Magioni acumulou medalhas no remo e chegou a ensinar o ator Nicolas Cage a remar.Foto: Montagem\/ND<\/p>\n<p>Um atleta que marcou seu nome nas \u00e1guas e deixou um legado inesperado em Hollywood.<a href=\"https:\/\/ndmais.com.br\/esportes\/outros-esportes\/das-olimpicas-para-hollywood-atalibio-magioni-morre-aos-77-anos-em-sc\/\" rel=\"nofollow noopener\" target=\"_blank\"> Atal\u00edbio Magioni<\/a>, que acumulou medalhas no remo e chegou a ensinar o ator Nicolas Cage a remar, viveu boa parte da vida em Pinhalzinho, no Oeste de Santa Catarina, onde tamb\u00e9m est\u00e1 sepultado.<\/p>\n<p>Magioni nasceu em Ven\u00e2ncio Aires, no Rio Grande do Sul, mas ainda crian\u00e7a se mudou com a fam\u00edlia para Pinhalzinho. Foi no munic\u00edpio catarinense que cresceu antes de seguir, na d\u00e9cada de 1960, para o Rio de Janeiro, onde serviria ao Ex\u00e9rcito.<\/p>\n<p>Na capital fluminense, encontrou no remo do Clube de Regatas Vasco da Gama uma oportunidade para permanecer na cidade \u2014 e, sem imaginar, iniciava ali uma trajet\u00f3ria de destaque no esporte. Aos 21 anos, Magioni come\u00e7ou a competir em torneios nacionais e internacionais, conquistando espa\u00e7o entre os melhores remadores do pa\u00eds.<\/p>\n<p><a class=\"cta-discover d-flex justify-content-between align-items-center w-100\" target=\"_blank\" rel=\"nofollow noopner noopener\" href=\"https:\/\/profile.google.com\/cp\/Cg0vZy8xMXZ5cjY4NHho\">   Fa\u00e7a como milh\u00f5es de leitores informados: siga o ND Mais no Google.  Seguir<\/a> <\/p>\n<p>Em 1971, fez parte da primeira equipe brasileira a conquistar medalhas de ouro em Jogos Pan-Americanos \u2014 uma das tr\u00eas douradas do Brasil naquela edi\u00e7\u00e3o.<\/p>\n<p>Cinco anos depois, em 1976, o talento do atleta chamou aten\u00e7\u00e3o fora do pa\u00eds. A ent\u00e3o ministra dos Esportes do Canad\u00e1 o convidou para morar no pa\u00eds e treinar uma das equipes nacionais de remo. Magioni aceitou o desafio e permaneceu em solo canadense por cerca de 20 anos.<\/p>\n<ul class=\"slider-galeria-de-foto-wrapper glide__slides\">\n<li id=\"galeria-slide-1\" class=\"slider-galeria-de-foto-slide glide__slide\"> <a href=\"https:\/\/www.europesays.com\/pt\/wp-content\/uploads\/2025\/10\/alilibi-magioni-remo-2.jpg\" title=\"Ele marcou sua trajet\u00f3ria no remo durante os anos 1970, momento em que representou o Brasil nas\u00a0Olimp\u00edadas no Canad\u00e1 - Remo Brasil\/Reprodu\u00e7\u00e3o\" data-caption=\"Ele marcou sua trajet\u00f3ria no remo durante os anos 1970, momento em que representou o Brasil nas\u00a0Olimp\u00edadas no Canad\u00e1 - Remo Brasil\/Reprodu\u00e7\u00e3o\" id=\"zoom-gallery-2393416\" class=\"imagem-galeria\" data-fancybox=\"\"> <img decoding=\"async\" width=\"620\" height=\"390\" src=\"https:\/\/www.europesays.com\/pt\/wp-content\/uploads\/2025\/10\/alilibi-magioni-remo-2.jpg\" class=\"\" alt=\"Ele marcou sua trajet\u00f3ria no remo durante os anos 1970, momento em que representou o Brasil nas\u00a0Olimp\u00edadas no Canad\u00e1 - Remo Brasil\/Reprodu\u00e7\u00e3o\" loading=\"lazy\"  \/> <\/a>  Ele marcou sua trajet\u00f3ria no remo durante os anos 1970, momento em que representou o Brasil nas\u00a0Olimp\u00edadas no Canad\u00e1 &#8211; Remo Brasil\/Reprodu\u00e7\u00e3o\n<p> Foto 1 de 6 <\/p>\n<\/li>\n<li id=\"galeria-slide-2\" class=\"slider-galeria-de-foto-slide glide__slide\"> <a href=\"https:\/\/static.ndmais.com.br\/2021\/08\/atalibio-4.jpg\" title=\"Al\u00e9m de atleta, tamb\u00e9m foi modelo e estampou diversas campanhas publicit\u00e1rias. - Arquivo Pessoal\/Divulga\u00e7\u00e3o\/ND\" data-caption=\"Al\u00e9m de atleta, tamb\u00e9m foi modelo e estampou diversas campanhas publicit\u00e1rias. - Arquivo Pessoal\/Divulga\u00e7\u00e3o\/ND\" id=\"zoom-gallery-1540670\" class=\"imagem-galeria\" data-fancybox=\"\" rel=\"nofollow noopener\" target=\"_blank\"> <img decoding=\"async\" width=\"800\" height=\"515\" src=\"https:\/\/www.europesays.com\/pt\/wp-content\/uploads\/2025\/10\/atalibio-4-800x515.jpg\" class=\"\" alt=\"Al\u00e9m de atleta, tamb\u00e9m foi modelo e estampou diversas campanhas publicit\u00e1rias. - Arquivo Pessoal\/Divulga\u00e7\u00e3o\/ND\" loading=\"lazy\"  \/> <\/a>  Al\u00e9m de atleta, tamb\u00e9m foi modelo e estampou diversas campanhas publicit\u00e1rias. &#8211; Arquivo Pessoal\/Divulga\u00e7\u00e3o\/ND\n<p> Foto 2 de 6 <\/p>\n<\/li>\n<li id=\"galeria-slide-3\" class=\"slider-galeria-de-foto-slide glide__slide\"> <a href=\"https:\/\/static.ndmais.com.br\/2021\/08\/atalibio-2.jpg\" title=\"A carreira de modelo come\u00e7ou ainda no Rio de Janeiro, mas se estendeu pelo exterior. - Arquivo Pessoal\/Divulga\u00e7\u00e3o\/ND\" data-caption=\"A carreira de modelo come\u00e7ou ainda no Rio de Janeiro, mas se estendeu pelo exterior. - Arquivo Pessoal\/Divulga\u00e7\u00e3o\/ND\" id=\"zoom-gallery-1540668\" class=\"imagem-galeria\" data-fancybox=\"\" rel=\"nofollow noopener\" target=\"_blank\"> <img decoding=\"async\" width=\"800\" height=\"780\" src=\"https:\/\/www.europesays.com\/pt\/wp-content\/uploads\/2025\/10\/atalibio-2-800x780.jpg\" class=\"\" alt=\"A carreira de modelo come\u00e7ou ainda no Rio de Janeiro, mas se estendeu pelo exterior. - Arquivo Pessoal\/Divulga\u00e7\u00e3o\/ND\" loading=\"lazy\"  \/> <\/a>  A carreira de modelo come\u00e7ou ainda no Rio de Janeiro, mas se estendeu pelo exterior. &#8211; Arquivo Pessoal\/Divulga\u00e7\u00e3o\/ND\n<p> Foto 3 de 6 <\/p>\n<\/li>\n<li id=\"galeria-slide-4\" class=\"slider-galeria-de-foto-slide glide__slide\"> <a href=\"https:\/\/static.ndmais.com.br\/2021\/08\/atalibio.jpg\" title=\"Registros do ex-remador Magioni. - Arquivo Pessoal\/Divulga\u00e7\u00e3o\/ND\" data-caption=\"Registros do ex-remador Magioni. - Arquivo Pessoal\/Divulga\u00e7\u00e3o\/ND\" id=\"zoom-gallery-1540677\" class=\"imagem-galeria\" data-fancybox=\"\" rel=\"nofollow noopener\" target=\"_blank\"> <img decoding=\"async\" width=\"800\" height=\"567\" src=\"https:\/\/www.europesays.com\/pt\/wp-content\/uploads\/2025\/10\/atalibio-800x567.jpg\" class=\"\" alt=\"Registros do ex-remador Magioni. - Arquivo Pessoal\/Divulga\u00e7\u00e3o\/ND\" loading=\"lazy\"  \/> <\/a>  Registros do ex-remador Magioni. &#8211; Arquivo Pessoal\/Divulga\u00e7\u00e3o\/ND\n<p> Foto 4 de 6 <\/p>\n<\/li>\n<li id=\"galeria-slide-5\" class=\"slider-galeria-de-foto-slide glide__slide\"> <a href=\"https:\/\/static.ndmais.com.br\/2021\/08\/atalibio-6.jpg\" title=\"O ex-remador trabalhou na cria\u00e7\u00e3o de gado de corte no interior de Pinhalzinho. - Arquivo Pessoal\/Divulga\u00e7\u00e3o\/ND\" data-caption=\"O ex-remador trabalhou na cria\u00e7\u00e3o de gado de corte no interior de Pinhalzinho. - Arquivo Pessoal\/Divulga\u00e7\u00e3o\/ND\" id=\"zoom-gallery-1540672\" class=\"imagem-galeria\" data-fancybox=\"\" rel=\"nofollow noopener\" target=\"_blank\"> <img decoding=\"async\" width=\"800\" height=\"529\" src=\"https:\/\/www.europesays.com\/pt\/wp-content\/uploads\/2025\/10\/atalibio-6-800x529.jpg\" class=\"\" alt=\"O ex-remador trabalhou na cria\u00e7\u00e3o de gado de corte no interior de Pinhalzinho. - Arquivo Pessoal\/Divulga\u00e7\u00e3o\/ND\" loading=\"lazy\"  \/> <\/a>  O ex-remador trabalhou na cria\u00e7\u00e3o de gado de corte no interior de Pinhalzinho. &#8211; Arquivo Pessoal\/Divulga\u00e7\u00e3o\/ND\n<p> Foto 5 de 6 <\/p>\n<\/li>\n<li id=\"galeria-slide-6\" class=\"slider-galeria-de-foto-slide glide__slide\"> <a href=\"https:\/\/static.ndmais.com.br\/2021\/08\/arquivo-pessoal.jpg\" title=\"Os registros do ex-remador est\u00e3o guardados na mem\u00f3ria e no cora\u00e7\u00e3o de Magioni. - Arquivo Pessoal\/Divulga\u00e7\u00e3o\/ND\" data-caption=\"Os registros do ex-remador est\u00e3o guardados na mem\u00f3ria e no cora\u00e7\u00e3o de Magioni. - Arquivo Pessoal\/Divulga\u00e7\u00e3o\/ND\" id=\"zoom-gallery-1540667\" class=\"imagem-galeria\" data-fancybox=\"\" rel=\"nofollow noopener\" target=\"_blank\"> <img decoding=\"async\" width=\"800\" height=\"416\" src=\"https:\/\/www.europesays.com\/pt\/wp-content\/uploads\/2025\/10\/arquivo-pessoal-800x416.jpg\" class=\"\" alt=\"Os registros do ex-remador est\u00e3o guardados na mem\u00f3ria e no cora\u00e7\u00e3o de Magioni. - Arquivo Pessoal\/Divulga\u00e7\u00e3o\/ND\" loading=\"lazy\"  \/> <\/a>  Os registros do ex-remador est\u00e3o guardados na mem\u00f3ria e no cora\u00e7\u00e3o de Magioni. &#8211; Arquivo Pessoal\/Divulga\u00e7\u00e3o\/ND\n<p> Foto 6 de 6 <\/p>\n<\/li>\n<\/ul>\n<p>          O treinador de Nicolas Cage<\/p>\n<p>Durante o per\u00edodo em que viveu no Canad\u00e1, Magioni recebeu um convite curioso: ser o professor de remo do ator Nicolas Cage, que interpretaria um remador no filme The Boy in Blue, de 1986.<\/p>\n<p>Em entrevista ao ND Mais, em 2021, o brasileiro relembrou com bom humor a experi\u00eancia com o astro de Hollywood: \u201censinei o Nicolas Cage a remar para tr\u00e1s. Quando ele foi remar para frente, estava pronto. Ficou f\u00e1cil para ele, porque eu dei a maior dificuldade antes. Ent\u00e3o ele fez um filme de 7,5 milh\u00f5es de d\u00f3lares\u201d, contou.<\/p>\n<p>O atleta descrevia o ator como um aluno exemplar. \u201cEra um menino muito educado e disciplinado. Ent\u00e3o facilitou ensinar ele\u201d, afirmou na \u00e9poca.<\/p>\n<p>Apesar da experi\u00eancia inusitada, Magioni ressalta que Cage foi apenas um entre os muitos alunos que teve durante a carreira como treinador.<\/p>\n<p><img class=\"wp-image-1540669 size-full\" loading=\"lazy\" decoding=\"async\" src=\"https:\/\/www.europesays.com\/pt\/wp-content\/uploads\/2025\/10\/atalibio-3.jpg\" alt=\"Aulas com nicolas cage\" width=\"782\" height=\"526\"  \/>Magioni ensinou Nicolas Cage a remar para sua participa\u00e7\u00e3o no filme \u201cThe Boy In Blue\u201d.Foto: Arquivo Pessoal\/Divulga\u00e7\u00e3o\/NDRetorno ao Brasil e nova fase<\/p>\n<p>Ap\u00f3s duas d\u00e9cadas no exterior, Magioni retornou ao Brasil no ano 2000 e voltou a viver em Pinhalzinho, onde adquiriu uma fazenda e passou a se dedicar \u00e0 cria\u00e7\u00e3o de gado com embri\u00f5es franceses para exporta\u00e7\u00e3o.<\/p>\n<p><img class=\"wp-image-2393417 size-full\" loading=\"lazy\" decoding=\"async\" src=\"https:\/\/www.europesays.com\/pt\/wp-content\/uploads\/2025\/10\/alilibi-magioni-remo-1.jpeg\" alt=\"Atalibio Magioni\" width=\"1200\" height=\"800\"  \/>Atalibio Magioni, de Pinhalzinho, participou das Olimp\u00edadas no remo e a carreira levou-o para Hollywood.Foto: Remo Brasil\/Reprodu\u00e7\u00e3o<\/p>\n<p>Ao longo da vida, o ex-remador conheceu mais de 40 pa\u00edses e se tornou poliglota. \u201cViajei 45 pa\u00edses, alguns pelo remo. Atualmente falo cinco l\u00ednguas: ingl\u00eas, espanhol, franc\u00eas, italiano e alem\u00e3o. Agora crio vacas \u2014 e aprendi a l\u00edngua delas tamb\u00e9m\u201d, brincou na mesma entrevista.<\/p>\n<p>Morte de Atalibio Magioni<\/p>\n<p>Magioni morreu no dia 7 de dezembro de 2024, no HRSP (Hospital Regional S\u00e3o Paulo), aos 77 anos de idade. A despedida de Atalibio Magioni aconteceu na Capela Mortu\u00e1ria do Bairro Santo Ant\u00f4nio, em Pinhalzinho.\u00a0As causas da morte n\u00e3o foram detalhadas.<\/p>\n<p><img class=\"size-full wp-image-1540674\" loading=\"lazy\" decoding=\"async\" src=\"https:\/\/www.europesays.com\/pt\/wp-content\/uploads\/2025\/10\/atalibio-7.jpg\" alt=\"Magioni levou uma vida simples no interior de Pinhalzinho, antes de morrer, em 2024Foto: Arquivo Pessoal\/Divulga\u00e7\u00e3o\/ND\" width=\"963\" height=\"734\"  \/>Magioni levou uma vida simples no interior de Pinhalzinho, antes de morrer, em 2024Foto: Arquivo Pessoal\/Divulga\u00e7\u00e3o\/ND       <\/p>\n","protected":false},"excerpt":{"rendered":"Atal\u00edbio Magioni acumulou medalhas no remo e chegou a ensinar o ator Nicolas Cage a remar.Foto: Montagem\/ND Um&hellip;\n","protected":false},"author":2,"featured_media":116313,"comment_status":"","ping_status":"","sticky":false,"template":"","format":"standard","meta":{"footnotes":""},"categories":[145],"tags":[726,3818,211,210,114,115,1968,2250,27254,18455,32,33,3801],"class_list":{"0":"post-116312","1":"post","2":"type-post","3":"status-publish","4":"format-standard","5":"has-post-thumbnail","7":"category-celebridades","8":"tag-brasil","9":"tag-canad","10":"tag-celebridades","11":"tag-celebrities","12":"tag-entertainment","13":"tag-entretenimento","14":"tag-notcia","15":"tag-notcia-santa-catarina","16":"tag-outros-esportes","17":"tag-pinhalzinho","18":"tag-portugal","19":"tag-pt","20":"tag-santa-catarina"},"share_on_mastodon":{"url":"","error":""},"_links":{"self":[{"href":"https:\/\/www.europesays.com\/pt\/wp-json\/wp\/v2\/posts\/116312","targetHints":{"allow":["GET"]}}],"collection":[{"href":"https:\/\/www.europesays.com\/pt\/wp-json\/wp\/v2\/posts"}],"about":[{"href":"https:\/\/www.europesays.com\/pt\/wp-json\/wp\/v2\/types\/post"}],"author":[{"embeddable":true,"href":"https:\/\/www.europesays.com\/pt\/wp-json\/wp\/v2\/users\/2"}],"replies":[{"embeddable":true,"href":"https:\/\/www.europesays.com\/pt\/wp-json\/wp\/v2\/comments?post=116312"}],"version-history":[{"count":0,"href":"https:\/\/www.europesays.com\/pt\/wp-json\/wp\/v2\/posts\/116312\/revisions"}],"wp:featuredmedia":[{"embeddable":true,"href":"https:\/\/www.europesays.com\/pt\/wp-json\/wp\/v2\/media\/116313"}],"wp:attachment":[{"href":"https:\/\/www.europesays.com\/pt\/wp-json\/wp\/v2\/media?parent=116312"}],"wp:term":[{"taxonomy":"category","embeddable":true,"href":"https:\/\/www.europesays.com\/pt\/wp-json\/wp\/v2\/categories?post=116312"},{"taxonomy":"post_tag","embeddable":true,"href":"https:\/\/www.europesays.com\/pt\/wp-json\/wp\/v2\/tags?post=116312"}],"curies":[{"name":"wp","href":"https:\/\/api.w.org\/{rel}","templated":true}]}}