{"id":116314,"date":"2025-10-18T19:39:03","date_gmt":"2025-10-18T19:39:03","guid":{"rendered":"https:\/\/www.europesays.com\/pt\/116314\/"},"modified":"2025-10-18T19:39:03","modified_gmt":"2025-10-18T19:39:03","slug":"marcia-soares-brilha-com-decote-vertiginoso-o-vestido-que-deixou-a-internet-a-arder-custa-menos-de-40-euros-secret-story","status":"publish","type":"post","link":"https:\/\/www.europesays.com\/pt\/116314\/","title":{"rendered":"Marcia Soares brilha com decote vertiginoso: o vestido que deixou a Internet a arder custa menos de 40 euros &#8211; Secret Story"},"content":{"rendered":"<p><strong>Marcia Soares est\u00e1 cada vez mais sensual <\/strong>e nesta sexta-feira, 17 de outubro, <a href=\"https:\/\/tvi.iol.pt\/secretstory\/marcia-soares\/fotos\/que-barriguinha-linda-marcia-soares-agita-as-redes-sociais-com-novidade-especial\" rel=\"nofollow noopener\" target=\"_blank\">superou todas as expectativas com o look arrojado <\/a>que escolheu para marcar presen\u00e7a no desfile da estilista F\u00e1tima Lopes.<\/p>\n<p>A <strong>ex-concorrente do Big Brother 2023 <\/strong>elegeu um <strong>vestido comprido castanho chocolate<\/strong>, que \u00e9 a cor tend\u00eancia deste ano, com tule, com um decote vertiginoso, com as costas descobertas e cravejado lantejoulas que fazem desenhos florais ao longo do comprimento do vestido. O modelito \u00e9 da marca <a href=\"https:\/\/www.instagram.com\/bohochic_by_vi\/\" rel=\"nofollow noopener\" target=\"_blank\">bohochic_by_vi e custa 39,90\u20ac.<\/a>\u00a0Est\u00e1 dispon\u00edvel tamb\u00e9m em preto.<\/p>\n<p>Marcia Soares completou o visual cheio de sensualidade com uns stilettos pretos e optou por usar os cabelos soltos.\u00a0<\/p>\n<p>Nas redes sociais, <strong>Marcia Soares partilhou um conjunto de fotografias do look,<\/strong> que mereceu rasgados elogios dos f\u00e3s. <strong>\u00abSUPER GATA E SUPER ELEGANTE \u2764\ufe0f\u200d\ud83d\udd25\u00bb<\/strong>, \u00ab\u00c9 muito power \ud83d\udd25\ud83d\udd25\ud83d\udd25 Lindona Marcia \u2764\ufe0f\u00bb, \u00abA Internet parou \ud83d\udd25\u00bb, \u00abuma grande gostosa \ud83e\udd0e\u00bb, \u00abCada vez mais bonita e elegante \u2764\ufe0f\u00bb, \u00ab\u00e9s t\u00e3o lind\u00edssima \ud83e\udd0e\u00bb,<strong> \u00abA nossa Princesa de Portugal lind\u00edssima \ud83d\udd25\u00bb<\/strong>, \u00abParou tudo \ud83d\udd25\u00bb, pode ler-se, nos coment\u00e1rios.<\/p>\n<p><strong>Veja aqui a publica\u00e7\u00e3o de Marcia Soares que est\u00e1 a deixar a Internet a arder:<\/strong><\/p>\n<blockquote class=\"instagram-media\" data-instgrm-captioned=\"\" data-instgrm-permalink=\"https:\/\/www.instagram.com\/p\/DP8ui8rDAlJ\/?utm_source=ig_embed&amp;utm_campaign=loading\" data-instgrm-version=\"14\" style=\" background:#FFF; border:0; border-radius:3px; box-shadow:0 0 1px 0 rgba(0,0,0,0.5),0 1px 10px 0 rgba(0,0,0,0.15); margin: 1px; max-width:540px; min-width:326px; padding:0; width:99.375%; width:-webkit-calc(100% - 2px); width:calc(100% - 2px);\">\n<\/blockquote>\n<p>                        <script async src=\"\/\/www.instagram.com\/embed.js\"><\/script><\/p>\n","protected":false},"excerpt":{"rendered":"Marcia Soares est\u00e1 cada vez mais sensual e nesta sexta-feira, 17 de outubro, superou todas as expectativas com&hellip;\n","protected":false},"author":2,"featured_media":116315,"comment_status":"","ping_status":"","sticky":false,"template":"","format":"standard","meta":{"footnotes":""},"categories":[142],"tags":[18706,114,115,18705,2038,32,33,14923,151,18704],"class_list":{"0":"post-116314","1":"post","2":"type-post","3":"status-publish","4":"format-standard","5":"has-post-thumbnail","7":"category-tv","8":"tag-bastidores-secret-story","9":"tag-entertainment","10":"tag-entretenimento","11":"tag-entrevistas-concorrentes-tvi","12":"tag-marcia-soares","13":"tag-portugal","14":"tag-pt","15":"tag-sensual","16":"tag-tv","17":"tag-vida-fora-da-casa"},"share_on_mastodon":{"url":"","error":""},"_links":{"self":[{"href":"https:\/\/www.europesays.com\/pt\/wp-json\/wp\/v2\/posts\/116314","targetHints":{"allow":["GET"]}}],"collection":[{"href":"https:\/\/www.europesays.com\/pt\/wp-json\/wp\/v2\/posts"}],"about":[{"href":"https:\/\/www.europesays.com\/pt\/wp-json\/wp\/v2\/types\/post"}],"author":[{"embeddable":true,"href":"https:\/\/www.europesays.com\/pt\/wp-json\/wp\/v2\/users\/2"}],"replies":[{"embeddable":true,"href":"https:\/\/www.europesays.com\/pt\/wp-json\/wp\/v2\/comments?post=116314"}],"version-history":[{"count":0,"href":"https:\/\/www.europesays.com\/pt\/wp-json\/wp\/v2\/posts\/116314\/revisions"}],"wp:featuredmedia":[{"embeddable":true,"href":"https:\/\/www.europesays.com\/pt\/wp-json\/wp\/v2\/media\/116315"}],"wp:attachment":[{"href":"https:\/\/www.europesays.com\/pt\/wp-json\/wp\/v2\/media?parent=116314"}],"wp:term":[{"taxonomy":"category","embeddable":true,"href":"https:\/\/www.europesays.com\/pt\/wp-json\/wp\/v2\/categories?post=116314"},{"taxonomy":"post_tag","embeddable":true,"href":"https:\/\/www.europesays.com\/pt\/wp-json\/wp\/v2\/tags?post=116314"}],"curies":[{"name":"wp","href":"https:\/\/api.w.org\/{rel}","templated":true}]}}