{"id":116324,"date":"2025-10-18T19:44:38","date_gmt":"2025-10-18T19:44:38","guid":{"rendered":"https:\/\/www.europesays.com\/pt\/116324\/"},"modified":"2025-10-18T19:44:38","modified_gmt":"2025-10-18T19:44:38","slug":"se-parares-em-alverca-senta-te-nesta-taberna-onde-nada-e-escolhido-ao-acaso","status":"publish","type":"post","link":"https:\/\/www.europesays.com\/pt\/116324\/","title":{"rendered":"Se parares em Alverca, senta-te nesta taberna onde &#8220;nada \u00e9 escolhido ao acaso&#8221;"},"content":{"rendered":"<p>Em abril de 2024\u00a0Hugo China Ferreira, 27 anos, e D\u00e9bora Cardoso, 26 anos, come\u00e7avam uma aventura. Ali\u00e1s, uma loucura chamada\u00a0Taberna Sakra, um restaurante em Alverca.\u00a0<\/p>\n<p>&#8220;Basicamente tudo isto come\u00e7ou porque somos completamente &#8216;loucos&#8217;. Est\u00e1vamos muito bem no Alentejo, ou seja, t\u00ednhamos uma vida, digamos, confort\u00e1vel. Um emprego de que ambos gost\u00e1vamos, numa localidade que adoramos (e ainda hoje mal temos um bocadinho fugimos logo para l\u00e1)&#8221;, come\u00e7a por contar o Chef\u00a0Hugo China Ferreira \u00e0 VERSA. No entanto, um dia, e do nada, surgiu o famoso: &#8220;E se&#8221;.\u00a0<\/p>\n<p>&#8220;Numa das visitas espor\u00e1dicas a Alverca, onde vivem alguns dos nossos familiares, apareceram dois espa\u00e7os encerrados. Um deles muito grande e outro pequenino. Vir\u00e1mo-nos um para o outro, mesmo daquelas coisas de filme, e pens\u00e1mos: &#8216;E porque n\u00e3o?&#8217;.\u00a0Ligamos para l\u00e1, marc\u00e1mos visita e, pronto, assim nasceu a Taberna Sakra. Depois disso foi criar a &#8216;marca'&#8221;.<\/p>\n<p>O conceito \u00e9 simples: uma taberna, com um ambiente algo descontra\u00eddo para partilhar momentos com os amigos e para desfrutar &#8220;ao m\u00e1ximo sem grandes burocracias&#8221;, e que \u00e9 inspirada no &#8220;Basco Sakratu, que significa Sagrado&#8221;.<\/p>\n<p>&#8220;O Pa\u00eds Basco foi uma viagem que fizemos e marcou-nos muito pela aprendizagem e, claro, pela cultura gastron\u00f3mica&#8221;, continua Hugo. Tal est\u00e1 refletido nas op\u00e7\u00f5es da carta, que, primeiramente, tentou alinhar-se com a popula\u00e7\u00e3o local de Alverca.<\/p>\n<p>&#8220;A primeira carta que fiz tive muito em conta o lugar em que estamos, ou seja, na parte mais antiga da cidade com uma popula\u00e7\u00e3o mais envelhecida e fechada a certos conceitos: Mas, mesmo assim, n\u00e3o abdicando da minha cozinha&#8221;, revela o Chef Hugo China Ferreira.\u00a0<\/p>\n<p>Ao in\u00edcio, a carta incluiu uma Bifana que deixou &#8220;muitos dos clientes a babar por mais&#8221;, tendo sido, entretanto, substitu\u00edda por um Prego de Cogumelos em Bolo do Caco. &#8220;Hoje em dia a carta j\u00e1 conta com pratos como Escabeche de Atum, Espargos com Molho Romesco e um Taco de Frango com um Molho Picante&#8221;. E muitos mais. Tamb\u00e9m h\u00e1 pratos originais como Arroz de Peixe do Dia e Camar\u00e3o, Cabidela de Choco, Presa de Porco Preto com Arroz de Forno e, a estrela, a Txuleta,\u00a0uma tradicional e robusta costeleta de boi basca.\u00a0<\/p>\n<p>&#8220;Basicamente, a Taberna Sakra baseia-se numa cozinha de produto. Nada \u00e9 escolhido ao acaso, desde o p\u00e3o, o azeite, as carnes, os peixes, os legumes e at\u00e9 ao vinho&#8221;, completa o Chef. No que toca ao azeite, \u00e9 o Distintus, conhecido como o &#8220;Azeite dos Chefs&#8221;.\u00a0<\/p>\n<blockquote class=\"instagram-media\" data-instgrm-captioned=\"\" data-instgrm-permalink=\"https:\/\/www.instagram.com\/p\/DLqnpoeo5Mm\/?utm_source=ig_embed&amp;utm_campaign=loading\" data-instgrm-version=\"14\" style=\" background:#FFF; border:0; border-radius:3px; box-shadow:0 0 1px 0 rgba(0,0,0,0.5),0 1px 10px 0 rgba(0,0,0,0.15); margin: 1px; max-width:540px; min-width:326px; padding:0; width:99.375%; width:-webkit-calc(100% - 2px); width:calc(100% - 2px);\">\n<\/blockquote>\n<p>\u00a0<\/p>\n<p>O projeto come\u00e7ou apenas com Hugo e D\u00e9bora na sala e assim foi durante os primeiros seis meses. Mais tarde juntou-se Kris, que \u00e9 atualmente o cozinheiro, e mais tarde Rukke, que \u00e9 a ajudante de Kris. A equipa conta ainda com N\u00e1dia, empregada de mesa, e Carina, respons\u00e1vel pelo marketing.<\/p>\n<p>Quanto ao futuro, \u00e9 algo em que os respons\u00e1veis do restaurante n\u00e3o pensam muito, uma vez que querem apenas &#8220;desfrutar ao m\u00e1ximo do sonho e passar bons momentos com os clientes&#8221;.\u00a0<\/p>\n<p>Taberna Sakra<br \/>\nLocaliza\u00e7\u00e3o:\u00a0Avenida Capit\u00e3o Jo\u00e3o Almeida Mele\u00e7as N65 a, Alverca, Lisboa, Portugal 2615-098<br \/>\nHor\u00e1rio: de ter\u00e7a-feira a s\u00e1bado, das 12h30 \u00e0s 15h e das 19h \u00e0s 22h<br \/>\nReservas: <a href=\"https:\/\/www.thefork.pt\/restaurante\/taberna-sakra-r819163?fbclid=PAZXh0bgNhZW0CMTEAAac6C58Y-khLXEa5JYEE5dt5yCUj2_ZedG_TKuiH4pdFBwAzT_3V2Cs371b0GQ_aem_UVOYYl7Wa3st03Q7NFPY5Q\" target=\"_blank\" rel=\"nofollow noopener\">The Fork<\/a>\u00a0\/\u00a0934 066 767<br \/>\nInstagram: <a href=\"https:\/\/www.instagram.com\/taberna_sakra\/?hl=en\" target=\"_blank\" rel=\"nofollow noopener\">@taberna_sakra<\/a>\u00a0<br \/>\n                            <script async src=\"\/\/www.instagram.com\/embed.js\"><\/script><\/p>\n","protected":false},"excerpt":{"rendered":"Em abril de 2024\u00a0Hugo China Ferreira, 27 anos, e D\u00e9bora Cardoso, 26 anos, come\u00e7avam uma aventura. Ali\u00e1s, uma&hellip;\n","protected":false},"author":2,"featured_media":116325,"comment_status":"","ping_status":"","sticky":false,"template":"","format":"standard","meta":{"footnotes":""},"categories":[85],"tags":[5739,1081,204,114,115,754,186,1079,32,33,759,27256,1078,1080],"class_list":{"0":"post-116324","1":"post","2":"type-post","3":"status-publish","4":"format-standard","5":"has-post-thumbnail","7":"category-entretenimento","8":"tag-alverca","9":"tag-beleza","10":"tag-design","11":"tag-entertainment","12":"tag-entretenimento","13":"tag-gastronomia","14":"tag-lifestyle","15":"tag-moda","16":"tag-portugal","17":"tag-pt","18":"tag-restaurante","19":"tag-taberna","20":"tag-versa","21":"tag-viagens"},"share_on_mastodon":{"url":"","error":""},"_links":{"self":[{"href":"https:\/\/www.europesays.com\/pt\/wp-json\/wp\/v2\/posts\/116324","targetHints":{"allow":["GET"]}}],"collection":[{"href":"https:\/\/www.europesays.com\/pt\/wp-json\/wp\/v2\/posts"}],"about":[{"href":"https:\/\/www.europesays.com\/pt\/wp-json\/wp\/v2\/types\/post"}],"author":[{"embeddable":true,"href":"https:\/\/www.europesays.com\/pt\/wp-json\/wp\/v2\/users\/2"}],"replies":[{"embeddable":true,"href":"https:\/\/www.europesays.com\/pt\/wp-json\/wp\/v2\/comments?post=116324"}],"version-history":[{"count":0,"href":"https:\/\/www.europesays.com\/pt\/wp-json\/wp\/v2\/posts\/116324\/revisions"}],"wp:featuredmedia":[{"embeddable":true,"href":"https:\/\/www.europesays.com\/pt\/wp-json\/wp\/v2\/media\/116325"}],"wp:attachment":[{"href":"https:\/\/www.europesays.com\/pt\/wp-json\/wp\/v2\/media?parent=116324"}],"wp:term":[{"taxonomy":"category","embeddable":true,"href":"https:\/\/www.europesays.com\/pt\/wp-json\/wp\/v2\/categories?post=116324"},{"taxonomy":"post_tag","embeddable":true,"href":"https:\/\/www.europesays.com\/pt\/wp-json\/wp\/v2\/tags?post=116324"}],"curies":[{"name":"wp","href":"https:\/\/api.w.org\/{rel}","templated":true}]}}