{"id":116421,"date":"2025-10-18T20:57:09","date_gmt":"2025-10-18T20:57:09","guid":{"rendered":"https:\/\/www.europesays.com\/pt\/116421\/"},"modified":"2025-10-18T20:57:09","modified_gmt":"2025-10-18T20:57:09","slug":"como-as-mafias-suecas-estao-a-assustar-a-costa-do-sol-observador","status":"publish","type":"post","link":"https:\/\/www.europesays.com\/pt\/116421\/","title":{"rendered":"Como as m\u00e1fias suecas est\u00e3o a assustar a Costa do Sol \u2013 Observador"},"content":{"rendered":"<p>Conhecida pelas praias de \u00e1guas quentes, pela divers\u00e3o noturna e pelo luxo, a zona da Costa do Sol, no sul de Espanha, tem vindo a registar um aumento dos n\u00edveis de criminalidade organizada associada \u00e0s m\u00e1fias suecas \u2014 um fen\u00f3meno que est\u00e1 a preocupar as autoridades. Nos \u00faltimos meses, foram v\u00e1rios os epis\u00f3dios de viol\u00eancia, desde tiroteios, ataques \u00e0 bomba e assassinatos, conta o <a href=\"https:\/\/elpais.com\/espana\/2025-10-17\/el-eco-de-la-violencia-de-suecia-mata-a-balazos-en-la-costa-del-sol.html\" rel=\"nofollow noopener\" target=\"_blank\">El Pa\u00eds.<\/a> O \u00faltimo incidente ocorreu a 3 de outubro e ficou gravado: em plena luz do dia, um rapper sueco foi morto, com v\u00e1rios tiros \u00e0 queima-roupa, numa esplanada nos arredores de Marbella.<\/p>\n<p>Pouco passava do meio-dia, numa sexta-feira de outono ainda tomada pelas altas temperaturas do ver\u00e3o, quando Hamza Karimi, de 23 anos, falava descontraidamente ao telefone numa esplanada. Outro homem, tamb\u00e9m de nacionalidade sueca, aproximou-se e <strong>disparou contra o jovem pelo menos 10 vezes<\/strong>. Karimi ainda tentou refugiar-se mas os ferimentos revelaram-se fatais. Uma c\u00e2mara de vigil\u00e2ncia p\u00fablica, instalada no local, gravou o assassinato. A v\u00edtima era j\u00e1 conhecida das autoridades suecas por fazer parte dos gangues mafiosos de Estocolmo, embora n\u00e3o estivesse referenciada pela pol\u00edcia espanhola \u2014 que entretanto j\u00e1 deteve o atirador, de 35 anos, que, entanto, se recusou a testemunhar em tribunal.<\/p>\n<blockquote class=\"twitter-tweet\" data-width=\"500\" data-dnt=\"true\">\n<p lang=\"es\" dir=\"ltr\">???????? Un sicario de \u201cnacionalidad sueca\u201d mata a un joven de 25 a\u00f1os a plena luz del d\u00eda en una terraza de  Puerto Banus, Marbella, en un nuevo episodio de ajustes de cuentas entre mafias.<\/p>\n<p>El asesinado de 25 a\u00f1os era un rapero llamado Hamza Karimi y tambi\u00e9n de nacionalidad sueca. <a href=\"https:\/\/t.co\/swP5S3oYWR\" rel=\"nofollow\">pic.twitter.com\/swP5S3oYWR<\/a><\/p>\n<p>\u2014 Hugo de Payns (@IgdePablo) <a href=\"https:\/\/twitter.com\/IgdePablo\/status\/1975103387281883364?ref_src=twsrc%5Etfw\" rel=\"nofollow noopener\" target=\"_blank\">October 6, 2025<\/a><\/p>\n<\/blockquote>\n<p>A viol\u00eancia entre gangues suecos na zona de M\u00e1laga \u00e9 relatada como uma realidade em crescendo e ligada sobretudo a neg\u00f3cios em torno do tr\u00e1fico de droga. Nos \u00faltimos anos, estes gangues ter\u00e3o estado envolvidos em pelo menos uma d\u00fazia de incidentes envolvendo atentados \u00e0 bomba, tiroteios e <strong>pelo menos tr\u00eas mortes<\/strong>. A pol\u00edcia espanhola tem registo de mais de <strong>100 deten\u00e7\u00f5es<\/strong>. Na maior parte dos casos, os incidentes acontecem\u00a0por ajustes de contas, vingan\u00e7a, d\u00edvidas ou tentativas de ganhar maior quota de mercado no competitivo mundo do tr\u00e1fico.<\/p>\n<p>\u201cPerderam o respeito: agora <strong>matam em plena luz do dia<\/strong>, independentemente de serem vistos\u201d, lamenta o procurador Carlos Tejada Ba\u00f1ales, da unidade antidrogas de Marbella. A onda de viol\u00eancia ligada ao mundo da droga j\u00e1 assola a Su\u00e9cia desde 2012 mas alargou-se a um dos mais populares destinos de f\u00e9rias daquele pa\u00eds n\u00f3rdico: a solarenga zona da Costa do Sol, em Espanha.<\/p>\n<blockquote class=\"wp-embedded-content\" data-secret=\"CjUScWA3e2\">\n<p><a href=\"https:\/\/observador.pt\/2023\/09\/05\/gangues-suecos-usam-spotify-para-lavar-dinheiro-tornou-se-numa-caixa-automatica-para-criminosos\/\" rel=\"nofollow noopener\" target=\"_blank\">Gangues suecos usam Spotify para lavar dinheiro. \u201cTornou-se numa caixa autom\u00e1tica para criminosos\u201d<\/a><\/p>\n<\/blockquote>\n<p>O primeiro incidente relevante ocorreu em maio de 2018, quando David \u00c1vila estava a sair de um evento com filho, em San Pedro de Alcantara (nos arredores de Marbella), quando um motociclista se aproximou dele, o crivou de balas e fugiu. Foi a estreia do chamado \u201ccl\u00e3 sueco\u201d, conhecido pelas autoridades de Malmo, que, meses depois, foi respons\u00e1vel por outro assassinato, em Estepona, a sul de Marbella. No outono desse mesmo ano, o\u00a0mesmo gangue fez explodir <strong>duas bombas em Benahav\u00eds<\/strong>. Tr\u00eas membros foram presos e julgados em Espanha. O l\u00edder, Amir Mekky, com apenas 21 anos, acabou por ser preso no Dubai quase dois anos depois.<\/p>\n<p>Em 2019, as autoridades espanholas perceberam que a onda de viol\u00eancia ligada a gangues suecos n\u00e3o era passageira. Nesse ano, um homem \u2014 tamb\u00e9m sueco, assim como seus assassinos \u2014 foi morto a tiro ap\u00f3s ser torturado em Mijas, uma vila nos arredores de M\u00e1laga. Surpreendidas com o profissionalismo dos assassinatos, muitas vezes cometidos por jovens na casa dos 20 anos, as autoridades pol\u00edcias decidiram criar, na Unidade de Combate ao Crime Organizado, uma subunidade dedicada aos ajustes de contas.<\/p>\n<p>Muitos dos criminosos vivem na Costa do Sol, enquanto outros s\u00e3o contratados para levar a cabo os assassinatos e viajam de prop\u00f3sito para a regi\u00e3o.<\/p>\n<p>Em outubro de 2021, v\u00e1rios jovens \u2014 classificados como \u201cmuito violentos\u201d \u2014 do gangue Tadese tentaram sequestrar um rival do cl\u00e3 Goulara em Marbella. Agrediram-no na rua, mas n\u00e3o conseguiram coloc\u00e1-lo na carrinha onde pretendiam tranc\u00e1-lo. Em resposta, no dia seguinte, foram baleados \u00e0 porta de um clube noturna\u00a0em Fuengirola. A pol\u00edcia espanhola deteve sete pessoas. Nesse mesmo ano, um esfor\u00e7o conjunto da Pol\u00edcia Nacional e da Guardia Civil levou \u00e0 <strong>deten\u00e7\u00e3o de 71 pessoas<\/strong>, incluindo Chiab Lamouri, um dos criminosos mais perigosos da Su\u00e9cia.<\/p>\n<p>Em fevereiro de 2024, dois suecos tentaram assassinar dois compatriotas a tiro em Marbella. Uma pessoa ficou ferida sem gravidade. Logo no m\u00eas seguinte, um jovem de 17 anos viajou de Gotemburgo com o prop\u00f3sito de\u00a0matar um membro de uma gangue de motociclistas. Alertada, a pol\u00edcia espanhola montou uma opera\u00e7\u00e3o e conseguiu\u00a0 desmantelar uma organiza\u00e7\u00e3o composta um pai, uma m\u00e3e e um filho de 14 anos, todos suecos \u2014 sediada em Alicante \u2014 e que <strong>recrutava jovens para cometer assassinatos em Espanha<\/strong>. O menor acabou julgado na Su\u00e9cia e enviado para um centro de deten\u00e7\u00e3o infantil.<\/p>\n<p>J\u00e1 este ano, a pol\u00edcia detetou uma situa\u00e7\u00e3o semelhante. Um jovem de apenas 16 anos e outro de 19 viajaram para a Costa do Sol, contratados para visar membros de um gangue. Acabaram detidos, juntamente com outras quatro pessoas, que lhes tinham fornecido armas. Enquanto as autoridades espanholas tentam tranquilizar a popula\u00e7\u00e3o, garantindo que t\u00eam os gangues suecos sob controlo, autoridades suecas avisam que a situa\u00e7\u00e3o vai piorar. \u201cSer\u00e1 um problema de seguran\u00e7a na Costa del Sol\u201d.<\/p>\n<p>            <script async src=\"https:\/\/platform.twitter.com\/widgets.js\" charset=\"utf-8\"><\/script><\/p>\n","protected":false},"excerpt":{"rendered":"Conhecida pelas praias de \u00e1guas quentes, pela divers\u00e3o noturna e pelo luxo, a zona da Costa do Sol,&hellip;\n","protected":false},"author":2,"featured_media":116422,"comment_status":"","ping_status":"","sticky":false,"template":"","format":"standard","meta":{"footnotes":""},"categories":[50],"tags":[27,28,604,640,445,15,16,14,25,26,21,22,62,12,13,19,20,23,24,58,11213,17,18,29,30,31,63,64,65],"class_list":{"0":"post-116421","1":"post","2":"type-post","3":"status-publish","4":"format-standard","5":"has-post-thumbnail","7":"category-mundo","8":"tag-breaking-news","9":"tag-breakingnews","10":"tag-crime","11":"tag-espanha","12":"tag-europa","13":"tag-featured-news","14":"tag-featurednews","15":"tag-headlines","16":"tag-latest-news","17":"tag-latestnews","18":"tag-main-news","19":"tag-mainnews","20":"tag-mundo","21":"tag-news","22":"tag-noticias","23":"tag-noticias-principais","24":"tag-noticiasprincipais","25":"tag-principais-noticias","26":"tag-principaisnoticias","27":"tag-sociedade","28":"tag-suu00e9cia","29":"tag-top-stories","30":"tag-topstories","31":"tag-ultimas","32":"tag-ultimas-noticias","33":"tag-ultimasnoticias","34":"tag-world","35":"tag-world-news","36":"tag-worldnews"},"share_on_mastodon":{"url":"","error":""},"_links":{"self":[{"href":"https:\/\/www.europesays.com\/pt\/wp-json\/wp\/v2\/posts\/116421","targetHints":{"allow":["GET"]}}],"collection":[{"href":"https:\/\/www.europesays.com\/pt\/wp-json\/wp\/v2\/posts"}],"about":[{"href":"https:\/\/www.europesays.com\/pt\/wp-json\/wp\/v2\/types\/post"}],"author":[{"embeddable":true,"href":"https:\/\/www.europesays.com\/pt\/wp-json\/wp\/v2\/users\/2"}],"replies":[{"embeddable":true,"href":"https:\/\/www.europesays.com\/pt\/wp-json\/wp\/v2\/comments?post=116421"}],"version-history":[{"count":0,"href":"https:\/\/www.europesays.com\/pt\/wp-json\/wp\/v2\/posts\/116421\/revisions"}],"wp:featuredmedia":[{"embeddable":true,"href":"https:\/\/www.europesays.com\/pt\/wp-json\/wp\/v2\/media\/116422"}],"wp:attachment":[{"href":"https:\/\/www.europesays.com\/pt\/wp-json\/wp\/v2\/media?parent=116421"}],"wp:term":[{"taxonomy":"category","embeddable":true,"href":"https:\/\/www.europesays.com\/pt\/wp-json\/wp\/v2\/categories?post=116421"},{"taxonomy":"post_tag","embeddable":true,"href":"https:\/\/www.europesays.com\/pt\/wp-json\/wp\/v2\/tags?post=116421"}],"curies":[{"name":"wp","href":"https:\/\/api.w.org\/{rel}","templated":true}]}}