{"id":116423,"date":"2025-10-18T20:58:18","date_gmt":"2025-10-18T20:58:18","guid":{"rendered":"https:\/\/www.europesays.com\/pt\/116423\/"},"modified":"2025-10-18T20:58:18","modified_gmt":"2025-10-18T20:58:18","slug":"exclusivo-redes-organizadas-atacam-nos-supermercados","status":"publish","type":"post","link":"https:\/\/www.europesays.com\/pt\/116423\/","title":{"rendered":"Exclusivo: redes organizadas atacam nos supermercados"},"content":{"rendered":"<p>\t                Furtos aumentaram mais de 22% de 2023 para 2024 e, no primeiro semestre de 2025, a PSP e a GNR registaram 1.285 furtos, uma m\u00e9dia de sete por dia<\/p>\n<p>O que come\u00e7ou por ser um fen\u00f3meno associado \u00e0 car\u00eancia econ\u00f3mica transformou-se, nos \u00faltimos anos, num neg\u00f3cio lucrativo para redes organizadas. Os furtos em supermercados e hipermercados est\u00e3o a aumentar em Portugal, com m\u00e9todos cada vez mais sofisticados e produtos de elevado valor a desaparecerem das prateleiras.<\/p>\n<p>S\u00f3 no primeiro semestre de 2025, a PSP e a GNR registaram 1.285 furtos nestes estabelecimentos, uma m\u00e9dia de 7,1 por dia.<\/p>\n<p>De acordo com os dados das for\u00e7as de seguran\u00e7a, os furtos em supermercados aumentaram 22,75% de 2023 para 2024, passando de 1.916 para 2.352 ocorr\u00eancias. No primeiro semestre de 2025, o n\u00famero de furtos voltou a subir: 1.285 casos, mais 9,64% do que no mesmo per\u00edodo do ano anterior.<\/p>\n<p>Lisboa e Porto concentram a maioria das ocorr\u00eancias. Juntos, estes dois distritos somaram 656 furtos nos primeiros seis meses de 2025, o que representa mais de metade do total nacional. Seguem-se Set\u00fabal (145), Faro (114) e Aveiro (95), completando o top cinco dos distritos mais afetados, s\u00f3 na \u00e1rea de interven\u00e7\u00e3o da PSP.<\/p>\n<p>\u201cTemos vindo a verificar uma evolu\u00e7\u00e3o negativa, com aumento de furtos em estabelecimentos comerciais, nomeadamente de bens aliment\u00edcios, mas tamb\u00e9m de produtos tecnol\u00f3gicos e vestu\u00e1rio\u201d, confirmou o porta-voz da PSP, subintendente S\u00e9rgio Soares, que sublinhou o facto de terem registado \u201csitua\u00e7\u00f5es com alguma profissionaliza\u00e7\u00e3o, com redes criminosas estruturadas, muitas vezes compostas por cidad\u00e3os estrangeiros, que furtam para revenda\u201d.<\/p>\n<p>A GNR, que atua sobretudo em zonas menos urbanas, registou 567 furtos em supermercados no primeiro semestre de 2025. Segundo aquela for\u00e7a de seguran\u00e7a, \u201ca den\u00fancia deste tipo de crime \u00e9 fundamental para a gest\u00e3o operacional dos recursos dispon\u00edveis\u201d, apelando \u00e0 colabora\u00e7\u00e3o dos lesados.<\/p>\n<p>Joana Machado, da comunica\u00e7\u00e3o da GNR, tamb\u00e9m confirmou a atua\u00e7\u00e3o de redes organizadas com lideran\u00e7a internacional e nacional que atua atrav\u00e9s da contrata\u00e7\u00e3o de elementos que efetuam os furtos.<\/p>\n<p>Os produtos mais furtados j\u00e1 n\u00e3o s\u00e3o os de primeira necessidade. Em 2022, predominavam as latas de atum, massas ou arroz, azeite. Hoje, os alvos s\u00e3o outros: bebidas alco\u00f3licas, nomeadamente as destiladas, c\u00e1psulas de caf\u00e9, cremes, videojogos e perfumes, exatamente por esta ordem.<\/p>\n<p>\u201cJ\u00e1 n\u00e3o roubam um champ\u00f4, roubam 20 ou 30. Por isso \u00e9 que j\u00e1 proibimos a entrada de mochilas\u201d, conta um funcion\u00e1rio de um supermercado em Massam\u00e1. \u201cTemos mais de 100 c\u00e2maras e mesmo assim n\u00e3o conseguimos evitar tudo. H\u00e1 produtos que nem d\u00e1 para p\u00f4r alarme. Como \u00e9 que se p\u00f5e um alarme numa faca ou numa colher?\u201d, acrescentou.<\/p>\n<p>A respons\u00e1vel de loja do Intermarch\u00e9 do Cac\u00e9m, Patr\u00edcia Rodrigues, confirmou que h\u00e1 uma mudan\u00e7a de perfil do ladr\u00e3o, mas naquele supermercado ainda h\u00e1 quem tente levar sem pagar, n\u00e3o s\u00f3 bebidas alco\u00f3licas, mas tamb\u00e9m queijos, caldos de Knorr, azeite e produtos enlatados.<\/p>\n<p>Os m\u00e9todos s\u00e3o cada vez mais ousados, segundo elementos fornecidos pela GNR e PSP. Usam sacos forrados a alum\u00ednio, mochilas com \u00edmanes, carrinhos de beb\u00e9, trocam etiquetas e alarmes, escondem entre o folheto das promo\u00e7\u00f5es ou num casaco.<\/p>\n<p>Tanto S\u00e9rgio Soares como Joana Machado relatam dificuldades na dete\u00e7\u00e3o e deten\u00e7\u00e3o destes indiv\u00edduos, uma vez que envolve redes organizadas e cidad\u00e3os estrangeiros.<\/p>\n<p>Mas j\u00e1 h\u00e1 casos que chegaram \u00e0 justi\u00e7a e com condena\u00e7\u00f5es ou multas confirmadas pelos tribunais da Rela\u00e7\u00e3o do Porto e de Lisboa.<\/p>\n<p>Foi o caso de duas mulheres que foram apanhadas a furtar videojogos de consolas PS5, no valor de 497 euros, usando um saco forrado a alum\u00ednio e fita cola, num supermercado em Aveiro. Como eram reincidentes e deram-se ao trabalho de viajar de Lisboa acabaram condenadas a penas de pris\u00e3o efetiva: uma a dois anos e seis meses, outra a dois anos e tr\u00eas meses. As c\u00famplices receberam multas de 390 euros cada.<\/p>\n<p>Outro caso aconteceu em Mafra. Uma mulher foi condenada a 400 dias de multa, no total teve de pagar dois mil euros por ter furtado cinco vezes em 15 dias. Levou cosm\u00e9ticos, brinquedos, alimentos e pilhas, num total de 846 euros. Retirava os alarmes e escondia os produtos em sacos, passando nas caixas sem pagar.<\/p>\n<p>Para combater este fen\u00f3meno, j\u00e1 h\u00e1 supermercados que est\u00e3o a investir em tecnologia. Um dos sistemas mais recentes \u00e9 o da empresa Veesion, que utiliza intelig\u00eancia artificial para detetar gestos suspeitos em tempo real e enviar alertas para os seguran\u00e7as.<\/p>\n<p>\u00c9 como um v\u00eddeo-\u00e1rbitro. Segundo, Lucas Ferreira, executivo de contas da Veesion, \u201ca c\u00e2mara deteta movimentos an\u00f3malos e avisa o seguran\u00e7a, que pode intervir de imediato.\u201d<\/p>\n<p>Nelson Marques Martins, presidente da Associa\u00e7\u00e3o de Empresas de Seguran\u00e7a (AES), confirmou que \u201ch\u00e1 um modelo h\u00edbrido de seguran\u00e7a, com vigil\u00e2ncia local, alarm\u00edstica de produtos e monitoriza\u00e7\u00e3o remota por v\u00eddeo\u201d. E acrescentou: \u201cNos \u00faltimos cinco anos, houve um aumento de furtos entre 10% e 20%, sobretudo no p\u00f3s-pandemia, com o aumento do custo de vida e a prolifera\u00e7\u00e3o das caixas self-checkout, que implicam novos riscos.\u201d<\/p>\n<p>\u201cH\u00e1 uma autonomia muito grande do cliente e menos controlo direto do colaborador\u201d, sublinhou.<\/p>\n<p>J\u00e1 a Associa\u00e7\u00e3o Portuguesa de Empresas de Distribui\u00e7\u00e3o (APED) admitiu um aumento nos furtos, mas recusa falar em alarme.<\/p>\n<p>\u201cEstamos a verificar um crescimento, mas nada que seja alarmante\u201d, afirmou Gon\u00e7alo Lobo Xavier, diretor-geral da APED. \u201cN\u00e3o consideramos que haja fatores sociais ou econ\u00f3micos por tr\u00e1s. Os produtos furtados, como bebidas alco\u00f3licas, n\u00e3o s\u00e3o de primeira necessidade.\u201d<\/p>\n<p>Ainda assim, admitiu que \u201ch\u00e1 uma tend\u00eancia de redes de meliantes que procuram os espa\u00e7os comerciais para furtar e revender\u201d. As perdas representam, segundo Gon\u00e7alo Lobo Xavier, que n\u00e3o quis falar em euros, cerca de 6% do volume de neg\u00f3cios das empresas de distribui\u00e7\u00e3o.<\/p>\n<p>Portugal n\u00e3o est\u00e1 sozinho. Na Alemanha, as perdas no retalho atingiram os 4,95 mil milh\u00f5es de euros em 2024, com os grupos criminosos organizados a representarem um ter\u00e7o dessas perdas. No Reino Unido, os preju\u00edzos ultrapassaram os 2,5 mil milh\u00f5es de euros.<\/p>\n<p>As t\u00e9cnicas s\u00e3o semelhantes: produtos pequenos e caros, como \u00e1lcool, c\u00e1psulas de caf\u00e9, perfumes, l\u00e2minas de barbear, telem\u00f3veis e roupa de marca. As lojas investem em c\u00e2maras, seguran\u00e7a privada, expositores trancados e forma\u00e7\u00e3o de funcion\u00e1rios. Ainda assim, 98% dos furtos n\u00e3o s\u00e3o detetados.<\/p>\n<p>Apesar dos investimentos em seguran\u00e7a e tecnologia, os profissionais do furto continuam a encontrar formas de contornar alarmes, c\u00e2maras e at\u00e9 intelig\u00eancia artificial.<\/p>\n<p>\u201cEstamos atentos e a combater o fen\u00f3meno da forma mais eficaz poss\u00edvel\u201d, garante o intendente da PSP, S\u00e9rgio Soares. \u201cMas h\u00e1 reincid\u00eancia, h\u00e1 redes organizadas e h\u00e1 uma realidade que n\u00e3o podemos ignorar: muitos fazem disto um modo de vida.\u201d<\/p>\n","protected":false},"excerpt":{"rendered":"Furtos aumentaram mais de 22% de 2023 para 2024 e, no primeiro semestre de 2025, a PSP e&hellip;\n","protected":false},"author":2,"featured_media":116424,"comment_status":"","ping_status":"","sticky":false,"template":"","format":"standard","meta":{"footnotes":""},"categories":[10],"tags":[609,836,611,20085,27,28,607,608,333,832,604,135,610,476,15,16,301,830,14,603,25,26,570,21,22,831,833,62,834,12,13,19,20,835,602,52,32,23,24,33,27275,27023,17,18,29,30,31],"class_list":{"0":"post-116423","1":"post","2":"type-post","3":"status-publish","4":"format-standard","5":"has-post-thumbnail","7":"category-portugal","8":"tag-alerta","9":"tag-analise","10":"tag-ao-minuto","11":"tag-assaltos","12":"tag-breaking-news","13":"tag-breakingnews","14":"tag-cnn","15":"tag-cnn-portugal","16":"tag-comentadores","17":"tag-costa","18":"tag-crime","19":"tag-desporto","20":"tag-direto","21":"tag-economia","22":"tag-featured-news","23":"tag-featurednews","24":"tag-governo","25":"tag-guerra","26":"tag-headlines","27":"tag-justica","28":"tag-latest-news","29":"tag-latestnews","30":"tag-live","31":"tag-main-news","32":"tag-mainnews","33":"tag-mais-vistas","34":"tag-marcelo","35":"tag-mundo","36":"tag-negocios","37":"tag-news","38":"tag-noticias","39":"tag-noticias-principais","40":"tag-noticiasprincipais","41":"tag-opiniao","42":"tag-pais","43":"tag-politica","44":"tag-portugal","45":"tag-principais-noticias","46":"tag-principaisnoticias","47":"tag-pt","48":"tag-roubos-supermercados","49":"tag-supermercados","50":"tag-top-stories","51":"tag-topstories","52":"tag-ultimas","53":"tag-ultimas-noticias","54":"tag-ultimasnoticias"},"share_on_mastodon":{"url":"","error":""},"_links":{"self":[{"href":"https:\/\/www.europesays.com\/pt\/wp-json\/wp\/v2\/posts\/116423","targetHints":{"allow":["GET"]}}],"collection":[{"href":"https:\/\/www.europesays.com\/pt\/wp-json\/wp\/v2\/posts"}],"about":[{"href":"https:\/\/www.europesays.com\/pt\/wp-json\/wp\/v2\/types\/post"}],"author":[{"embeddable":true,"href":"https:\/\/www.europesays.com\/pt\/wp-json\/wp\/v2\/users\/2"}],"replies":[{"embeddable":true,"href":"https:\/\/www.europesays.com\/pt\/wp-json\/wp\/v2\/comments?post=116423"}],"version-history":[{"count":0,"href":"https:\/\/www.europesays.com\/pt\/wp-json\/wp\/v2\/posts\/116423\/revisions"}],"wp:featuredmedia":[{"embeddable":true,"href":"https:\/\/www.europesays.com\/pt\/wp-json\/wp\/v2\/media\/116424"}],"wp:attachment":[{"href":"https:\/\/www.europesays.com\/pt\/wp-json\/wp\/v2\/media?parent=116423"}],"wp:term":[{"taxonomy":"category","embeddable":true,"href":"https:\/\/www.europesays.com\/pt\/wp-json\/wp\/v2\/categories?post=116423"},{"taxonomy":"post_tag","embeddable":true,"href":"https:\/\/www.europesays.com\/pt\/wp-json\/wp\/v2\/tags?post=116423"}],"curies":[{"name":"wp","href":"https:\/\/api.w.org\/{rel}","templated":true}]}}