{"id":116425,"date":"2025-10-18T20:59:08","date_gmt":"2025-10-18T20:59:08","guid":{"rendered":"https:\/\/www.europesays.com\/pt\/116425\/"},"modified":"2025-10-18T20:59:08","modified_gmt":"2025-10-18T20:59:08","slug":"braga-escapa-com-vitoria-em-visita-a-braganca-na-taca-de-portugal","status":"publish","type":"post","link":"https:\/\/www.europesays.com\/pt\/116425\/","title":{"rendered":"Braga escapa com vit\u00f3ria em visita a Bragan\u00e7a na Ta\u00e7a de Portugal"},"content":{"rendered":"<p>&#8211; Advertisement &#8211;<\/p>\n<p><strong>O Braga enfrentou o Bragan\u00e7a na terceira eliminat\u00f3ria da Ta\u00e7a de Portugal e conseguiu uma vit\u00f3ria pela margem m\u00ednima. <\/strong><\/p>\n<p>Na terceira eliminat\u00f3ria da <a href=\"https:\/\/bolanarede.pt\/categoria\/nacional\/taca-de-portugal\/\" target=\"_blank\" rel=\"noreferrer noopener nofollow\">Ta\u00e7a de Portugal<\/a>, o Bragan\u00e7a recebeu o Braga no Est\u00e1dio Municipal Eng.\u00ba Jos\u00e9 Lu\u00eds Pinheiro. O Braga venceu a partida com um golo j\u00e1 perto do final.<\/p>\n<p>Na primeira parte, a equipa transmontana, que compete duas divis\u00f5es abaixo no Campeonato de Portugal, aguentou bem os visitantes e terminou a primeira parte empatado a zero. O Braga precisou mesmo de esperar at\u00e9 aos 84 minutos para <a href=\"https:\/\/bolanarede.pt\/etiqueta\/ricardo-horta\/\" target=\"_blank\" rel=\"noreferrer noopener nofollow\">Ricardo Horta<\/a> fazer a diferen\u00e7a com um remate de fora de \u00e1rea. Aos 92 minutos, R\u00faben Ferreira levou o cart\u00e3o vermelho por uma entrada sobre Fran Navarro.<\/p>\n<p>O <a href=\"https:\/\/bolanarede.pt\/etiqueta\/braga\/\" rel=\"nofollow noopener\" target=\"_blank\">Braga<\/a>, na temporada passada, alcan\u00e7ou os quartos-de-final nos quais foi eliminado pelo Benfica. O Bragan\u00e7a conseguiu melhorar esta temporada, chegando \u00e0 terceira eliminat\u00f3ria ap\u00f3s eliminar o Brito, quando na temporada passada n\u00e3o passaram da segunda eliminat\u00f3ria.  <\/p>\n","protected":false},"excerpt":{"rendered":"&#8211; Advertisement &#8211; O Braga enfrentou o Bragan\u00e7a na terceira eliminat\u00f3ria da Ta\u00e7a de Portugal e conseguiu uma&hellip;\n","protected":false},"author":2,"featured_media":116426,"comment_status":"","ping_status":"","sticky":false,"template":"","format":"standard","meta":{"footnotes":""},"categories":[8],"tags":[260,1912,1450,27,28,15,16,14,25,26,21,22,12,13,19,20,32,23,24,33,3142,17,18,29,30,31],"class_list":{"0":"post-116425","1":"post","2":"type-post","3":"status-publish","4":"format-standard","5":"has-post-thumbnail","7":"category-principais-noticias","8":"tag-atualidade","9":"tag-braga","10":"tag-braganca","11":"tag-breaking-news","12":"tag-breakingnews","13":"tag-featured-news","14":"tag-featurednews","15":"tag-headlines","16":"tag-latest-news","17":"tag-latestnews","18":"tag-main-news","19":"tag-mainnews","20":"tag-news","21":"tag-noticias","22":"tag-noticias-principais","23":"tag-noticiasprincipais","24":"tag-portugal","25":"tag-principais-noticias","26":"tag-principaisnoticias","27":"tag-pt","28":"tag-taca-de-portugal","29":"tag-top-stories","30":"tag-topstories","31":"tag-ultimas","32":"tag-ultimas-noticias","33":"tag-ultimasnoticias"},"share_on_mastodon":{"url":"","error":""},"_links":{"self":[{"href":"https:\/\/www.europesays.com\/pt\/wp-json\/wp\/v2\/posts\/116425","targetHints":{"allow":["GET"]}}],"collection":[{"href":"https:\/\/www.europesays.com\/pt\/wp-json\/wp\/v2\/posts"}],"about":[{"href":"https:\/\/www.europesays.com\/pt\/wp-json\/wp\/v2\/types\/post"}],"author":[{"embeddable":true,"href":"https:\/\/www.europesays.com\/pt\/wp-json\/wp\/v2\/users\/2"}],"replies":[{"embeddable":true,"href":"https:\/\/www.europesays.com\/pt\/wp-json\/wp\/v2\/comments?post=116425"}],"version-history":[{"count":0,"href":"https:\/\/www.europesays.com\/pt\/wp-json\/wp\/v2\/posts\/116425\/revisions"}],"wp:featuredmedia":[{"embeddable":true,"href":"https:\/\/www.europesays.com\/pt\/wp-json\/wp\/v2\/media\/116426"}],"wp:attachment":[{"href":"https:\/\/www.europesays.com\/pt\/wp-json\/wp\/v2\/media?parent=116425"}],"wp:term":[{"taxonomy":"category","embeddable":true,"href":"https:\/\/www.europesays.com\/pt\/wp-json\/wp\/v2\/categories?post=116425"},{"taxonomy":"post_tag","embeddable":true,"href":"https:\/\/www.europesays.com\/pt\/wp-json\/wp\/v2\/tags?post=116425"}],"curies":[{"name":"wp","href":"https:\/\/api.w.org\/{rel}","templated":true}]}}