{"id":116447,"date":"2025-10-18T21:17:08","date_gmt":"2025-10-18T21:17:08","guid":{"rendered":"https:\/\/www.europesays.com\/pt\/116447\/"},"modified":"2025-10-18T21:17:08","modified_gmt":"2025-10-18T21:17:08","slug":"exclusivo-estreia-terra-forte-revelamos-como-comeca-o-primeiro-episodio-novelas","status":"publish","type":"post","link":"https:\/\/www.europesays.com\/pt\/116447\/","title":{"rendered":"Exclusivo estreia \u00abTerra Forte\u00bb: Revelamos como come\u00e7a o primeiro epis\u00f3dio &#8211; Novelas"},"content":{"rendered":"<p>Em \u00abTerra Forte\u00bb, estamos em 1992, Florian\u00f3polis, e <a href=\"https:\/\/tvi.iol.pt\/novelas\/flor\/terra-forte\/terra-forte-ja-sabe-como-vai-ser-a-personagem-de-benedita-pereira\" rel=\"nofollow noopener\" target=\"_blank\">Flor (Benedita Pereira) <\/a>est\u00e1 a brincar com crian\u00e7as na rua quando Manuel (Ant\u00f3nio Capelo) chega do trabalho e oferece-lhe uma matrioska. Manuel diz \u00e0 filha que aquela boneca \u00e9 a representa\u00e7\u00e3o das v\u00e1rias gera\u00e7\u00f5es da fam\u00edlia deles, referindo estar prestes a conseguir mudar o curso da vida deles.<\/p>\n<p>Manuel chega a uma casa luxuosa e estende uma pasta a \u00c1lvaro (Jos\u00e9 Wallenstein), que fica em choque por Manuel lhe dizer que aproveitou a maneira leviana como ele encara os neg\u00f3cios para passar todos os bens deles para si, indo pagar por todos aqueles anos em que o explorou. \u00c1lvaro defende-se que foi ele quem o ajudou quando veio dos A\u00e7ores, mas Manuel ignora-o. Sammy (Jos\u00e9 Fidalgo) fica a chorar ap\u00f3s Manuel lhe tirar a matrioska\u00a0que tinha oferecido a Flor e \u00c1lvaro promete ao filho ir recuperar tudo o que perderam.<\/p>\n","protected":false},"excerpt":{"rendered":"Em \u00abTerra Forte\u00bb, estamos em 1992, Florian\u00f3polis, e Flor (Benedita Pereira) est\u00e1 a brincar com crian\u00e7as na rua&hellip;\n","protected":false},"author":2,"featured_media":116448,"comment_status":"","ping_status":"","sticky":false,"template":"","format":"standard","meta":{"footnotes":""},"categories":[142],"tags":[160,27279,7951,166,114,115,4734,157,167,978,164,24821,161,158,165,159,32,33,156,18614,163,151,162],"class_list":{"0":"post-116447","1":"post","2":"type-post","3":"status-publish","4":"format-standard","5":"has-post-thumbnail","7":"category-tv","8":"tag-ana-guiomar","9":"tag-antonio-capelo","10":"tag-benedita-pereira","11":"tag-cristina-ferreira","12":"tag-entertainment","13":"tag-entretenimento","14":"tag-estreia","15":"tag-festa-e-festa","16":"tag-ficcao","17":"tag-flor","18":"tag-jose-fidalgo","19":"tag-manuel","20":"tag-novelas","21":"tag-para-sempre","22":"tag-pedro-sousa","23":"tag-pedro-teixeira","24":"tag-portugal","25":"tag-pt","26":"tag-queridos-papas","27":"tag-terra-forte","28":"tag-tiago-teotonio-pereira","29":"tag-tv","30":"tag-tvi"},"share_on_mastodon":{"url":"","error":""},"_links":{"self":[{"href":"https:\/\/www.europesays.com\/pt\/wp-json\/wp\/v2\/posts\/116447","targetHints":{"allow":["GET"]}}],"collection":[{"href":"https:\/\/www.europesays.com\/pt\/wp-json\/wp\/v2\/posts"}],"about":[{"href":"https:\/\/www.europesays.com\/pt\/wp-json\/wp\/v2\/types\/post"}],"author":[{"embeddable":true,"href":"https:\/\/www.europesays.com\/pt\/wp-json\/wp\/v2\/users\/2"}],"replies":[{"embeddable":true,"href":"https:\/\/www.europesays.com\/pt\/wp-json\/wp\/v2\/comments?post=116447"}],"version-history":[{"count":0,"href":"https:\/\/www.europesays.com\/pt\/wp-json\/wp\/v2\/posts\/116447\/revisions"}],"wp:featuredmedia":[{"embeddable":true,"href":"https:\/\/www.europesays.com\/pt\/wp-json\/wp\/v2\/media\/116448"}],"wp:attachment":[{"href":"https:\/\/www.europesays.com\/pt\/wp-json\/wp\/v2\/media?parent=116447"}],"wp:term":[{"taxonomy":"category","embeddable":true,"href":"https:\/\/www.europesays.com\/pt\/wp-json\/wp\/v2\/categories?post=116447"},{"taxonomy":"post_tag","embeddable":true,"href":"https:\/\/www.europesays.com\/pt\/wp-json\/wp\/v2\/tags?post=116447"}],"curies":[{"name":"wp","href":"https:\/\/api.w.org\/{rel}","templated":true}]}}