{"id":116449,"date":"2025-10-18T21:19:09","date_gmt":"2025-10-18T21:19:09","guid":{"rendered":"https:\/\/www.europesays.com\/pt\/116449\/"},"modified":"2025-10-18T21:19:09","modified_gmt":"2025-10-18T21:19:09","slug":"michael-waldron-revela-em-qual-papel-escalaria-glen-powell-no-mcu","status":"publish","type":"post","link":"https:\/\/www.europesays.com\/pt\/116449\/","title":{"rendered":"Michael Waldron revela em qual papel escalaria Glen Powell no MCU"},"content":{"rendered":"<p>Durante sua participa\u00e7\u00e3o no podcast <a href=\"https:\/\/open.spotify.com\/episode\/4G8vayBD0BvrvRxE7Dk386\" rel=\"nofollow noopener\" target=\"_blank\">Bingeworthy<\/a>, o roteirista <strong>Michael Waldron<\/strong> falou sobre seu novo projeto para o Hulu, a s\u00e9rie Chad Powers, que tem <strong>Glen Powell<\/strong> no papel principal.<\/p>\n<p>Por conta da grande contribui\u00e7\u00e3o de Waldron para o MCU como criador da s\u00e9rie Loki e roteirista de Doutor Estranho no Multiverso da Loucura e Vingadores: Doomsday, \u00e9 claro que o t\u00f3pico tamb\u00e9m foi abordado. Ao ser perguntado para qual personagem da Marvel escalaria Glen Powell se tivesse liberdade para isso, a resposta foi dada sem hesita\u00e7\u00e3o: Nova.\u00a0<\/p>\n<p>Nos quadrinhos, Nova \u00e9 um guerreiro c\u00f3smico e um dos personagens mais fortes da Marvel, que tamb\u00e9m atende pelo nome Richard Rider e \u00e9 escolhido pelo alien\u00edgena Rhomann Dey para herdar seus poderes como centuri\u00e3o da Tropa Nova.\u00a0<\/p>\n<p>&#8220;Ele seria um bom Nova&#8221;, refor\u00e7ou Waldron. Desde que os filmes de Guardi\u00f5es da Gal\u00e1xia introduziram a Tropa Nova no MCU, h\u00e1 expectativas de que o personagem apare\u00e7a no universo cinematogr\u00e1fico da Marvel. Ser\u00e1 que Glen Powell seria a melhor escolha para o personagem?<\/p>\n<p>      Tudo sobre\u00a0Vingadores: Doomsday<\/p>\n<p data-gtm-vis-first-on-screen67967661_30=\"1813\" data-gtm-vis-has-fired67967661_30=\"1\" data-gtm-vis-total-visible-time67967661_30=\"100\">A Marvel j\u00e1 confirmou os principais nomes do elenco do novo filme, em uma das maiores reuni\u00f5es de astros do MCU j\u00e1 realizada. Dos filmes anteriores de\u00a0Vingadores,\u00a0retornam:\u00a0Chris Hemsworth\u00a0como Thor,\u00a0Anthony Mackie\u00a0como\u00a0Capit\u00e3o Am\u00e9rica,\u00a0Sebastian Stan\u00a0como Soldado Invernal,\u00a0Paul Rudd\u00a0como Homem-Formiga,\u00a0Winston Duke\u00a0como M&#8217;Baku e\u00a0Letitia Wright\u00a0como Pantera Negra.\u00a0Tom Hiddleston\u00a0tamb\u00e9m retorna como Loki.<\/p>\n<p>De personagens apresentados p\u00f3s-Vingadores: Ultimato\u00a0&#8211; nas fases 4 e 5 do MCU &#8211;\u00a0temos\u00a0Simu Liu\u00a0como Shang-Chi,\u00a0Danny Ramirez\u00a0como Falc\u00e3o, todo o novo\u00a0Quarteto Fant\u00e1stico\u00a0(Pedro Pascal\u00a0como Sr. Fant\u00e1stico,\u00a0Vanessa Kirby\u00a0como Mulher Invis\u00edvel,\u00a0Joseph Quinn\u00a0como Tocha Humana e\u00a0Ebon Moss-Bachrach\u00a0como o Coisa) e quase todo o elenco de\u00a0Thunderbolts* (Florence Pugh\u00a0como Yelena,\u00a0Wyatt Russell\u00a0como Agente Americano,\u00a0David Harbour\u00a0como Guardi\u00e3o Vermelho,\u00a0Hanah John-Kamen\u00a0como Fantasma e\u00a0Lewis Pullman\u00a0como Bob, o Sentinela).<\/p>\n<p>Em uma live de an\u00fancio do elenco, houve tamb\u00e9m a grande surpresa do filme at\u00e9 aqui: o retorno dos X-Men cl\u00e1ssicos dos filmes da antiga Fox, incluindo Patrick Stewart\u00a0como Professor X,\u00a0Ian McKellen\u00a0como Magneto,\u00a0James Marsden\u00a0como Ciclope,\u00a0Alan Cumming\u00a0como Noturno,\u00a0Kelsey Grammer\u00a0como Fera,\u00a0Rebecca Romijn\u00a0como M\u00edstica e, apresentado em\u00a0Deadpool &amp; Wolverine,\u00a0Channing Tatum\u00a0como Gambit.<\/p>\n<p data-gtm-vis-first-on-screen67967661_30=\"55338\" data-gtm-vis-has-fired67967661_30=\"1\" data-gtm-vis-recent-on-screen67967661_30=\"55338\" data-gtm-vis-total-visible-time67967661_30=\"100\">O vil\u00e3o da hist\u00f3ria, enquanto isso, ser\u00e1 o Doutor Destino de Robert Downey Jr.\u00a0Vingadores: Doomsday\u00a0contar\u00e1 com dire\u00e7\u00e3o dos irm\u00e3os Anthony e Joe Russo (Ultimato), e roteiro de Michael Waldron (Loki) e\u00a0Stephen McFreely (Ultimato).<\/p>\n<p data-gtm-vis-first-on-screen67967661_30=\"55338\" data-gtm-vis-has-fired67967661_30=\"1\" data-gtm-vis-total-visible-time67967661_30=\"100\">A estreia de\u00a0Vingadores: Doomsday\u00a0ficou para 18 de dezembro de 2026 no Brasil, preparando o terreno para\u00a0Vingadores: Guerras Secretas\u00a0em 2027.<\/p>\n","protected":false},"excerpt":{"rendered":"Durante sua participa\u00e7\u00e3o no podcast Bingeworthy, o roteirista Michael Waldron falou sobre seu novo projeto para o Hulu,&hellip;\n","protected":false},"author":2,"featured_media":116450,"comment_status":"","ping_status":"","sticky":false,"template":"","format":"standard","meta":{"footnotes":""},"categories":[140],"tags":[114,115,147,148,146,32,33],"class_list":{"0":"post-116449","1":"post","2":"type-post","3":"status-publish","4":"format-standard","5":"has-post-thumbnail","7":"category-filmes","8":"tag-entertainment","9":"tag-entretenimento","10":"tag-film","11":"tag-filmes","12":"tag-movies","13":"tag-portugal","14":"tag-pt"},"share_on_mastodon":{"url":"","error":""},"_links":{"self":[{"href":"https:\/\/www.europesays.com\/pt\/wp-json\/wp\/v2\/posts\/116449","targetHints":{"allow":["GET"]}}],"collection":[{"href":"https:\/\/www.europesays.com\/pt\/wp-json\/wp\/v2\/posts"}],"about":[{"href":"https:\/\/www.europesays.com\/pt\/wp-json\/wp\/v2\/types\/post"}],"author":[{"embeddable":true,"href":"https:\/\/www.europesays.com\/pt\/wp-json\/wp\/v2\/users\/2"}],"replies":[{"embeddable":true,"href":"https:\/\/www.europesays.com\/pt\/wp-json\/wp\/v2\/comments?post=116449"}],"version-history":[{"count":0,"href":"https:\/\/www.europesays.com\/pt\/wp-json\/wp\/v2\/posts\/116449\/revisions"}],"wp:featuredmedia":[{"embeddable":true,"href":"https:\/\/www.europesays.com\/pt\/wp-json\/wp\/v2\/media\/116450"}],"wp:attachment":[{"href":"https:\/\/www.europesays.com\/pt\/wp-json\/wp\/v2\/media?parent=116449"}],"wp:term":[{"taxonomy":"category","embeddable":true,"href":"https:\/\/www.europesays.com\/pt\/wp-json\/wp\/v2\/categories?post=116449"},{"taxonomy":"post_tag","embeddable":true,"href":"https:\/\/www.europesays.com\/pt\/wp-json\/wp\/v2\/tags?post=116449"}],"curies":[{"name":"wp","href":"https:\/\/api.w.org\/{rel}","templated":true}]}}