{"id":116461,"date":"2025-10-18T21:26:21","date_gmt":"2025-10-18T21:26:21","guid":{"rendered":"https:\/\/www.europesays.com\/pt\/116461\/"},"modified":"2025-10-18T21:26:21","modified_gmt":"2025-10-18T21:26:21","slug":"bloco-de-esquerda-mantem-intencao-de-futuras-coligacoes-com-o-livre","status":"publish","type":"post","link":"https:\/\/www.europesays.com\/pt\/116461\/","title":{"rendered":"Bloco de Esquerda mant\u00e9m inten\u00e7\u00e3o de futuras coliga\u00e7\u00f5es com o Livre"},"content":{"rendered":"<p>A Comiss\u00e3o Pol\u00edtica do Bloco de Esquerda reuniu-se quinta-feira, dia 16 de outubro, para discutir os principais resultados eleitorais. Sabe o DN que o encontro, via videoconfer\u00eancia, demorou cerca de duas horas e que foi a coordenadora, Mariana Mort\u00e1gua, a assumir os principais pontos em discuss\u00e3o. <\/p>\n<p>Os resultados eleitorais, com uma vereadora eleita em Lisboa, ficaram aqu\u00e9m. <strong>Depois de ter mencionado que o desempenho tinha sido \u201cmodesto\u201d, Mort\u00e1gua assumiu mais perentoriamente a desilus\u00e3o e \u201cos maus resultados\u201d<\/strong>. Em 2021, o Bloco tinha conseguido 159 representa\u00e7\u00f5es em freguesias, agora ficou-se por 31. Passou de quatro vereadores para uma, em Lisboa, e tamb\u00e9m sofreu uma queda abrupta nos deputados municipais, de 94 para 17, incluindo neste n\u00famero coliga\u00e7\u00f5es com o Livre. Seis deputados municipais em listas pr\u00f3prias foram eleitos em Coimbra, Moita, Porto, Torres Novas, Horta e Vila do Porto.<\/p>\n<p><strong>As coliga\u00e7\u00f5es com o Livre, por\u00e9m, n\u00e3o s\u00e3o o problema de acordo com os \u00f3rg\u00e3os m\u00e1ximos do partido, antes, sim, a conjuntura menos favor\u00e1vel.<\/strong> <strong>Foi at\u00e9 defendido que a forma de o Bloco procurar eleger em C\u00e2maras Municipais e Assembleias teria de passar por jun\u00e7\u00e3o de for\u00e7as no territ\u00f3rio.<\/strong> Mesmo que tenha apresentado mais candidaturas pr\u00f3prias do que em coliga\u00e7\u00e3o (foram 22 pelo territ\u00f3rio, mais 20 do que em 2021), a leitura \u00e9 de que <strong>a associa\u00e7\u00e3o a parceiros de esquerda pode continuar a merecer confian\u00e7a e n\u00e3o foram estas a justificar resultados parcos<\/strong>. Recorde-se que, como o DN noticiou, as mo\u00e7\u00f5es de oposi\u00e7\u00e3o na pr\u00f3xima Conven\u00e7\u00e3o salientam que houve pouca clareza, com jun\u00e7\u00f5es distintas em v\u00e1rios locais, e alguma perda de protagonismo para o Livre, que, pelas elei\u00e7\u00f5es Legislativas, ganhou propens\u00e3o, com seis deputados eleitos.<\/p>\n<p>Jorge Costa, Isabel Pires, Joana Mort\u00e1gua, Jos\u00e9 Gusm\u00e3o, Pedro Filipe Soares e Jos\u00e9 Soeiro foram alguns dos que analisaram os pontos em discuss\u00e3o. Tamb\u00e9m a candidatura de Catarina Martins, que \u00e9 apresentada s\u00e1bado no Porto, foi abordada: <strong>houve garantias de que o financiamento n\u00e3o ser\u00e1 problem\u00e1tico devido a uma campanha que se quer contida. O nome da eurodeputada e ex-l\u00edder do BE, de acordo com a coordena\u00e7\u00e3o, \u00e9 uma possibilidade de relan\u00e7ar eleitoralmente o Bloco e agrupar votos que transcendam o partido.<\/strong><\/p>\n<p>No fim de semana pr\u00f3ximo, no dia 26 de outubro, haver\u00e1 reuni\u00e3o da Mesa Nacional. Ao contr\u00e1rio da Comiss\u00e3o Pol\u00edtica, para a qual foram convidadas mo\u00e7\u00f5es opositoras, n\u00e3o est\u00e3o previstas inclus\u00f5es de elementos que n\u00e3o perten\u00e7am j\u00e1 \u00e0 Mesa Nacional do partido.<\/p>\n","protected":false},"excerpt":{"rendered":"A Comiss\u00e3o Pol\u00edtica do Bloco de Esquerda reuniu-se quinta-feira, dia 16 de outubro, para discutir os principais resultados&hellip;\n","protected":false},"author":2,"featured_media":116462,"comment_status":"","ping_status":"","sticky":false,"template":"","format":"standard","meta":{"footnotes":""},"categories":[10],"tags":[2431,454,27,28,21811,15,16,14,23665,6468,27282,25,26,453,21,22,1737,12,13,19,20,32,1076,23,24,33,17,18,29,30,31],"class_list":{"0":"post-116461","1":"post","2":"type-post","3":"status-publish","4":"format-standard","5":"has-post-thumbnail","7":"category-portugal","8":"tag-autarquicas-2025","9":"tag-bloco-de-esquerda","10":"tag-breaking-news","11":"tag-breakingnews","12":"tag-catarina-martins","13":"tag-featured-news","14":"tag-featurednews","15":"tag-headlines","16":"tag-joana-mortagua","17":"tag-jorge-costa","18":"tag-jose-soeiro","19":"tag-latest-news","20":"tag-latestnews","21":"tag-livre","22":"tag-main-news","23":"tag-mainnews","24":"tag-mariana-mortagua","25":"tag-news","26":"tag-noticias","27":"tag-noticias-principais","28":"tag-noticiasprincipais","29":"tag-portugal","30":"tag-presidenciais-2026","31":"tag-principais-noticias","32":"tag-principaisnoticias","33":"tag-pt","34":"tag-top-stories","35":"tag-topstories","36":"tag-ultimas","37":"tag-ultimas-noticias","38":"tag-ultimasnoticias"},"share_on_mastodon":{"url":"","error":""},"_links":{"self":[{"href":"https:\/\/www.europesays.com\/pt\/wp-json\/wp\/v2\/posts\/116461","targetHints":{"allow":["GET"]}}],"collection":[{"href":"https:\/\/www.europesays.com\/pt\/wp-json\/wp\/v2\/posts"}],"about":[{"href":"https:\/\/www.europesays.com\/pt\/wp-json\/wp\/v2\/types\/post"}],"author":[{"embeddable":true,"href":"https:\/\/www.europesays.com\/pt\/wp-json\/wp\/v2\/users\/2"}],"replies":[{"embeddable":true,"href":"https:\/\/www.europesays.com\/pt\/wp-json\/wp\/v2\/comments?post=116461"}],"version-history":[{"count":0,"href":"https:\/\/www.europesays.com\/pt\/wp-json\/wp\/v2\/posts\/116461\/revisions"}],"wp:featuredmedia":[{"embeddable":true,"href":"https:\/\/www.europesays.com\/pt\/wp-json\/wp\/v2\/media\/116462"}],"wp:attachment":[{"href":"https:\/\/www.europesays.com\/pt\/wp-json\/wp\/v2\/media?parent=116461"}],"wp:term":[{"taxonomy":"category","embeddable":true,"href":"https:\/\/www.europesays.com\/pt\/wp-json\/wp\/v2\/categories?post=116461"},{"taxonomy":"post_tag","embeddable":true,"href":"https:\/\/www.europesays.com\/pt\/wp-json\/wp\/v2\/tags?post=116461"}],"curies":[{"name":"wp","href":"https:\/\/api.w.org\/{rel}","templated":true}]}}