{"id":116465,"date":"2025-10-18T21:28:26","date_gmt":"2025-10-18T21:28:26","guid":{"rendered":"https:\/\/www.europesays.com\/pt\/116465\/"},"modified":"2025-10-18T21:28:26","modified_gmt":"2025-10-18T21:28:26","slug":"a-pedido-de-muita-gente-apos-imagens-ineditas-joana-diniz-declara-se-a-um-ex-concorrente-de-secret-story","status":"publish","type":"post","link":"https:\/\/www.europesays.com\/pt\/116465\/","title":{"rendered":"&#8220;A pedido de muita gente&#8221;: ap\u00f3s imagens in\u00e9ditas, Joana Diniz declara-se a um ex-concorrente de &#8220;Secret Story&#8221;!"},"content":{"rendered":"<p>Recentemente, no Instagram, <a href=\"https:\/\/selfie.iol.pt\/famosos\/joana-diniz\/joana-diniz-arrisca-em-mudanca-de-visual-radical-e-verdade-isto-aconteceu\/20251007\/68e56edcd34ee0c2fed0fce5\" target=\"_blank\" rel=\"nofollow noopener\">Joana Diniz<\/a> mostrou-se rendida a um amigo, <a href=\"https:\/\/selfie.iol.pt\/famosos\/joao-ricardo-ferreira\/joao-ricardo-abre-o-coracao-cura-se-uma-ferida-e-fala-se-de-amor\/20251008\/68e6b399d34ee0c2fed10790\" target=\"_blank\" rel=\"nofollow noopener\">Jo\u00e3o Ricardo<\/a>. Nessa rede social, o ex-concorrente de &#8220;<a href=\"https:\/\/tvi.iol.pt\/secretstory\/\" target=\"_blank\" rel=\"nofollow noopener\">Secret Story &#8211; Casa dos Segredos<\/a>&#8221; partilhou um v\u00eddeo, no qual surge sorridente.<\/p>\n<p>&#8220;Webinar de sorriso a pedido de muita gente&#8221;, assinalou, com sentido de humor, Jo\u00e3o Ricardo. E, na caixa de coment\u00e1rios, Joana Diniz declarou-se ao amigo: &#8220;O sorriso mais lindo do mundo \u00e9 o do meu amor.&#8221;<\/p>\n<p>Veja, agora, o v\u00eddeo. E n\u00e3o deixe de espreitar algumas das melhores imagens de Joana Diniz e Jo\u00e3o Ricardo nas galerias de fotografias que prepar\u00e1mos para si.<\/p>\n<blockquote class=\"instagram-media\" data-instgrm-captioned=\"\" data-instgrm-permalink=\"https:\/\/www.instagram.com\/reel\/DPrd14xjb9W\/?utm_source=ig_embed&amp;utm_campaign=loading\" data-instgrm-version=\"14\" style=\" background:#FFF; border:0; border-radius:3px; box-shadow:0 0 1px 0 rgba(0,0,0,0.5),0 1px 10px 0 rgba(0,0,0,0.15); margin: 1px; max-width:540px; min-width:326px; padding:0; width:99.375%; width:-webkit-calc(100% - 2px); width:calc(100% - 2px);\">\n<\/blockquote>\n<p>                        <script async src=\"\/\/www.instagram.com\/embed.js\"><\/script><\/p>\n","protected":false},"excerpt":{"rendered":"Recentemente, no Instagram, Joana Diniz mostrou-se rendida a um amigo, Jo\u00e3o Ricardo. Nessa rede social, o ex-concorrente de&hellip;\n","protected":false},"author":2,"featured_media":116466,"comment_status":"","ping_status":"","sticky":false,"template":"","format":"standard","meta":{"footnotes":""},"categories":[145],"tags":[3736,2632,211,210,114,115,980,1015,3213,1829,619,32,33,1014,1315,1012,162],"class_list":{"0":"post-116465","1":"post","2":"type-post","3":"status-publish","4":"format-standard","5":"has-post-thumbnail","7":"category-celebridades","8":"tag-amizade","9":"tag-casa-dos-segredos","10":"tag-celebridades","11":"tag-celebrities","12":"tag-entertainment","13":"tag-entretenimento","14":"tag-famosos","15":"tag-instagram","16":"tag-joana-diniz","17":"tag-joao-ricardo","18":"tag-nacional","19":"tag-portugal","20":"tag-pt","21":"tag-reality-show","22":"tag-secret-story","23":"tag-selfie","24":"tag-tvi"},"share_on_mastodon":{"url":"","error":""},"_links":{"self":[{"href":"https:\/\/www.europesays.com\/pt\/wp-json\/wp\/v2\/posts\/116465","targetHints":{"allow":["GET"]}}],"collection":[{"href":"https:\/\/www.europesays.com\/pt\/wp-json\/wp\/v2\/posts"}],"about":[{"href":"https:\/\/www.europesays.com\/pt\/wp-json\/wp\/v2\/types\/post"}],"author":[{"embeddable":true,"href":"https:\/\/www.europesays.com\/pt\/wp-json\/wp\/v2\/users\/2"}],"replies":[{"embeddable":true,"href":"https:\/\/www.europesays.com\/pt\/wp-json\/wp\/v2\/comments?post=116465"}],"version-history":[{"count":0,"href":"https:\/\/www.europesays.com\/pt\/wp-json\/wp\/v2\/posts\/116465\/revisions"}],"wp:featuredmedia":[{"embeddable":true,"href":"https:\/\/www.europesays.com\/pt\/wp-json\/wp\/v2\/media\/116466"}],"wp:attachment":[{"href":"https:\/\/www.europesays.com\/pt\/wp-json\/wp\/v2\/media?parent=116465"}],"wp:term":[{"taxonomy":"category","embeddable":true,"href":"https:\/\/www.europesays.com\/pt\/wp-json\/wp\/v2\/categories?post=116465"},{"taxonomy":"post_tag","embeddable":true,"href":"https:\/\/www.europesays.com\/pt\/wp-json\/wp\/v2\/tags?post=116465"}],"curies":[{"name":"wp","href":"https:\/\/api.w.org\/{rel}","templated":true}]}}