{"id":116467,"date":"2025-10-18T21:30:25","date_gmt":"2025-10-18T21:30:25","guid":{"rendered":"https:\/\/www.europesays.com\/pt\/116467\/"},"modified":"2025-10-18T21:30:25","modified_gmt":"2025-10-18T21:30:25","slug":"jornal-panorama","status":"publish","type":"post","link":"https:\/\/www.europesays.com\/pt\/116467\/","title":{"rendered":"&#8211; Jornal Panorama"},"content":{"rendered":"<p>A Secretaria Municipal de Educa\u00e7\u00e3o (Smed) de Belo Horizonte, por meio do Programa de Educa\u00e7\u00e3o Ambiental (EcoEscola), ir\u00e1 distribuir at\u00e9 o final do ano exemplares do livro \u201cLembra: isto \u00e9 rio \u2013 hist\u00f3rias do ribeir\u00e3o da On\u00e7a\u201d para todas as escolas municipais da capital, juntamente com o Kit Liter\u00e1rio. O objetivo \u00e9 promover a forma\u00e7\u00e3o de educadores e estudantes da Rede Municipal de Educa\u00e7\u00e3o de Belo Horizonte (RME-BH) sobre a rela\u00e7\u00e3o entre a cidade e o meio ambiente, refor\u00e7ando a import\u00e2ncia da educa\u00e7\u00e3o socioambiental.<\/p>\n<p>A obra, criada pelos arquitetos-urbanistas da UFMG Andr\u00e9 Siqueira, Elisa Marques e Isabela Izidoro, foi lan\u00e7ada em setembro e \u00e9 composta por relatos e fotografias de moradores da bacia do On\u00e7a, al\u00e9m de dados oficiais. Com uma abordagem interdisciplinar, o livro discute temas relacionados \u00e0 \u00e1gua, utilizando experi\u00eancias vividas pela comunidade para transmitir conhecimentos pr\u00e1ticos e relevantes. Ap\u00f3s a distribui\u00e7\u00e3o, o EcoEscola enviar\u00e1 um formul\u00e1rio eletr\u00f4nico \u00e0s escolas em mar\u00e7o do pr\u00f3ximo ano para avaliar os trabalhos realizados com o material.<\/p>\n<p>Andr\u00e9 Siqueira destaca que o livro oferece uma nova perspectiva sobre o territ\u00f3rio, enfocando as bacias hidrogr\u00e1ficas e a constru\u00e7\u00e3o da cidade atrav\u00e9s de relatos orais. Simoni Borges, coordenadora do EcoEscola, enfatiza a import\u00e2ncia da obra como uma \u201cferramenta pedag\u00f3gica\u201d, que combina conhecimento popular e cient\u00edfico, promovendo uma educa\u00e7\u00e3o cr\u00edtica e acess\u00edvel. A iniciativa surgiu a partir do projeto de extens\u00e3o da Faculdade de Arquitetura da UFMG, que busca fomentar o debate sobre as \u00e1guas urbanas na Grande BH, alinhando-se com os objetivos do EcoEscola.<\/p>\n<p><strong>Da reda\u00e7\u00e3o do Jornal Panorama com informa\u00e7\u00f5es e foto da Prefeitura de Belo Horizonte<\/strong><\/p>\n<p class=\"has-text-align-center has-light-green-cyan-color has-text-color has-link-color wp-elements-a9c7a6bb4e9639afa3a0734a45a2896a\">Jornal Panorama Minas \u2013 Grande Circula\u00e7\u00e3o \u2013 Noticiando o Brasil, Minas e o Mundo \u2013 50 anos de jornalismo \u00e9tico e profissional<\/p>\n","protected":false},"excerpt":{"rendered":"A Secretaria Municipal de Educa\u00e7\u00e3o (Smed) de Belo Horizonte, por meio do Programa de Educa\u00e7\u00e3o Ambiental (EcoEscola), ir\u00e1&hellip;\n","protected":false},"author":2,"featured_media":116468,"comment_status":"","ping_status":"","sticky":false,"template":"","format":"standard","meta":{"footnotes":""},"categories":[143],"tags":[169,114,115,170,32,33],"class_list":{"0":"post-116467","1":"post","2":"type-post","3":"status-publish","4":"format-standard","5":"has-post-thumbnail","7":"category-livros","8":"tag-books","9":"tag-entertainment","10":"tag-entretenimento","11":"tag-livros","12":"tag-portugal","13":"tag-pt"},"share_on_mastodon":{"url":"","error":""},"_links":{"self":[{"href":"https:\/\/www.europesays.com\/pt\/wp-json\/wp\/v2\/posts\/116467","targetHints":{"allow":["GET"]}}],"collection":[{"href":"https:\/\/www.europesays.com\/pt\/wp-json\/wp\/v2\/posts"}],"about":[{"href":"https:\/\/www.europesays.com\/pt\/wp-json\/wp\/v2\/types\/post"}],"author":[{"embeddable":true,"href":"https:\/\/www.europesays.com\/pt\/wp-json\/wp\/v2\/users\/2"}],"replies":[{"embeddable":true,"href":"https:\/\/www.europesays.com\/pt\/wp-json\/wp\/v2\/comments?post=116467"}],"version-history":[{"count":0,"href":"https:\/\/www.europesays.com\/pt\/wp-json\/wp\/v2\/posts\/116467\/revisions"}],"wp:featuredmedia":[{"embeddable":true,"href":"https:\/\/www.europesays.com\/pt\/wp-json\/wp\/v2\/media\/116468"}],"wp:attachment":[{"href":"https:\/\/www.europesays.com\/pt\/wp-json\/wp\/v2\/media?parent=116467"}],"wp:term":[{"taxonomy":"category","embeddable":true,"href":"https:\/\/www.europesays.com\/pt\/wp-json\/wp\/v2\/categories?post=116467"},{"taxonomy":"post_tag","embeddable":true,"href":"https:\/\/www.europesays.com\/pt\/wp-json\/wp\/v2\/tags?post=116467"}],"curies":[{"name":"wp","href":"https:\/\/api.w.org\/{rel}","templated":true}]}}