{"id":116469,"date":"2025-10-18T21:31:11","date_gmt":"2025-10-18T21:31:11","guid":{"rendered":"https:\/\/www.europesays.com\/pt\/116469\/"},"modified":"2025-10-18T21:31:11","modified_gmt":"2025-10-18T21:31:11","slug":"casa-dos-segredos-como-ze-reagiu-ao-primeiro-beijo-de-liliana-e-fabio-da-me","status":"publish","type":"post","link":"https:\/\/www.europesays.com\/pt\/116469\/","title":{"rendered":"Casa dos Segredos &#8211; Como Z\u00e9 reagiu ao primeiro beijo de Liliana e F\u00e1bio: &#8220;D\u00e1-me&#8230;&#8221;"},"content":{"rendered":"<p><strong>Z\u00e9<\/strong>, ex-noivo de <strong>Liliana <\/strong>da <strong>Casa dos Segredos<\/strong>, concedeu uma entrevista \u00e0 <a href=\"https:\/\/www.tv7dias.pt\/\" rel=\"nofollow noopener\" target=\"_blank\">TV 7 Dias<\/a> para falar sobre como se sente com o fim do noivado.<\/p>\n<p>Recorde-se que o sales manager pediu a psic\u00f3loga em casamento na gala de estreia da nona edi\u00e7\u00e3o do reality show e a mesma aceitou &#8211; ali\u00e1s, esse \u00e9 exatamente o segredo que a nortenha levou para o programa.<\/p>\n<blockquote>\n<p>Leia mais: Casa dos Segredos &#8211;\u00a0<a href=\"https:\/\/www.novagente.pt\/casa-dos-segredos-foi-assim-que-claudio-ramos-tentou-ajudar-ze-mandei\" rel=\"nofollow noopener\" target=\"_blank\">Foi assim que Cl\u00e1udio Ramos tentou ajudar ex-noivo: &#8220;Mandei&#8230;&#8221;<\/a><\/p>\n<\/blockquote>\n<p>Ap\u00f3s terminar o noivado com Z\u00e9 em direto, cerca de tr\u00eas semanas depois de entrar, Liliana n\u00e3o perdeu tempo a beijar <strong>F\u00e1bio<\/strong>, com quem se aproximou bastante logo desde in\u00edcio.<\/p>\n<p>O nortenho tentou evitar as imagens ao m\u00e1ximo, mas sem sucesso. &#8220;Infelizmente sim. <strong>Abro as redes sociais e est\u00e1 em todo o lado. N\u00e3o gosto de ver. D\u00e1-me aqui um frio na barriga, d\u00e1-me ansiedade<\/strong>, mas acho que custava muito mais sofrer por antecipa\u00e7\u00e3o do que no pr\u00f3prio momento que vi&#8221;, contou \u00e0 publica\u00e7\u00e3o.<\/p>\n<p>Texto: Lu\u00eds Sigorro; Fotos: Redes sociais<\/p>\n<p class=\"intagram-text\">Siga a Nova Gente no Instagram<\/p>\n<p>                        <a href=\"https:\/\/www.instagram.com\/revistanovagente\/\" target=\"_blank\" aria-label=\"instagram\" rel=\"noopener nofollow\"><img decoding=\"async\" style=\"display: block; margin-left: auto; margin-right: auto; width: 250px; height: 83px;\" src=\"https:\/\/www.europesays.com\/pt\/wp-content\/uploads\/2025\/10\/Instagram_NG.png\" alt=\"instagram\"\/><\/a><br \/>\n                    <script async src=\"\/\/www.instagram.com\/embed.js\"><\/script><\/p>\n","protected":false},"excerpt":{"rendered":"Z\u00e9, ex-noivo de Liliana da Casa dos Segredos, concedeu uma entrevista \u00e0 TV 7 Dias para falar sobre&hellip;\n","protected":false},"author":2,"featured_media":116470,"comment_status":"","ping_status":"","sticky":false,"template":"","format":"standard","meta":{"footnotes":""},"categories":[142],"tags":[2632,114,115,19082,19016,32,33,151,975],"class_list":{"0":"post-116469","1":"post","2":"type-post","3":"status-publish","4":"format-standard","5":"has-post-thumbnail","7":"category-tv","8":"tag-casa-dos-segredos","9":"tag-entertainment","10":"tag-entretenimento","11":"tag-fabio","12":"tag-liliana","13":"tag-portugal","14":"tag-pt","15":"tag-tv","16":"tag-ze"},"share_on_mastodon":{"url":"","error":""},"_links":{"self":[{"href":"https:\/\/www.europesays.com\/pt\/wp-json\/wp\/v2\/posts\/116469","targetHints":{"allow":["GET"]}}],"collection":[{"href":"https:\/\/www.europesays.com\/pt\/wp-json\/wp\/v2\/posts"}],"about":[{"href":"https:\/\/www.europesays.com\/pt\/wp-json\/wp\/v2\/types\/post"}],"author":[{"embeddable":true,"href":"https:\/\/www.europesays.com\/pt\/wp-json\/wp\/v2\/users\/2"}],"replies":[{"embeddable":true,"href":"https:\/\/www.europesays.com\/pt\/wp-json\/wp\/v2\/comments?post=116469"}],"version-history":[{"count":0,"href":"https:\/\/www.europesays.com\/pt\/wp-json\/wp\/v2\/posts\/116469\/revisions"}],"wp:featuredmedia":[{"embeddable":true,"href":"https:\/\/www.europesays.com\/pt\/wp-json\/wp\/v2\/media\/116470"}],"wp:attachment":[{"href":"https:\/\/www.europesays.com\/pt\/wp-json\/wp\/v2\/media?parent=116469"}],"wp:term":[{"taxonomy":"category","embeddable":true,"href":"https:\/\/www.europesays.com\/pt\/wp-json\/wp\/v2\/categories?post=116469"},{"taxonomy":"post_tag","embeddable":true,"href":"https:\/\/www.europesays.com\/pt\/wp-json\/wp\/v2\/tags?post=116469"}],"curies":[{"name":"wp","href":"https:\/\/api.w.org\/{rel}","templated":true}]}}