{"id":116475,"date":"2025-10-18T21:35:09","date_gmt":"2025-10-18T21:35:09","guid":{"rendered":"https:\/\/www.europesays.com\/pt\/116475\/"},"modified":"2025-10-18T21:35:09","modified_gmt":"2025-10-18T21:35:09","slug":"vacina-contra-virus-da-bronquiolite-comeca-a-ser-disponibilizada-pelo-sus-a-partir-de-novembro-alagoas-noticia-boa","status":"publish","type":"post","link":"https:\/\/www.europesays.com\/pt\/116475\/","title":{"rendered":"Vacina contra v\u00edrus da bronquiolite come\u00e7a a ser disponibilizada pelo SUS a partir de novembro \u00bb Alagoas Not\u00edcia Boa"},"content":{"rendered":"<p>A partir de novembro, o Sistema \u00danico de Sa\u00fade (SUS) vai disponibilizar a vacina contra a bronquiolite, marcando um importante avan\u00e7o na sa\u00fade infantil do pa\u00eds. A nova imuniza\u00e7\u00e3o, voltada especialmente para proteger beb\u00eas e crian\u00e7as pequenas contra o v\u00edrus sincicial respirat\u00f3rio (VSR) \u2014 principal causador da bronquiolite \u2014 promete reduzir interna\u00e7\u00f5es e complica\u00e7\u00f5es respirat\u00f3rias que preocupam fam\u00edlias e profissionais da sa\u00fade.\n<\/p>\n<p>A bronquiolite \u00e9 uma infec\u00e7\u00e3o que atinge as vias respirat\u00f3rias inferiores, sendo mais comum em beb\u00eas de at\u00e9 dois anos de idade. O v\u00edrus sincicial respirat\u00f3rio \u00e9 o maior respons\u00e1vel por casos graves que levam \u00e0 hospitaliza\u00e7\u00e3o, especialmente em prematuros e crian\u00e7as com doen\u00e7as card\u00edacas ou pulmonares pr\u00e9-existentes.<\/p>\n<p>PUBLICIDADE<\/p>\n<p><a href=\"https:\/\/www.cooperativapindorama.com.br\/\" rel=\"nofollow noopener\" target=\"_blank\"><img decoding=\"async\" src=\"https:\/\/www.europesays.com\/pt\/wp-content\/uploads\/2025\/07\/ezgif.com-gif-maker.gif\"\/><\/a><\/p>\n<p>Dados da Secretaria de Aten\u00e7\u00e3o Prim\u00e1ria \u00e0 Sa\u00fade indicam que o VSR \u00e9 respons\u00e1vel por cerca de 80% dos casos de bronquiolite e at\u00e9 60% dos quadros de pneumonia em crian\u00e7as menores de 2 anos.\n<\/p>\n<p>A estimativa \u00e9 que uma em cada cinco crian\u00e7as infectadas pelo v\u00edrus precise de atendimento ambulatorial e que uma em cada 50 seja hospitalizada ao longo do primeiro ano de vida. De acordo com o minist\u00e9rio, entre 2018 e 2024, foram registradas 83.740 interna\u00e7\u00f5es de beb\u00eas prematuros \u2013 com menos de 37 semanas de gesta\u00e7\u00e3o \u2013 causadas por complica\u00e7\u00f5es relacionadas ao VSR, como bronquite, bronquiolite e pneumonia.\n<\/p>\n<p>O imunizante ser\u00e1 aplicado em gestantes, como forma de proteger os rec\u00e9m-nascidos nos primeiros meses de vida.\n<\/p>\n<p><strong>Crit\u00e9rios\u00a0<\/strong>\n<\/p>\n<p>Ser\u00e3o vacinadas gestantes entre a 32\u00aa e a 36\u00aa semana de gravidez. De acordo com o Minist\u00e9rio da Sa\u00fade, a estrat\u00e9gia \u00e9 garantir que os anticorpos sejam transferidos da m\u00e3e para o beb\u00ea, protegendo-o no in\u00edcio da vida, quando o risco \u00e9 maior.\n<\/p>\n<p>\u201cA vacina tem potencial para prevenir cerca de 28 mil interna\u00e7\u00f5es por ano, oferece prote\u00e7\u00e3o imediata aos rec\u00e9m-nascidos e beneficiar\u00e1 aproximadamente 2 milh\u00f5es de beb\u00eas\u201d, afirma a pasta.\n<\/p>\n<p>O Minist\u00e9rio da Sa\u00fade ainda vai detalhar a data de in\u00edcio da aplica\u00e7\u00e3o, mas a previs\u00e3o \u00e9 que se inicie na segunda quinzena do m\u00eas.\n<\/p>\n<p>Estudos indicam que vacinar gestantes pode prevenir aproximadamente 28 mil interna\u00e7\u00f5es anuais. \u201cA estrat\u00e9gia combinada ir\u00e1 proteger cerca de 2 milh\u00f5es de beb\u00eas em seus primeiros meses de vida, idade mais vulner\u00e1vel a complica\u00e7\u00f5es\u201d, estima o minist\u00e9rio.\n<\/p>\n<p>Segundo a pneumologista infantil Rita Silva, a introdu\u00e7\u00e3o da vacina representa um marco na preven\u00e7\u00e3o das doen\u00e7as respirat\u00f3rias mais graves na inf\u00e2ncia.\n<\/p>\n<p>\u201cDurante o outono e o inverno, observamos um aumento significativo dos casos de bronquiolite. Muitos beb\u00eas chegam aos hospitais com dificuldades respirat\u00f3rias, necessitando de oxig\u00eanio e at\u00e9 interna\u00e7\u00e3o em UTI. Ter uma vacina dispon\u00edvel \u00e9 um avan\u00e7o que vai salvar vidas\u201d, afirma a especialista.\n<\/p>\n<p>A vacina, que j\u00e1 \u00e9 utilizada em outros pa\u00edses com resultados expressivos na redu\u00e7\u00e3o das interna\u00e7\u00f5es pedi\u00e1tricas, come\u00e7ar\u00e1 a ser aplicada de forma gradual no SUS, priorizando os grupos mais vulner\u00e1veis.\n<\/p>\n<p>Al\u00e9m de proteger diretamente as crian\u00e7as, a nova vacina tamb\u00e9m trar\u00e1 reflexos positivos para o sistema de sa\u00fade. Com menos interna\u00e7\u00f5es por infec\u00e7\u00f5es respirat\u00f3rias, os hospitais poder\u00e3o direcionar recursos para outras demandas pedi\u00e1tricas e emergenciais.\n<\/p>\n<p>\u201cA pneumologia infantil ganha um aliado poderoso. A vacina\u00e7\u00e3o vai ajudar a quebrar o ciclo de infec\u00e7\u00e3o e reduzir o sofrimento de milhares de fam\u00edlias. \u00c9 uma conquista para todos que lutam pela sa\u00fade das nossas crian\u00e7as\u201d, conclui Rita Silva.<\/p>\n","protected":false},"excerpt":{"rendered":"A partir de novembro, o Sistema \u00danico de Sa\u00fade (SUS) vai disponibilizar a vacina contra a bronquiolite, marcando&hellip;\n","protected":false},"author":2,"featured_media":116476,"comment_status":"","ping_status":"","sticky":false,"template":"","format":"standard","meta":{"footnotes":""},"categories":[86],"tags":[18233,109,116,32,33,117,4483,1333],"class_list":{"0":"post-116475","1":"post","2":"type-post","3":"status-publish","4":"format-standard","5":"has-post-thumbnail","7":"category-saude","8":"tag-bronquiolite","9":"tag-ciencia","10":"tag-health","11":"tag-portugal","12":"tag-pt","13":"tag-saude","14":"tag-sus","15":"tag-vacina"},"share_on_mastodon":{"url":"","error":""},"_links":{"self":[{"href":"https:\/\/www.europesays.com\/pt\/wp-json\/wp\/v2\/posts\/116475","targetHints":{"allow":["GET"]}}],"collection":[{"href":"https:\/\/www.europesays.com\/pt\/wp-json\/wp\/v2\/posts"}],"about":[{"href":"https:\/\/www.europesays.com\/pt\/wp-json\/wp\/v2\/types\/post"}],"author":[{"embeddable":true,"href":"https:\/\/www.europesays.com\/pt\/wp-json\/wp\/v2\/users\/2"}],"replies":[{"embeddable":true,"href":"https:\/\/www.europesays.com\/pt\/wp-json\/wp\/v2\/comments?post=116475"}],"version-history":[{"count":0,"href":"https:\/\/www.europesays.com\/pt\/wp-json\/wp\/v2\/posts\/116475\/revisions"}],"wp:featuredmedia":[{"embeddable":true,"href":"https:\/\/www.europesays.com\/pt\/wp-json\/wp\/v2\/media\/116476"}],"wp:attachment":[{"href":"https:\/\/www.europesays.com\/pt\/wp-json\/wp\/v2\/media?parent=116475"}],"wp:term":[{"taxonomy":"category","embeddable":true,"href":"https:\/\/www.europesays.com\/pt\/wp-json\/wp\/v2\/categories?post=116475"},{"taxonomy":"post_tag","embeddable":true,"href":"https:\/\/www.europesays.com\/pt\/wp-json\/wp\/v2\/tags?post=116475"}],"curies":[{"name":"wp","href":"https:\/\/api.w.org\/{rel}","templated":true}]}}