{"id":116489,"date":"2025-10-18T21:48:29","date_gmt":"2025-10-18T21:48:29","guid":{"rendered":"https:\/\/www.europesays.com\/pt\/116489\/"},"modified":"2025-10-18T21:48:29","modified_gmt":"2025-10-18T21:48:29","slug":"oficial-ange-postecoglou-sucessor-de-nes-despedido-pelo-nottingham-forest","status":"publish","type":"post","link":"https:\/\/www.europesays.com\/pt\/116489\/","title":{"rendered":"Oficial: Ange Postecoglou, sucessor de NES, despedido pelo Nottingham Forest"},"content":{"rendered":"<p data-testid=\"wcl-typoNewsPerex\" itemprop=\"description\">Ange Postecoglou n\u00e3o resistiu aos maus resultados e foi despedido do comando t\u00e9cnico do Nottingham Forest, menos de uma hora depois de perder (0-3) na rece\u00e7\u00e3o ao Chelsea, para a Premier League.<\/p>\n<p>Desta vez n\u00e3o deu para esperar pela segunda \u00e9poca para conquistar t\u00edtulos. Ange Postecoglou foi demitido do comando t\u00e9cnico do Nottingham Forest, apenas oito jogos depois de ter sucedido a Nuno Esp\u00edrito Santo.<\/p>\n<p>Depois de aguentar at\u00e9 \u00e0 paragem internacional para segurar o cargo e pedir tempo antes do duelo com o Chelsea, a partida diante dos Blues foi o golpe final para Marinakis, presidente do Nottingham Forest.<\/p>\n<p>O dirigente n\u00e3o ficou nas bancadas at\u00e9 ao final do jogo, tendo at\u00e9 perdido o terceiro golo do conjunto londrino em casa do Nottingham, o que fez antecipar o destino que foi confirmado mais tarde, atrav\u00e9s das redes sociais do clube.<\/p>\n<p>Postecoglou esteve oito jogos \u00e0 frente do Nottingham Forest e deixa o clube com um registo de dois empates, seis derrotas e zero triunfos, tornando-se estatisticamente no pior treinador da hist\u00f3ria do emblema ingl\u00eas que tenha orientado a equipa em mais do que uma partida.<\/p>\n<p><img class=\"wcl-image_vG4MA\" decoding=\"async\" loading=\"lazy\" fetchpriority=\"auto\" src=\"https:\/\/www.europesays.com\/pt\/wp-content\/uploads\/2025\/10\/667ad15d-0420-4007-9d06-1e8e92955ba9.jpg\" alt=\"A forma do Nottingham Forest\" title=\"A forma do Nottingham Forest\" itemprop=\"image\"\/>A forma do Nottingham ForestFlashscore<\/p>\n<p>Recorde-se que o Nottingham vai defrontar o FC Porto na pr\u00f3xima quinta-feira, em partida a contar para a Liga Europa. Para j\u00e1, tudo indica que esse encontro seja orientado por um treinador interino.<\/p>\n","protected":false},"excerpt":{"rendered":"Ange Postecoglou n\u00e3o resistiu aos maus resultados e foi despedido do comando t\u00e9cnico do Nottingham Forest, menos de&hellip;\n","protected":false},"author":2,"featured_media":116490,"comment_status":"","ping_status":"","sticky":false,"template":"","format":"standard","meta":{"footnotes":""},"categories":[87],"tags":[135,32,33,134],"class_list":{"0":"post-116489","1":"post","2":"type-post","3":"status-publish","4":"format-standard","5":"has-post-thumbnail","7":"category-desporto","8":"tag-desporto","9":"tag-portugal","10":"tag-pt","11":"tag-sports"},"share_on_mastodon":{"url":"","error":""},"_links":{"self":[{"href":"https:\/\/www.europesays.com\/pt\/wp-json\/wp\/v2\/posts\/116489","targetHints":{"allow":["GET"]}}],"collection":[{"href":"https:\/\/www.europesays.com\/pt\/wp-json\/wp\/v2\/posts"}],"about":[{"href":"https:\/\/www.europesays.com\/pt\/wp-json\/wp\/v2\/types\/post"}],"author":[{"embeddable":true,"href":"https:\/\/www.europesays.com\/pt\/wp-json\/wp\/v2\/users\/2"}],"replies":[{"embeddable":true,"href":"https:\/\/www.europesays.com\/pt\/wp-json\/wp\/v2\/comments?post=116489"}],"version-history":[{"count":0,"href":"https:\/\/www.europesays.com\/pt\/wp-json\/wp\/v2\/posts\/116489\/revisions"}],"wp:featuredmedia":[{"embeddable":true,"href":"https:\/\/www.europesays.com\/pt\/wp-json\/wp\/v2\/media\/116490"}],"wp:attachment":[{"href":"https:\/\/www.europesays.com\/pt\/wp-json\/wp\/v2\/media?parent=116489"}],"wp:term":[{"taxonomy":"category","embeddable":true,"href":"https:\/\/www.europesays.com\/pt\/wp-json\/wp\/v2\/categories?post=116489"},{"taxonomy":"post_tag","embeddable":true,"href":"https:\/\/www.europesays.com\/pt\/wp-json\/wp\/v2\/tags?post=116489"}],"curies":[{"name":"wp","href":"https:\/\/api.w.org\/{rel}","templated":true}]}}