{"id":116491,"date":"2025-10-18T21:52:52","date_gmt":"2025-10-18T21:52:52","guid":{"rendered":"https:\/\/www.europesays.com\/pt\/116491\/"},"modified":"2025-10-18T21:52:52","modified_gmt":"2025-10-18T21:52:52","slug":"a-proteina-esta-em-todo-o-lado-isto-e-o-que-acontece-se-a-consumir-em-excesso","status":"publish","type":"post","link":"https:\/\/www.europesays.com\/pt\/116491\/","title":{"rendered":"A prote\u00edna est\u00e1 em todo o lado. Isto \u00e9 o que acontece se a consumir em excesso"},"content":{"rendered":"<p _d-id=\"14707\">H\u00e1 uma palavra que pode estar a ouvir muito ultimamente: prote\u00edna.<\/p>\n<p _d-id=\"14710\">Quer seja o Starbucks a testar uma espuma fria cheia de prote\u00ednas ou a estrela de reality shows Khlo\u00e9 Kardashian a lan\u00e7ar a sua pr\u00f3pria marca de pipocas proteicas, o macronutriente est\u00e1 a ter um momento cultural &#8211; e com raz\u00e3o. A prote\u00edna \u00e9 uma parte importante de uma dieta saud\u00e1vel.<\/p>\n<p _d-id=\"14712\">Juntamente com os hidratos de carbono e a gordura, a prote\u00edna \u00e9 <a href=\"https:\/\/www.ncbi.nlm.nih.gov\/books\/NBK594226\/\" target=\"_blank\" rel=\"nofollow noopener\">um dos principais macronutrientes<\/a> que comp\u00f5em a nossa dieta. \u00c9 tamb\u00e9m o \u00fanico macronutriente que nos fornece amino\u00e1cidos.<\/p>\n<p _d-id=\"14714\">Quando o nosso corpo digere as prote\u00ednas dos alimentos, estas s\u00e3o decompostas em <a href=\"https:\/\/www.ncbi.nlm.nih.gov\/books\/NBK557845\/\" target=\"_blank\" rel=\"nofollow noopener\">amino\u00e1cidos<\/a>, que participam em <a href=\"https:\/\/medlineplus.gov\/ency\/article\/002222.htm\" target=\"_blank\" rel=\"nofollow noopener\">muitos processos corporais<\/a>, como a constru\u00e7\u00e3o e preserva\u00e7\u00e3o de m\u00fasculos, a produ\u00e7\u00e3o de hormonas, o refor\u00e7o do sistema imunit\u00e1rio e at\u00e9 a manuten\u00e7\u00e3o de cabelo, pele e unhas saud\u00e1veis.<\/p>\n<p _d-id=\"14716\">Mas alguns cientistas da nutri\u00e7\u00e3o alertam para o facto de que, gra\u00e7as \u00e0s tend\u00eancias das redes sociais, muitas pessoas podem estar a consumir demasiadas prote\u00ednas.<\/p>\n<p _d-id=\"14718\">&#8220;Quando se consome mais prote\u00ednas do que o corpo necessita, o corpo n\u00e3o consegue armazenar o excesso. Simplesmente elimina-o na urina ou transforma-o em energia ou gordura&#8221;, afirma a nutricionista Michelle Cardel, diretora de nutri\u00e7\u00e3o da WeightWatchers e professora adjunta da Universidade da Florida, nos Estados Unidos.<\/p>\n<p _d-id=\"14720\">Para a maioria das pessoas saud\u00e1veis, isso n\u00e3o \u00e9 necessariamente prejudicial, diz, mas &#8220;depois de ter ingerido prote\u00edna suficiente, ter\u00e1 atendido \u00e0s suas necessidades&#8221;. &#8220;Mais prote\u00edna n\u00e3o \u00e9 igual a mais benef\u00edcios, enquanto equilibrar a prote\u00edna com a ingest\u00e3o de fibras vai ser muito importante quando se pensa em longevidade e otimiza\u00e7\u00e3o da sa\u00fade e bem-estar ao longo da vida&#8221;, sublinha.<\/p>\n<p _d-id=\"14722\">Nalguns casos, exagerar na prote\u00edna e n\u00e3o a equilibrar com a fibra pode levar a um aumento de peso ou a <a href=\"https:\/\/health.clevelandclinic.org\/can-you-eat-too-much-protein\" target=\"_blank\" rel=\"nofollow noopener\">problemas digestivos<\/a>.<\/p>\n<p _d-id=\"14724\">\u201cUm dos sinais comuns \u00e9 a obstipa\u00e7\u00e3o\u201d, aponta David Liska, presidente do Departamento de Cirurgia Colorrectal da Cleveland Clinic.<\/p>\n<p _d-id=\"14726\">\u201cA pris\u00e3o de ventre pode levar a uma s\u00e9rie de outras queixas\u201d, indica, acrescentando que \u00e9 por isso que \u00e9 importante ter uma dieta rica em fibras. &#8220;Geralmente recomendamos cerca de 25 a 35 gramas de fibra por dia para a sa\u00fade geral do intestino &#8211; que deve ser acompanhada por muita ingest\u00e3o de \u00e1gua.&#8221;<\/p>\n<p>Equil\u00edbrio entre prote\u00ednas e fibras <\/p>\n<p _d-id=\"14730\">A <a href=\"https:\/\/www.dietaryguidelines.gov\/\" target=\"_blank\" rel=\"nofollow noopener\">dose di\u00e1ria recomendada<\/a>\u00a0para homens e mulheres \u00e9 de cerca de <a href=\"https:\/\/nap.nationalacademies.org\/read\/10490\/chapter\/12\" target=\"_blank\" rel=\"nofollow noopener\">0,8 gramas de prote\u00edna por quilograma<\/a> de peso corporal.<\/p>\n<p _d-id=\"14732\">Estabelecida <a href=\"https:\/\/www.fns.usda.gov\/cnpp\/dietary-guidelines-americans\" target=\"_blank\" rel=\"nofollow noopener\">conjuntamente<\/a> pelo Departamento de Agricultura dos EUA e pelo Departamento de Sa\u00fade e Servi\u00e7os Humanos dos EUA, a dose di\u00e1ria recomendada representa a quantidade de um nutriente que deve ser ingerida por uma pessoa para satisfazer as suas necessidades b\u00e1sicas.<\/p>\n<p _d-id=\"14734\">\u201cAssim, para algu\u00e9m que pesa 68 quilos ter como objetivo cerca de 68 gramas [de prote\u00ednas] \u00e9 mais do que suficiente\u201d, afirma Cardel.<\/p>\n<p _d-id=\"14736\">Acrescentou ainda que as necessidades proteicas podem mudar, dependendo da idade ou dos objetivos de perda de peso.<\/p>\n<p> <img loading=\"lazy\" decoding=\"async\" alt=\"\" height=\"667\" src=\"https:\/\/www.europesays.com\/pt\/wp-content\/uploads\/2025\/10\/68d91971d34ee0c2fed0a1a7.webp\" width=\"1000\"\/> <\/p>\n<p>   Alguns estudos sugerem que a ingest\u00e3o de um equil\u00edbrio correto de prote\u00ednas e fibras pode ajudar a manter um peso saud\u00e1vel ou mesmo auxiliar nos objetivos de perda de peso. Halfpoint Images\/Moment RF\/Getty Images <\/p>\n<p _d-id=\"14739\">\u201cAs pessoas que pretendem perder peso, especialmente se estiverem a tomar um GLP-1, o que resultar\u00e1 numa r\u00e1pida perda de peso, devem ter como objetivo pelo menos 1 grama [de prote\u00edna] por quilograma de peso corporal diariamente\u201d, considera Cardel.<\/p>\n<p _d-id=\"14744\">\u201cA prote\u00edna por si s\u00f3 n\u00e3o vai ser o principal impulsionador da manuten\u00e7\u00e3o ou ganho muscular. A prote\u00edna apoia o processo, mas o treino de resist\u00eancia consistente \u00e9 verdadeiramente o que vai construir e manter o m\u00fasculo\u201d, avisa.<\/p>\n<p _d-id=\"14746\">Enquanto a prote\u00edna <a href=\"https:\/\/medlineplus.gov\/ency\/article\/002467.htm?c\" target=\"_blank\" rel=\"nofollow noopener\">desempenha um papel importante<\/a> no apoio \u00e0 for\u00e7a e ao desenvolvimento do corpo, <a href=\"https:\/\/medlineplus.gov\/ency\/article\/002136.htm\" target=\"_blank\" rel=\"nofollow noopener\">a fibra \u00e9 importante para a digest\u00e3o<\/a> e ajuda a prevenir doen\u00e7as.<\/p>\n<p _d-id=\"14748\">Nos Estados Unidos, estima-se que mais de 90% das mulheres e 97% dos homens n\u00e3o atingem as doses recomendadas de fibra alimentar, de acordo com as <a href=\"https:\/\/www.dietaryguidelines.gov\/resources\/2020-2025-dietary-guidelines-online-materials\" target=\"_blank\" rel=\"nofollow noopener\">Diretrizes Diet\u00e9ticas para os Americanos 2020-2025<\/a>.<\/p>\n<p _d-id=\"14750\">Existem dois tipos de fibra alimentar: sol\u00favel e insol\u00favel.<\/p>\n<p _d-id=\"14752\">A fibra sol\u00favel est\u00e1 mais associada a alguns dos benef\u00edcios digestivos da fibra. Absorve \u00e1gua para formar uma subst\u00e2ncia semelhante a um gel durante a digest\u00e3o. A fibra sol\u00favel pode ser encontrada no farelo de aveia, cevada, nozes, sementes, feij\u00e3o e algumas frutas e vegetais.<\/p>\n<p _d-id=\"14754\">A fibra insol\u00favel, por outro lado, n\u00e3o se dissolve na \u00e1gua e ajuda as pessoas a terem movimentos intestinais mais frequentes e mais pesados. Pode ser encontrada em alimentos como o farelo de trigo, legumes e cereais integrais.<\/p>\n<p _d-id=\"14756\">Alguns estudos sugerem que a ingest\u00e3o de um equil\u00edbrio correto entre prote\u00ednas e fibras pode ajudar a manter um peso saud\u00e1vel ou mesmo auxiliar nos objetivos de perda de peso.<\/p>\n<p _d-id=\"14758\">Um pequeno estudo publicado no ano passado na revista <a href=\"https:\/\/onlinelibrary.wiley.com\/doi\/10.1002\/osp4.764\" target=\"_blank\" rel=\"nofollow noopener\">Obesity Science and Practice<\/a> acompanhou pessoas que estavam a tentar perder peso e descobriu que aquelas que tiveram mais sucesso aumentaram o seu consumo de prote\u00ednas e fibras, ao mesmo tempo que reduziram o consumo de calorias.<\/p>\n<p _d-id=\"14760\">\u201cAs densidades de prote\u00ednas e fibras foram inversamente associadas \u00e0 perda de peso\u201d, <a href=\"https:\/\/medicine.illinois.edu\/news\/weight-loss-success-depends-on-eating-more-protein-fiber-while-limiting-calories-study-finds\" target=\"_blank\" rel=\"nofollow noopener\">escreveram os investigadores<\/a>\u00a0da Universidade de Illinois Urbana-Champaign no estudo.<\/p>\n<p>A regra 30\/30\/30 <\/p>\n<p _d-id=\"14764\">Para garantir que obt\u00e9m um equil\u00edbrio adequado de prote\u00ednas e fibras na sua dieta di\u00e1ria, Cardel sugere que siga uma regra espec\u00edfica.<\/p>\n<p _d-id=\"18405\">\u201cTenho tend\u00eancia para pensar na minha sa\u00fade de uma forma 30\/30\/30. Pelo menos 30 gramas de prote\u00edna por refei\u00e7\u00e3o, pelo menos 30 gramas de fibra diariamente e pelo menos 30 minutos de atividade f\u00edsica todos os dias &#8211; e isso ajuda a manter-me equilibrada.\u201d<\/p>\n<p _d-id=\"18406\">Ent\u00e3o, quais s\u00e3o algumas maneiras de adicionar quantidades saud\u00e1veis de prote\u00ednas e fibras \u00e0 sua dieta?<\/p>\n<p _d-id=\"18409\">Um ovo cont\u00e9m seis gramas de prote\u00ednas, meia ch\u00e1vena de queijo fresco tem 14 gramas e um iogurte grego pode ter at\u00e9 18 gramas. Assim, um pequeno-almo\u00e7o que inclua todas estas coisas dar-lhe-\u00e1 cerca de 38 gramas de prote\u00ednas na sua primeira refei\u00e7\u00e3o do dia.<\/p>\n<p> <img loading=\"lazy\" decoding=\"async\" alt=\"\" height=\"688\" src=\"https:\/\/www.europesays.com\/pt\/wp-content\/uploads\/2025\/10\/68d91971d34e58bc6796464d.webp\" width=\"1000\"\/> <\/p>\n<p>   Inspira\u00e7\u00e3o de mesa de pequeno-almo\u00e7o matinal &#8211; sandes com queijo creme e ovo cozido, iogurte com ma\u00e7\u00e3 e sementes de linha\u00e7a, ch\u00e1 de ervas desintoxicante. OksanaKiian\/iStockphoto\/Getty Images <\/p>\n<p _d-id=\"18411\">Quanto \u00e0 fibra, meia ch\u00e1vena de cereais de farelo de trigo sem a\u00e7\u00facar tem cerca de 14 gramas e uma ch\u00e1vena de framboesas tem cerca de oito gramas.<\/p>\n<p _d-id=\"18417\">E para snacks ricos em prote\u00ednas e fibras, opte por sementes. Uma meia ch\u00e1vena de edamame tem cerca de oito gramas de prote\u00ednas e cerca de quatro gramas de fibras.<\/p>\n<p _d-id=\"18419\">Para atingir um equil\u00edbrio saud\u00e1vel entre a ingest\u00e3o de prote\u00ednas e fibras, Liska recomenda seguir uma dieta mediterr\u00e2nica.<\/p>\n<p _d-id=\"18421\">&#8220;Uma dieta mediterr\u00e2nica \u00e9 uma dieta muito equilibrada. Continua a ser rica em prote\u00ednas, mas tamb\u00e9m rica em frutos e legumes, azeite. Se seguirmos uma dieta mediterr\u00e2nica com esse equil\u00edbrio entre prote\u00ednas, legumes e gorduras, verificamos que est\u00e1 associada a uma boa sa\u00fade intestinal, uma boa sa\u00fade cardiovascular e tamb\u00e9m a uma diminui\u00e7\u00e3o do risco de cancro colorrectal.\u201d<\/p>\n<p _d-id=\"18423\">*Kristen Rogers e Andrea Kane contribu\u00edram para este artigo<\/p>\n","protected":false},"excerpt":{"rendered":"H\u00e1 uma palavra que pode estar a ouvir muito ultimamente: prote\u00edna. Quer seja o Starbucks a testar uma&hellip;\n","protected":false},"author":2,"featured_media":116492,"comment_status":"","ping_status":"","sticky":false,"template":"","format":"standard","meta":{"footnotes":""},"categories":[86],"tags":[609,836,611,27,27286,607,608,333,27284,832,604,135,27285,610,476,27283,301,830,116,603,570,831,833,62,834,13,835,602,52,32,11988,33,117,29],"class_list":{"0":"post-116491","1":"post","2":"type-post","3":"status-publish","4":"format-standard","5":"has-post-thumbnail","7":"category-saude","8":"tag-alerta","9":"tag-analise","10":"tag-ao-minuto","11":"tag-breaking-news","12":"tag-cancro-colorrectal","13":"tag-cnn","14":"tag-cnn-portugal","15":"tag-comentadores","16":"tag-consumo-de-proteina","17":"tag-costa","18":"tag-crime","19":"tag-desporto","20":"tag-dieta-proteina","21":"tag-direto","22":"tag-economia","23":"tag-excesso-de-proteina","24":"tag-governo","25":"tag-guerra","26":"tag-health","27":"tag-justica","28":"tag-live","29":"tag-mais-vistas","30":"tag-marcelo","31":"tag-mundo","32":"tag-negocios","33":"tag-noticias","34":"tag-opiniao","35":"tag-pais","36":"tag-politica","37":"tag-portugal","38":"tag-proteinas","39":"tag-pt","40":"tag-saude","41":"tag-ultimas"},"share_on_mastodon":{"url":"","error":""},"_links":{"self":[{"href":"https:\/\/www.europesays.com\/pt\/wp-json\/wp\/v2\/posts\/116491","targetHints":{"allow":["GET"]}}],"collection":[{"href":"https:\/\/www.europesays.com\/pt\/wp-json\/wp\/v2\/posts"}],"about":[{"href":"https:\/\/www.europesays.com\/pt\/wp-json\/wp\/v2\/types\/post"}],"author":[{"embeddable":true,"href":"https:\/\/www.europesays.com\/pt\/wp-json\/wp\/v2\/users\/2"}],"replies":[{"embeddable":true,"href":"https:\/\/www.europesays.com\/pt\/wp-json\/wp\/v2\/comments?post=116491"}],"version-history":[{"count":0,"href":"https:\/\/www.europesays.com\/pt\/wp-json\/wp\/v2\/posts\/116491\/revisions"}],"wp:featuredmedia":[{"embeddable":true,"href":"https:\/\/www.europesays.com\/pt\/wp-json\/wp\/v2\/media\/116492"}],"wp:attachment":[{"href":"https:\/\/www.europesays.com\/pt\/wp-json\/wp\/v2\/media?parent=116491"}],"wp:term":[{"taxonomy":"category","embeddable":true,"href":"https:\/\/www.europesays.com\/pt\/wp-json\/wp\/v2\/categories?post=116491"},{"taxonomy":"post_tag","embeddable":true,"href":"https:\/\/www.europesays.com\/pt\/wp-json\/wp\/v2\/tags?post=116491"}],"curies":[{"name":"wp","href":"https:\/\/api.w.org\/{rel}","templated":true}]}}