{"id":116493,"date":"2025-10-18T21:53:18","date_gmt":"2025-10-18T21:53:18","guid":{"rendered":"https:\/\/www.europesays.com\/pt\/116493\/"},"modified":"2025-10-18T21:53:18","modified_gmt":"2025-10-18T21:53:18","slug":"ana-barbosa-deixa-recadoa-ze-com-alerta-sobre-liliana","status":"publish","type":"post","link":"https:\/\/www.europesays.com\/pt\/116493\/","title":{"rendered":"Ana Barbosa deixa &#8216;recado&#8217;a Z\u00e9 com alerta sobre Liliana"},"content":{"rendered":"<p>\t\t\t\t\t\t\t\t\t\t\t\t<a href=\"#\" onclick=\"window.open('http:\/\/www.facebook.com\/sharer.php?u=https:\/\/cusquices.com\/ana-barbosa-deixa-recadoa-ze-com-alerta-sobre-liliana\/&amp;t=Ana Barbosa deixa \u2018recado\u2019a Z\u00e9 com alerta sobre Liliana', 'facebookShare', 'width=626,height=436'); return false;\" title=\"Share on Facebook\"><\/p>\n<p>Share<\/p>\n<p><\/a><br \/>\n\t\t\t\t\t\t\t\t\t\t\t\t<a href=\"#\" onclick=\"window.open('http:\/\/twitter.com\/share?text=Ana Barbosa deixa \u2018recado\u2019a Z\u00e9 com alerta sobre Liliana -&amp;url=https:\/\/cusquices.com\/ana-barbosa-deixa-recadoa-ze-com-alerta-sobre-liliana\/', 'twitterShare', 'width=626,height=436'); return false;\" title=\"Tweet This Post\"><\/p>\n<p>Tweet<\/p>\n<p><\/a><br \/>\n\t\t\t\t\t\t\t\t\t\t\t\t<a href=\"whatsapp:\/\/send?text=Ana Barbosa deixa \u2018recado\u2019a Z\u00e9 com alerta sobre Liliana https:\/\/cusquices.com\/ana-barbosa-deixa-recadoa-ze-com-alerta-sobre-liliana\/\" rel=\"nofollow\"><\/p>\n<p>Share<\/p>\n<p><\/a><br \/>\n\t\t\t\t\t\t\t\t\t\t\t\t<a href=\"#\" onclick=\"window.open('http:\/\/pinterest.com\/pin\/create\/button\/?url=https:\/\/cusquices.com\/ana-barbosa-deixa-recadoa-ze-com-alerta-sobre-liliana\/&amp;media=https:\/\/cusquices.com\/wp-content\/uploads\/2025\/10\/anab-ze-1000x600.jpg&amp;description=Ana Barbosa deixa \u2018recado\u2019a Z\u00e9 com alerta sobre Liliana', 'pinterestShare', 'width=750,height=350'); return false;\" title=\"Pin This Post\"><\/p>\n<p>Share<\/p>\n<p><\/a><br \/>\n\t\t\t\t\t\t\t\t\t\t\t\t<a href=\"mailto:?subject=Ana Barbosa deixa \u2018recado\u2019a Z\u00e9 com alerta sobre Liliana&amp;BODY=I found this article interesting and thought of sharing it with you. Check it out: https:\/\/cusquices.com\/ana-barbosa-deixa-recadoa-ze-com-alerta-sobre-liliana\/\"><\/p>\n<p>Email<\/p>\n<p><\/a><br \/>\n\t\t\t\t\t\t\t\t\t\t\t\t\t\t\t\t\t\t\t\t\t\t\t\t\t\t\t\t\t\t\t\t\t\t\t\t\t\t\t\t\t\t\t\t\t\t\t\t\t\t\t\t\t<a href=\"https:\/\/cusquices.com\/ana-barbosa-deixa-recadoa-ze-com-alerta-sobre-liliana\/#respond\" rel=\"nofollow noopener\" target=\"_blank\"><\/p>\n<p>Na recente emiss\u00e3o da <strong>Tarde das Estrelas, da CMTV, Ana Barbosa<\/strong> reagiu em direto \u00e0 entrevista de <strong>Z\u00e9, <\/strong>ex-noivo de Liliana, que n\u00e3o descartou a possibilidade de uma reconcilia\u00e7\u00e3o com a jovem psic\u00f3loga. A ex-concorrente do Big Brother e atual comentadora da CMTV deixou um alerta a Z\u00e9 sobre a sua ex-noiva.<\/p>\n<p>\u201c<strong>N\u00f3s quando entramos para dentro de uma casa, quando vives l\u00e1, tu \u00e9s obrigada a certas express\u00f5es que existem l\u00e1 dentro, por v\u00e1rias coisas, eu j\u00e1 tamb\u00e9m j\u00e1 falei aqui, e tu muitas das vezes, mesmo j\u00e1 te conhecendo, tu \u00e0s vezes, l\u00e1 dentro, tu apercebes-te que eu afinal tenho estes comportamentos neste tipo de rea\u00e7\u00e3o, consigo ter outros neste\u2026E isto foi mais, para mim, um alerta para o Z\u00e9.\u201d<\/strong>, come\u00e7ou por dizer a \u2018Capit\u00e3 Barbosa\u2019.<\/p>\n<p>A vencedora do Big Brother 2021 prosseguiu com alguns conselhos a Z\u00e9 \u201c<strong>Pensa bem, porque essa reconcilia\u00e7\u00e3o, isso s\u00f3 vai dar porcaria.\u00a0Porqu\u00ea?<\/strong> <strong>Porque tu ali, percebeste exatamente que a tua ex-noiva \u00e9 nada mais, nada menos que uma ego\u00edsta. E isto ego\u00edsta porqu\u00ea? \u00c9 muito simples<\/strong>, <strong>tudo o que ela frisa em rela\u00e7\u00e3o ao relacionamento \u00e9 sempre vou pensar em mim, eu tenho \u00e9 que pensar naquilo que eu sinto, eu, eu, eu. Ou seja, ela n\u00e3o tinha um<\/strong>a (\u2026) <strong>\u00a0parece que ela nunca teve uma rela\u00e7\u00e3o<\/strong>. <strong>Ela sempre namorou sozinha, n\u00e3o \u00e9? Isto \u00e9 um bocado estranho.<\/strong>\u201c<\/p>\n<p>Ana Barbosa n\u00e3o ficou por aqui e deixou um \u2018abre olhos\u2019 a Z\u00e9: \u201c<strong>Por isso, meu querido, eu j\u00e1 estou como a \u00c1gata, deixa-te estar quietinho, faz aninhos hoje, vai-te divertir, faz, mas \u00e9 a tua vida, e deixa l\u00e1 a ego\u00edsta, porque para mim \u00e9 o nome que eu tenho para dar para a Lili<\/strong>\u201c.<\/p>\n<p><strong>Leia tamb\u00e9m:<\/strong><\/p>\n<p>\t\t\t\t\t\t\t\t\t\t\t\t\t\t\t\t\t\t\t\t\t\t\t\t\t<img decoding=\"async\" src=\"https:\/\/www.europesays.com\/pt\/wp-content\/uploads\/2025\/10\/cusquices-logo-52x.png\" class=\"webpexpress-processed\"\/><\/p>\n<p>\t\t\t\t\t\t\t\t\t\t\t\t\t\t\t\t\t\t\t\t\t            \t\t\t\t\t\t\t\t\t\t\t\t\t\t\t\t\t\t\t\t\t\t\t\t\t\t\t\t\t\t\t\t\t\t\t\t\t\t\t<script async src=\"https:\/\/platform.twitter.com\/widgets.js\" charset=\"utf-8\"><\/script><\/p>\n","protected":false},"excerpt":{"rendered":"Share Tweet Share Share Email Na recente emiss\u00e3o da Tarde das Estrelas, da CMTV, Ana Barbosa reagiu em&hellip;\n","protected":false},"author":2,"featured_media":116494,"comment_status":"","ping_status":"","sticky":false,"template":"","format":"standard","meta":{"footnotes":""},"categories":[85],"tags":[3662,2632,49,114,115,980,19016,32,33],"class_list":{"0":"post-116493","1":"post","2":"type-post","3":"status-publish","4":"format-standard","5":"has-post-thumbnail","7":"category-entretenimento","8":"tag-ana-barbosa","9":"tag-casa-dos-segredos","10":"tag-destaques","11":"tag-entertainment","12":"tag-entretenimento","13":"tag-famosos","14":"tag-liliana","15":"tag-portugal","16":"tag-pt"},"share_on_mastodon":{"url":"","error":""},"_links":{"self":[{"href":"https:\/\/www.europesays.com\/pt\/wp-json\/wp\/v2\/posts\/116493","targetHints":{"allow":["GET"]}}],"collection":[{"href":"https:\/\/www.europesays.com\/pt\/wp-json\/wp\/v2\/posts"}],"about":[{"href":"https:\/\/www.europesays.com\/pt\/wp-json\/wp\/v2\/types\/post"}],"author":[{"embeddable":true,"href":"https:\/\/www.europesays.com\/pt\/wp-json\/wp\/v2\/users\/2"}],"replies":[{"embeddable":true,"href":"https:\/\/www.europesays.com\/pt\/wp-json\/wp\/v2\/comments?post=116493"}],"version-history":[{"count":0,"href":"https:\/\/www.europesays.com\/pt\/wp-json\/wp\/v2\/posts\/116493\/revisions"}],"wp:featuredmedia":[{"embeddable":true,"href":"https:\/\/www.europesays.com\/pt\/wp-json\/wp\/v2\/media\/116494"}],"wp:attachment":[{"href":"https:\/\/www.europesays.com\/pt\/wp-json\/wp\/v2\/media?parent=116493"}],"wp:term":[{"taxonomy":"category","embeddable":true,"href":"https:\/\/www.europesays.com\/pt\/wp-json\/wp\/v2\/categories?post=116493"},{"taxonomy":"post_tag","embeddable":true,"href":"https:\/\/www.europesays.com\/pt\/wp-json\/wp\/v2\/tags?post=116493"}],"curies":[{"name":"wp","href":"https:\/\/api.w.org\/{rel}","templated":true}]}}