{"id":116495,"date":"2025-10-18T21:54:13","date_gmt":"2025-10-18T21:54:13","guid":{"rendered":"https:\/\/www.europesays.com\/pt\/116495\/"},"modified":"2025-10-18T21:54:13","modified_gmt":"2025-10-18T21:54:13","slug":"o-eletrico-do-momento-testamos-o-renault-5-mais-potente","status":"publish","type":"post","link":"https:\/\/www.europesays.com\/pt\/116495\/","title":{"rendered":"O el\u00e9trico do momento? Test\u00e1mos o Renault 5 mais potente"},"content":{"rendered":"<p>\n\tA imagem retro conquista quem v\u00ea o Renault 5 por fora, mas o seu trunfo \u00e9 outro. Test\u00e1mos a vers\u00e3o mais potente e com a maior bateria.\n<\/p>\n<p>                <img decoding=\"async\" src=\"data:image\/svg+xml,%3Csvg%20xmlns=\" http:=\"\" data-lazy-src=\"https:\/\/www.europesays.com\/pt\/wp-content\/uploads\/2025\/10\/Renault-5-Iconic-01.webp.webp\"\/>            <\/p>\n<p>                            Renault 5 E-Tech Iconic<\/p>\n<p>\t\t\t\t8\/10<\/p>\n<p><strong>O Renault 5 \u00e9 a prova de que os el\u00e9tricos tamb\u00e9m podem ser divertidos e, mesmo com algumas limita\u00e7\u00f5es, \u00e9 dif\u00edcil resistir-lhe.<\/strong><\/p>\n<p>        Pr\u00f3s<\/p>\n<ul class=\"c-pros-cons_pros-list\">\n<li>Equipamento<\/li>\n<li>Autonomia<\/li>\n<li>Consumos<\/li>\n<li>Condu\u00e7\u00e3o \/ comportamento<\/li>\n<\/ul>\n<p>        Contras<\/p>\n<ul class=\"c-pros-cons_cons-list\">\n<li>Pre\u00e7o<\/li>\n<li>Espa\u00e7o para os ocupantes traseiros<\/li>\n<\/ul>\n<p>O <a href=\"https:\/\/www.razaoautomovel.com\/etiqueta\/renault-5\/\" rel=\"nofollow noopener\" target=\"_blank\">Renault 5 <\/a>dispensa apresenta\u00e7\u00f5es: n\u00e3o \u00e9 apenas o renascer de um \u00edcone. \u00c9 uma afirma\u00e7\u00e3o de estilo e posicionamento de um modelo muito conhecido pelos portugueses.<\/p>\n<p>A \u00abreencarna\u00e7\u00e3o\u00bb do ic\u00f3nico citadino franc\u00eas deu-se h\u00e1 pouco mais de um ano e, mesmo antes de chegar ao mercado, j\u00e1 era um dos modelos mais aguardados. Com ele, traz o encanto das linhas retro do modelo original, aliado \u00e0 modernidade das propostas atuais.<\/p>\n<p>Mas n\u00e3o \u00e9 uma mistura complexa. A <a href=\"https:\/\/www.razaoautomovel.com\/etiqueta\/renault\/\" rel=\"nofollow noopener\" target=\"_blank\">Renault<\/a> soube adicionar a por\u00e7\u00e3o certa de cada um destes ingredientes. O resultado est\u00e1 \u00e0 vista: uma imagem muito divertida, colorida e jovem, capaz de virar cabe\u00e7as por onde quer que passe. E o Miguel Dias <a href=\"https:\/\/www.razaoautomovel.com\/testes\/renault-5-e-tech-eletrico-video\/introducao\" rel=\"nofollow noopener\" target=\"_blank\">j\u00e1 o provou neste v\u00eddeo<\/a>:<\/p>\n<p>O Renault 5 tinha a obriga\u00e7\u00e3o de corresponder \u00e0s expectativas que reca\u00edam sobre si e as provas, agora, est\u00e3o dadas. Se ainda tinha d\u00favidas, os dias que passei ao volante deste \u00abbrinquedo\u00bb eliminaram-nas.<\/p>\n<p>Se procura o carro mais espa\u00e7oso e confort\u00e1vel do segmento, h\u00e1 propostas que o fazem melhor. Mas se procura um el\u00e9trico eficiente, capaz de cumprir as obriga\u00e7\u00f5es di\u00e1rias e de arrancar sorrisos, continue a ler. O Renault 5 foi o el\u00e9trico mais divertido que pude conduzir at\u00e9 hoje, e isso \u00e9 ponto assente. <\/p>\n<p>Uma \u00abcara bonita\u00bb<\/p>\n<p>J\u00e1 se come\u00e7am a ver com alguma frequ\u00eancia Renault 5 a circular nas estradas. N\u00e3o \u00e9 dif\u00edcil avist\u00e1-los: mesmo neste azul escuro da unidade que ensaiei \u2014 que, a meu ver, est\u00e1 longe de ser a melhor escolha \u2014, ningu\u00e9m lhe fica indiferente.<\/p>\n<p>As jantes de 18\u2033 \u2014 de s\u00e9rie em todas as vers\u00f5es \u2014, a faixa dourada no tejadilho e os grafismos \u201c5\u201d espalhados um pouco por todo o lado, fazem refer\u00eancia ao \u00edcone do passado, ao mesmo tempo que lhe conferem uma personalidade \u00fanica e distingu\u00edvel.<\/p>\n<p>                <img decoding=\"async\" src=\"data:image\/svg+xml,%3Csvg%20xmlns=\" http:=\"\" data-lazy-src=\"https:\/\/www.europesays.com\/pt\/wp-content\/uploads\/2025\/10\/Renault-5-Iconic-03.webp.webp\"\/>            <\/p>\n<p>Espa\u00e7o? Falta um pouco, sim<\/p>\n<p>N\u00e3o se deixe enganar pelas linhas robustas e angulares, que o fazem parecer maior do que aquilo que realmente \u00e9. Por compara\u00e7\u00e3o, \u00e9 13,1 cm mais curto que o \u00abirm\u00e3o\u00bb <a href=\"https:\/\/www.razaoautomovel.com\/noticias\/apresentacao-renault-clio-2026-video\" rel=\"nofollow noopener\" target=\"_blank\">Renault Clio<\/a>, 2,4 cm mais estreito e tem uma dist\u00e2ncia entre eixos 4,3 cm inferior.<\/p>\n<p>Uma diferen\u00e7a que, apesar de n\u00e3o parecer significativa no papel, na pr\u00e1tica a hist\u00f3ria \u00e9 outra. O que nos leva ao principal \u201ccalcanhar de Aquiles\u201d do Renault 5: o espa\u00e7o. Se tiver mais de 1,75 m, viajar atr\u00e1s significa bater com os joelhos nos bancos dianteiros e ter pouco espa\u00e7o para a cabe\u00e7a. Mesmo assim, h\u00e1 espa\u00e7o suficiente para transportar quatro adultos.<\/p>\n<p>A bagageira, n\u00e3o sendo uma refer\u00eancia, est\u00e1 dentro da m\u00e9dia. Os 277 litros s\u00e3o mais do que suficientes para o dia a dia e superam os 210 litros do <a href=\"https:\/\/www.razaoautomovel.com\/noticias\/apresentacao-mini-cooper-countryman-2024\" rel=\"nofollow noopener\" target=\"_blank\">MINI Cooper E<\/a> ou os 265 litros do <a href=\"https:\/\/www.razaoautomovel.com\/noticias\/apresentacao-peugeot-e-208-mais-autonomia-2025\" rel=\"nofollow noopener\" target=\"_blank\">Peugeot e-208<\/a>, por exemplo.<\/p>\n<p><img loading=\"lazy\" decoding=\"async\" width=\"2048\" height=\"1152\" src=\"data:image\/svg+xml,%3Csvg%20xmlns=\" http:=\"\" alt=\"Bagageira do Renault 5\" class=\"wp-image-1102561\" data-lazy- data-lazy- data-lazy-src=\"https:\/\/www.europesays.com\/pt\/wp-content\/uploads\/2025\/10\/Renault-5-Iconic-17.webp.webp\"\/>\u00a9 Miguel Nascimento \/ Raz\u00e3o Autom\u00f3vel O novo Renault 5 anuncia 277 litros de capacidade de bagageira. E ao contr\u00e1rio de outras propostas, n\u00e3o inclui uma bagageira dianteira ou frunk \u2014 debaixo do cap\u00f4, est\u00e1 mesmo o motor e outros componentes do sistema.<\/p>\n<p>Inspirado no passado, mas com tecnologia atual<\/p>\n<p>Passada que est\u00e1 a quest\u00e3o do espa\u00e7o, importa olhar para os bons argumentos do R5 \u2014 e s\u00e3o muitos. A come\u00e7ar pelos bancos, que, na unidade testada se destacavam pelo revestimento em tecido amarelo e por um desenho que se inspira nos do <a href=\"https:\/\/www.razaoautomovel.com\/etiqueta\/renault-5-turbo\/\" rel=\"nofollow noopener\" target=\"_blank\">Renault 5 Turbo<\/a> original.<\/p>\n<p>Os pain\u00e9is das portas apresentam-se no mesmo material, enquanto o tabli\u00ea, nesta que \u00e9 a vers\u00e3o mais equipada, \u00e9 revestido em pele sint\u00e9tica. No restante habit\u00e1culo, encontramos os pl\u00e1sticos duros habituais deste tipo de propostas, mas est\u00e3o bem montados e, acima de tudo, muito bem disfar\u00e7ados.<\/p>\n<p>Tamb\u00e9m no interior, este modelo faz quest\u00e3o de exibir com orgulho o nome que herdou, tal \u00e9 a quantidade de \u201c5\u201d espalhados pelo habit\u00e1culo. Pessoalmente, o que mais gosto \u00e9 o que surge no tabli\u00ea, que pode ser iluminado e at\u00e9 mudar de cor, conferindo-lhe um toque mais pessoal.<\/p>\n<p>Mas esta liga\u00e7\u00e3o ao passado, pelo menos, no que ao interior diz respeito, termina aqui. Como referi acima, a Renault soube adicionar a por\u00e7\u00e3o certa dos ingredientes retro e modernidade, e isso fica bem evidente atr\u00e1s do volante, com a presen\u00e7a de dois ecr\u00e3s de 10\u2033: um dedicado ao painel de instrumentos e outro ao sistema de infoentretenimento.<\/p>\n<p>Nota muito positiva para este \u00faltimo, que, como tem sido habitual nos produtos mais recentes da marca, tem base Google, revelando-se particularmente intuitivo e f\u00e1cil de utilizar. Logo abaixo, encontramos um conjunto de bot\u00f5es f\u00edsicos, entre os quais se mant\u00eam os comandos do ar condicionado \u2014 e ainda bem.<\/p>\n<p>Um \u00abbrinquedo\u00bb para adultos<\/p>\n<p>Se as dimens\u00f5es compactas do Renault 5 n\u00e3o jogam a favor do espa\u00e7o interior, \u00e9 em estrada que tudo muda. Bastam poucos quil\u00f3metros ao volante para perceber que este el\u00e9trico \u00e9 mais do que uma \u00abcara bonita\u00bb. <\/p>\n<p>E o que mais me surpreendeu foi a quantidade de vezes que dei por mim com um sorriso na cara. A capacidade que este pequeno \u00abbrinquedo\u00bb tem para enfrentar estradas mais sinuosas e a estabilidade com que tudo acontece deixa-nos a \u00abchorar por mais\u00bb, tal \u00e9 a divers\u00e3o ao volante. <\/p>\n<p><img loading=\"lazy\" decoding=\"async\" src=\"data:image\/svg+xml,%3Csvg%20xmlns=\" http:=\"\" alt=\"Renault 5 \u2014 traseira 3\/4\" class=\"wp-image-1102537\" width=\"840\" height=\"472\" data-lazy- data-lazy- data-lazy-src=\"https:\/\/www.europesays.com\/pt\/wp-content\/uploads\/2025\/10\/Renault-5-Iconic-03.webp.webp\"\/>\u00a9 Miguel Nascimento \/ Raz\u00e3o Autom\u00f3vel A unidade ensaiada estava \u00abpintada\u00bb na cor \u201cAzul Noturno\u201d que, a meu ver, n\u00e3o favorece as linhas do Renault 5.<\/p>\n<p>A dire\u00e7\u00e3o \u00e9 direta e precisa, e oferece o peso adequado para cada tipo de situa\u00e7\u00e3o. Se no modo Eco tende a ser demasiado leve, nos modos Comfort e Sport permite melhores sensa\u00e7\u00f5es e torna a condu\u00e7\u00e3o do Renault 5 mais envolvente e divertida.<\/p>\n<p>A isto juntam-se as retomas de velocidade imediatas \u2014 t\u00edpicas dos 100% el\u00e9tricos \u2014 e o tato firme do pedal de trav\u00e3o, que tornam o Renault 5 num verdadeiro \u00abbrinquedo\u00bb para adultos. E como se n\u00e3o bastasse, nunca sentimos que \u00e9 suficiente. Pelo contr\u00e1rio, convida-nos a continuar, a aproveitar cada curva e a espremer todos os eletr\u00f5es da bateria.<\/p>\n<p>Para isto, tamb\u00e9m muito contribui a suspens\u00e3o independente (nos dois eixos), que adota uma firmeza at\u00edpica neste tipo de proposta, conferindo-lhe uma agilidade e estabilidade que surpreendem, mesmo a ritmos mais elevados. Mas n\u00e3o compromete o conforto mesmo quando o piso est\u00e1 em pior estado.<\/p>\n<p>Pot\u00eancia mais do que suficiente<\/p>\n<p>Abrandando o ritmo e selecionando o modo Eco, o Renault 5 surpreende pela facilidade com que baixa o nosso ritmo card\u00edaco, mas tamb\u00e9m os consumos. Neste modo, a pot\u00eancia \u00e9 entregue de forma linear, o que torna a condu\u00e7\u00e3o em cidade num exerc\u00edcio de serenidade.<\/p>\n<p>E j\u00e1 que falamos em pot\u00eancia, o R5 est\u00e1 dispon\u00edvel com 70 kW (95 cv), 90 kW (122 cv) e 110 kW (150 cv), e foi precisamente esta \u00faltima que testei. Apesar de n\u00e3o soar entusiasmante, nunca senti que fosse insuficiente para mover os mais de 1500 kg deste modelo.<\/p>\n<p><img loading=\"lazy\" decoding=\"async\" width=\"2048\" height=\"1152\" src=\"data:image\/svg+xml,%3Csvg%20xmlns=\" http:=\"\" alt=\"Motor el\u00e9trico do Renault 5\" class=\"wp-image-1102565\" data-lazy- data-lazy- data-lazy-src=\"https:\/\/www.europesays.com\/pt\/wp-content\/uploads\/2025\/10\/Renault-5-Iconic-18.webp.webp\"\/>\u00a9 Miguel Nascimento \/ Raz\u00e3o Autom\u00f3vel Devido ao posicionamento do motor el\u00e9trico, n\u00e3o existe nenhum compartimento de carga sob o cap\u00f4.<\/p>\n<p>Para ter uma ideia, o sprint dos 0 aos 100 km\/h cumpre-se em 8s, mais do que suficiente para nos encostar ao banco\u2026 por breves momentos. Quanto \u00e0 velocidade m\u00e1xima, est\u00e1 limitada aos 150 km\/h, independentemente da vers\u00e3o.<\/p>\n<p>Descubra o seu pr\u00f3ximo autom\u00f3vel:<\/p>\n<p>E a autonomia?<\/p>\n<p>O Renault 5 com que privei era \u00abalimentado\u00bb pela bateria de maior capacidade (52 kWh), com uma autonomia anunciada de at\u00e9 410 km (ciclo WLTP).<\/p>\n<p>Quanto aos consumos, a marca declara cerca de 15 kWh\/100 km, mas na pr\u00e1tica \u00e9 relativamente f\u00e1cil ficar abaixo deste valor, tal \u00e9 a efici\u00eancia deste sistema el\u00e9trico. Para tal, muito contribui a travagem regenerativa que, embora n\u00e3o seja ajust\u00e1vel, permite-nos conduzir maioritariamente recorrendo apenas ao pedal do acelerador. <\/p>\n<p><img loading=\"lazy\" decoding=\"async\" width=\"2048\" height=\"1152\" src=\"data:image\/svg+xml,%3Csvg%20xmlns=\" http:=\"\" alt=\"Porta de carregamento do Renault 5&#10;\" class=\"wp-image-1102545\" data-lazy- data-lazy- data-lazy-src=\"https:\/\/www.europesays.com\/pt\/wp-content\/uploads\/2025\/10\/Renault-5-Iconic-09.webp.webp\"\/>\u00a9 Miguel Nascimento \/ Raz\u00e3o Autom\u00f3vel O Renault 5, quando equipado com a bateria de maior capacidade, pode ser carregado a 11 kW em corrente alternada (AC) ou a 100 kW em corrente cont\u00ednua (DC).<\/p>\n<p>Ao fim de mais de 300 km percorridos, terminei este ensaio com uma m\u00e9dia a rondar os 14 kWh\/100 km, um valor que surpreendeu, tendo em considera\u00e7\u00e3o a quantidade de vezes que n\u00e3o fui brando com o pedal da direita.<\/p>\n<p>Na realidade, isto traduz-se numa autonomia real que cumpre o que \u00e9 anunciado pela marca, especialmente se conduzirmos em contexto urbano. Em vias r\u00e1pidas e autoestradas, como \u00e9 normal nas propostas 100% el\u00e9tricas, os consumos sobem e a autonomia desce. <\/p>\n<p>                <img decoding=\"async\" src=\"data:image\/svg+xml,%3Csvg%20xmlns=\" http:=\"\" data-lazy-src=\"https:\/\/www.europesays.com\/pt\/wp-content\/uploads\/2025\/10\/Renault-5-Iconic-15.webp.webp\"\/>            <\/p>\n<p>Quanto custa?<\/p>\n<p>O novo Renault 5 est\u00e1 <a href=\"https:\/\/www.credibom.pt\/credito\/automovel\" rel=\"nofollow noopener\" target=\"_blank\">dispon\u00edvel a partir dos 24 900 euros<\/a>, mas a unidade ensaiada estava (muito) acima deste valor.<\/p>\n<p>Equipada com o n\u00edvel de equipamento Iconic Cinq \u2014 um dos mais completos da gama \u2014, o valor base sobe para os 35 mil euros, mas com todos os opcionais que trazia, o pre\u00e7o final da unidade ensaiada fica em praticamente 38 mil euros.<\/p>\n<p><img loading=\"lazy\" decoding=\"async\" width=\"2048\" height=\"1152\" src=\"data:image\/svg+xml,%3Csvg%20xmlns=\" http:=\"\" alt=\"Badge &quot;Renault 5&quot; na bagageira do Renault 5\" class=\"wp-image-1102542\" data-lazy- data-lazy- data-lazy-src=\"https:\/\/www.europesays.com\/pt\/wp-content\/uploads\/2025\/10\/Renault-5-Iconic-06.webp.webp\"\/>\u00a9 Miguel Nascimento \/ Raz\u00e3o Autom\u00f3vel O exterior do Renault 5 n\u00e3o se inibe de ostentar v\u00e1rios \u201c5\u201d, e este, na traseira, \u00e9 um deles.<\/p>\n<p>N\u00e3o \u00e9 o valor mais competitivo, mas a concorr\u00eancia n\u00e3o faz melhor. Veja-se, por exemplo, o <a href=\"https:\/\/www.razaoautomovel.com\/noticias\/apresentacao-mini-cooper-countryman-2024\" rel=\"nofollow noopener\" target=\"_blank\">MINI Cooper E<\/a>, que est\u00e1 dispon\u00edvel a partir dos 33 mil euros, mas oferece menos 105 km de autonomia, ou o <a href=\"https:\/\/www.razaoautomovel.com\/testes\/ensaio-peugeot-e-208-gt-156-cv-2024\" rel=\"nofollow noopener\" target=\"_blank\">Peugeot E-208<\/a>, que na vers\u00e3o GT tem pre\u00e7os a come\u00e7ar nos 35 mil euros.<\/p>\n<p>No final do dia, tudo se resume a uma quest\u00e3o de prioridades. Se o que procura \u00e9 versatilidade, espa\u00e7o e conforto, h\u00e1 outras propostas no mercado que cumprem melhor esse papel.<\/p>\n<p>Mas se o cora\u00e7\u00e3o fala t\u00e3o alto quanto a raz\u00e3o, e se o estilo retro do Renault 5 o faz sorrir, ent\u00e3o a escolha \u00e9 \u00f3bvia. Este pequeno el\u00e9trico alia praticidade e emo\u00e7\u00e3o como poucos. Duvido que exista outra proposta t\u00e3o divertida, carism\u00e1tica e cativante quanto este \u00abbrinquedo\u00bb franc\u00eas.<\/p>\n<p>                <img decoding=\"async\" src=\"data:image\/svg+xml,%3Csvg%20xmlns=\" http:=\"\" data-lazy-src=\"https:\/\/www.europesays.com\/pt\/wp-content\/uploads\/2025\/10\/Renault-5-Iconic-17.webp.webp\"\/>            <\/p>\n<p>                            Renault 5 E-Tech Iconic<\/p>\n<p>\t\t\t\t8\/10<\/p>\n<p>Longe de ser apenas uma homenagem ao passado, o Renault 5 mostra que a eletrifica\u00e7\u00e3o pode coexistir com a emotividade, personalidade e prazer de conduzir, mas nem tudo \u00e9 perfeito. As dimens\u00f5es compactas que lhe conferem tanta agilidade penalizam quem viaja atr\u00e1s, e o pre\u00e7o\u2026 \u00e9 o mal comum de quase todos os el\u00e9tricos. Apesar disso, o Renault 5 prova que n\u00e3o \u00e9 apenas mais um e sim um \u00abbrinquedo\u00bb para adultos, daqueles que nos fazem \u201cchorar por mais\u201d.<\/p>\n<p>        Pr\u00f3s<\/p>\n<ul class=\"c-pros-cons_pros-list\">\n<li>Equipamento<\/li>\n<li>Autonomia<\/li>\n<li>Consumos<\/li>\n<li>Condu\u00e7\u00e3o \/ comportamento<\/li>\n<\/ul>\n<p>        Contras<\/p>\n<ul class=\"c-pros-cons_cons-list\">\n<li>Pre\u00e7o<\/li>\n<li>Espa\u00e7o para os ocupantes traseiros<\/li>\n<\/ul>\n<p>                <img decoding=\"async\" src=\"data:image\/svg+xml,%3Csvg%20xmlns=\" http:=\"\" data-lazy-src=\"https:\/\/www.europesays.com\/pt\/wp-content\/uploads\/2025\/10\/Renault-5-Iconic-18.webp.webp\"\/><br \/>\n            Especifica\u00e7\u00f5es t\u00e9cnicas        <\/p>\n<p>Vers\u00e3o base:24.900\u20ac<\/p>\n<p style=\"margin-top:-8px;\">Classifica\u00e7\u00e3o Euro NCAP: <\/p>\n<p>\t\t\t\t4\/5<\/p>\n<p class=\"s-price\">38.038\u20ac<\/p>\n<p class=\"s-text\">Pre\u00e7o unidade ensaiada<\/p>\n<p>          Motor<\/p>\n<ul class=\"c-car-details-card__tabbed-data\">\n<li><strong>Arquitectura:<\/strong> Motor el\u00e9trico s\u00edncrono <\/li>\n<li><strong>Posi\u00e7\u00e3o:<\/strong> Dianteiro, transversal<\/li>\n<li><strong>Carregamento:<\/strong> Bateria de 52 kWh<\/li>\n<li><strong>Pot\u00eancia:<\/strong><br \/>\n              110 kW (150 cv)\n          <\/li>\n<li><strong>Bin\u00e1rio:<\/strong><br \/>\n              245 Nm\n          <\/li>\n<\/ul>\n<p>          Transmiss\u00e3o<\/p>\n<ul class=\"c-car-details-card__tabbed-data\">\n<li><strong>Trac\u00e7\u00e3o:\u00a0<\/strong>Dianteira <\/li>\n<li><strong>Caixa de velocidades:\u00a0<\/strong> Rela\u00e7\u00e3o \u00fanica<\/li>\n<\/ul>\n<p>          Capacidade e dimens\u00f5es<\/p>\n<ul class=\"c-car-details-card__tabbed-data\">\n<li><strong>Comprimento:\u00a0<\/strong>3922 mm <\/li>\n<li><strong>Largura:\u00a0<\/strong>1774 mm <\/li>\n<li><strong>Altura:\u00a0<\/strong>1498 mm <\/li>\n<li><strong>Dist\u00e2ncia entre os eixos:\u00a0<\/strong>2540 mm <\/li>\n<li><strong>Bagageira:\u00a0<\/strong>277-959 litros <\/li>\n<li><strong>Jantes \/ Pneus:\u00a0<\/strong>FR: 195\/55 R18; TR: 195\/55 R18  <\/li>\n<li><strong>Peso:\u00a0<\/strong>1532 kg <\/li>\n<\/ul>\n<p>          Consumo e Performance<\/p>\n<ul class=\"c-car-details-card__tabbed-data\">\n<li><strong>M\u00e9dia de consumo:<\/strong>\u00a015,1 kWh\/100 km\n          <\/li>\n<li><strong>Velocidade m\u00e1xima:<\/strong>\u00a0150 km\/h <\/li>\n<li><strong>Acelera\u00e7\u00e3o m\u00e1xima:<\/strong>\u00a0&gt;8s <\/li>\n<\/ul>\n<p>          Equipamentos<\/p>\n<ul class=\"c-car-details-card__tabbed-data\">\n<p>                Tem:<\/p>\n<ul class=\"c-pros-cons_pros-list\">\n<li>Vidros traseiros escurecidos<\/li>\n<li>C\u00e2mara de marcha-atr\u00e1s<\/li>\n<li>Alerta de \u00e2ngulo morto<\/li>\n<li>Cruise control adaptativo<\/li>\n<li>Bancos e volante aquecido<\/li>\n<li>9 altifalantes Harman Kardon<\/li>\n<li>Bomba de calor<\/li>\n<li>Ilumina\u00e7\u00e3o ambiente interior<\/li>\n<\/ul>\n<\/ul>\n<p>          Extras<\/p>\n<p>Pintura azul noturno com tejadilho preto estrela: 1150 \u20ac<br \/>Pack Safety &amp; Easy Drive: 650 \u20ac<br \/>Adaptador (carregador bidirecional V2L): 200 \u20ac<br \/>Cabo de carregamento dom\u00e9stico (modo 2): 390 \u20ac<\/p>\n<p>        <a href=\"https:\/\/www.razaoautomovel.com\/perfil\/miguel-nascimento\/\" rel=\"nofollow noopener\" target=\"_blank\"><br \/>\n            <img loading=\"lazy\" alt=\"Avatar photo\" src=\"data:image\/svg+xml,%3Csvg%20xmlns=\" http:=\"\" data-lazy- class=\"avatar avatar-96 photo\" height=\"96\" width=\"96\" decoding=\"async\" data-lazy-src=\"https:\/\/www.europesays.com\/pt\/wp-content\/uploads\/2025\/09\/1757530396_357_miguel-nascimento-perfil-2025-96x96.jpg\"\/>        <\/a>  <\/p>\n","protected":false},"excerpt":{"rendered":"A imagem retro conquista quem v\u00ea o Renault 5 por fora, mas o seu trunfo \u00e9 outro. Test\u00e1mos&hellip;\n","protected":false},"author":2,"featured_media":116496,"comment_status":"","ping_status":"","sticky":false,"template":"","format":"standard","meta":{"footnotes":""},"categories":[84],"tags":[109,107,108,428,32,33,1156,4451,105,103,104,106,110,951],"class_list":{"0":"post-116495","1":"post","2":"type-post","3":"status-publish","4":"format-standard","5":"has-post-thumbnail","7":"category-ciencia-e-tecnologia","8":"tag-ciencia","9":"tag-ciencia-e-tecnologia","10":"tag-cienciaetecnologia","11":"tag-eletricos","12":"tag-portugal","13":"tag-pt","14":"tag-renault","15":"tag-renault-5","16":"tag-science","17":"tag-science-and-technology","18":"tag-scienceandtechnology","19":"tag-technology","20":"tag-tecnologia","21":"tag-testes"},"share_on_mastodon":{"url":"","error":""},"_links":{"self":[{"href":"https:\/\/www.europesays.com\/pt\/wp-json\/wp\/v2\/posts\/116495","targetHints":{"allow":["GET"]}}],"collection":[{"href":"https:\/\/www.europesays.com\/pt\/wp-json\/wp\/v2\/posts"}],"about":[{"href":"https:\/\/www.europesays.com\/pt\/wp-json\/wp\/v2\/types\/post"}],"author":[{"embeddable":true,"href":"https:\/\/www.europesays.com\/pt\/wp-json\/wp\/v2\/users\/2"}],"replies":[{"embeddable":true,"href":"https:\/\/www.europesays.com\/pt\/wp-json\/wp\/v2\/comments?post=116495"}],"version-history":[{"count":0,"href":"https:\/\/www.europesays.com\/pt\/wp-json\/wp\/v2\/posts\/116495\/revisions"}],"wp:featuredmedia":[{"embeddable":true,"href":"https:\/\/www.europesays.com\/pt\/wp-json\/wp\/v2\/media\/116496"}],"wp:attachment":[{"href":"https:\/\/www.europesays.com\/pt\/wp-json\/wp\/v2\/media?parent=116495"}],"wp:term":[{"taxonomy":"category","embeddable":true,"href":"https:\/\/www.europesays.com\/pt\/wp-json\/wp\/v2\/categories?post=116495"},{"taxonomy":"post_tag","embeddable":true,"href":"https:\/\/www.europesays.com\/pt\/wp-json\/wp\/v2\/tags?post=116495"}],"curies":[{"name":"wp","href":"https:\/\/api.w.org\/{rel}","templated":true}]}}