{"id":116497,"date":"2025-10-18T21:56:07","date_gmt":"2025-10-18T21:56:07","guid":{"rendered":"https:\/\/www.europesays.com\/pt\/116497\/"},"modified":"2025-10-18T21:56:07","modified_gmt":"2025-10-18T21:56:07","slug":"mais-de-cinco-mil-familias-deslocadas-em-mueda","status":"publish","type":"post","link":"https:\/\/www.europesays.com\/pt\/116497\/","title":{"rendered":"Mais de cinco mil fam\u00edlias deslocadas em Mueda"},"content":{"rendered":"<p>        Um total de 5.960 fam\u00edlias foram acolhidas no distrito de Mueda, em Cabo Delgado, ap\u00f3s recentes ataques nos distritos de Moc\u00edmboa da Praia e Palma, no norte de Mo\u00e7ambique.    <\/p>\n<p>Um total de 5.960 fam\u00edlias foram acolhidas no distrito de Mueda, em Cabo Delgado, ap\u00f3s recentes ataques nos distritos de Moc\u00edmboa da Praia e Palma, no norte de Mo\u00e7ambique, disse fonte oficial. \u201cRecebemos mais ou menos 5.960 fam\u00edlias, o correspondente a 13.986 pessoas, com destaque para 6.300 crian\u00e7as que est\u00e3o em quatro centros de reassentamento aqui da vila de Mueda, concretamente Lyanda, Mpeme, Eduardo Mondlane e Nandimba\u201d, disse Assamo Omar, secret\u00e1rio permanente de Mueda, em declara\u00e7\u00f5es a jornalistas.<\/p>\n<p>As autoridades de Mueda manifestaram preocupa\u00e7\u00e3o sobre as mais de 6.000 crian\u00e7as deslocadas, referindo que est\u00e3o a procurar enquadramento para que n\u00e3o fiquem de fora das avalia\u00e7\u00f5es escolares finais.<\/p>\n<p>\u201cTamb\u00e9m temos que ter um tratamento especial tendo em conta a aproxima\u00e7\u00e3o da \u00e9poca dos exames escolares, portanto n\u00f3s temos que envidar esfor\u00e7os no sentido de enquadrar essas mesmas crian\u00e7as para que tenham a possibilidade de poderem fazer exames finais de 2025\u201d, referiu o respons\u00e1vel.<\/p>\n<p>Face \u00e0 nova onda de deslocados, o governo distrital realizou uma reuni\u00e3o de coordena\u00e7\u00e3o com os parceiros para definir as prioridades de assist\u00eancia humanit\u00e1ria. \u201cJuntamente com os nossos parceiros tivemos a reuni\u00e3o de coordena\u00e7\u00e3o que \u00e9 para n\u00f3s podermos prever aquilo que \u00e9 necess\u00e1rio, sobretudo aquilo que s\u00e3o os abrigos, assist\u00eancia alimentar, quest\u00e3o de \u00e1gua e saneamento\u201d, disse Assamo Omar, pedindo mais apoios para \u201cminimizar o sofrimento\u201d das v\u00edtimas dos ataques rebeldes.<\/p>\n<p>Entre 22 de setembro e 13 de outubro a \u201cescalada de ataques e a inseguran\u00e7a provocada por grupos armados\u201d levou a \u201cnovos deslocamentos\u201d \u2013 num total de 92.792 pessoas, equivalente a 25.476 fam\u00edlias \u2013 essencialmente nos distritos de Balama, Moc\u00edmboa da Praia, Montepuez e Chi\u00fare, Cabo Delgado, mas tamb\u00e9m em Memba, prov\u00edncia de Nampula, de acordo com o mais recente relat\u00f3rio do terreno da Organiza\u00e7\u00e3o Internacional para as Migra\u00e7\u00f5es (OIM), consultado pela Lusa.<\/p>\n<p>Pelo menos 462 pessoas foram condenadas por envolvimento nos ataques terroristas em Cabo Delgado, com 918 processos-crime abertos, avan\u00e7ou o Gabinete Central de Combate \u00e0 Criminalidade Organizada e Transnacional (GCCCOT).<\/p>\n<p>A prov\u00edncia de Cabo Delgado, no norte de Mo\u00e7ambique, rica em g\u00e1s, \u00e9 alvo de ataques terroristas h\u00e1 oito anos, com o primeiro ataque registado em 05 de outubro de 2017, no distrito da Moc\u00edmboa da Praia.<\/p>\n<p>Oito anos depois desse primeiro ataque, o Governo afirmou este m\u00eas que continua a fazer esfor\u00e7os para garantir a seguran\u00e7a \u00e0s popula\u00e7\u00f5es e bens para que estas comunidades permane\u00e7am nos lugares de origem em paz.<\/p>\n<p>O Presidente de Mo\u00e7ambique, Daniel Chapo, considerou este m\u00eas como \u201catos b\u00e1rbaros\u201d e contra a \u201cdignidade humana\u201d os ataques terroristas no norte do pa\u00eds. O Projeto de Localiza\u00e7\u00e3o de Conflitos Armados e Dados de Eventos (ACLED) contabiliza 6.257 mortos ao fim de oito anos dos ataques terroristas, alertando para a instabilidade atual, com o recrudescimento da viol\u00eancia.<\/p>\n<p>\u201cA situa\u00e7\u00e3o \u00e9 bastante inst\u00e1vel. Em setembro, o [grupo extremista] Estado Isl\u00e2mico de Mo\u00e7ambique (ISM) estava ativo em 11 distritos de Cabo Delgado e tamb\u00e9m cruzou para Nampula no final do m\u00eas\u201d, disse \u00e0 Lusa Peter Bofin, investigador da ACLED.<\/p>\n","protected":false},"excerpt":{"rendered":"Um total de 5.960 fam\u00edlias foram acolhidas no distrito de Mueda, em Cabo Delgado, ap\u00f3s recentes ataques nos&hellip;\n","protected":false},"author":2,"featured_media":116498,"comment_status":"","ping_status":"","sticky":false,"template":"","format":"standard","meta":{"footnotes":""},"categories":[50],"tags":[27,28,17363,15,16,14,27287,27288,25,26,21,22,2715,62,12,13,19,20,23,24,17,18,29,30,31,63,64,65],"class_list":{"0":"post-116497","1":"post","2":"type-post","3":"status-publish","4":"format-standard","5":"has-post-thumbnail","7":"category-mundo","8":"tag-breaking-news","9":"tag-breakingnews","10":"tag-cabo-delgado","11":"tag-featured-news","12":"tag-featurednews","13":"tag-headlines","14":"tag-islao","15":"tag-jihadismo","16":"tag-latest-news","17":"tag-latestnews","18":"tag-main-news","19":"tag-mainnews","20":"tag-mocambique","21":"tag-mundo","22":"tag-news","23":"tag-noticias","24":"tag-noticias-principais","25":"tag-noticiasprincipais","26":"tag-principais-noticias","27":"tag-principaisnoticias","28":"tag-top-stories","29":"tag-topstories","30":"tag-ultimas","31":"tag-ultimas-noticias","32":"tag-ultimasnoticias","33":"tag-world","34":"tag-world-news","35":"tag-worldnews"},"share_on_mastodon":{"url":"","error":""},"_links":{"self":[{"href":"https:\/\/www.europesays.com\/pt\/wp-json\/wp\/v2\/posts\/116497","targetHints":{"allow":["GET"]}}],"collection":[{"href":"https:\/\/www.europesays.com\/pt\/wp-json\/wp\/v2\/posts"}],"about":[{"href":"https:\/\/www.europesays.com\/pt\/wp-json\/wp\/v2\/types\/post"}],"author":[{"embeddable":true,"href":"https:\/\/www.europesays.com\/pt\/wp-json\/wp\/v2\/users\/2"}],"replies":[{"embeddable":true,"href":"https:\/\/www.europesays.com\/pt\/wp-json\/wp\/v2\/comments?post=116497"}],"version-history":[{"count":0,"href":"https:\/\/www.europesays.com\/pt\/wp-json\/wp\/v2\/posts\/116497\/revisions"}],"wp:featuredmedia":[{"embeddable":true,"href":"https:\/\/www.europesays.com\/pt\/wp-json\/wp\/v2\/media\/116498"}],"wp:attachment":[{"href":"https:\/\/www.europesays.com\/pt\/wp-json\/wp\/v2\/media?parent=116497"}],"wp:term":[{"taxonomy":"category","embeddable":true,"href":"https:\/\/www.europesays.com\/pt\/wp-json\/wp\/v2\/categories?post=116497"},{"taxonomy":"post_tag","embeddable":true,"href":"https:\/\/www.europesays.com\/pt\/wp-json\/wp\/v2\/tags?post=116497"}],"curies":[{"name":"wp","href":"https:\/\/api.w.org\/{rel}","templated":true}]}}