{"id":116501,"date":"2025-10-18T22:04:08","date_gmt":"2025-10-18T22:04:08","guid":{"rendered":"https:\/\/www.europesays.com\/pt\/116501\/"},"modified":"2025-10-18T22:04:08","modified_gmt":"2025-10-18T22:04:08","slug":"dois-editores-e-amigos-entram-numa-tertulia-e-assim-acontece","status":"publish","type":"post","link":"https:\/\/www.europesays.com\/pt\/116501\/","title":{"rendered":"Dois editores e amigos entram numa tert\u00falia e&#8230; assim acontece"},"content":{"rendered":"<p>        Guilherme Valente, o editor de sempre da Gradiva, jubila-se e confia este patrim\u00f3nio a Manuel S. Fonseca, editor da Guerra e Paz. N\u00e3o \u00e9 uma revolu\u00e7\u00e3o em marcha. \u00c9 uma renova\u00e7\u00e3o para acompanharmos de perto.    <\/p>\n<p>O nome da editora encerra em si um romance \u00e9pico, um colosso da literatura, mensagens subliminares e, ousadia nossa, um amor descarado pelos livros. \u201cGuerra e Paz\u201d n\u00e3o \u00e9 um exclusivo de Tolstoi. \u00c9, tamb\u00e9m, nome de uma editora criada em 2006 por Manuel S. Fonseca, instalada num pr\u00e9dio pelas bandas do Conde Redondo, em Lisboa, com vista para um caf\u00e9 cujo nome Plat\u00e3o n\u00e3o desdenharia. Durante muitos anos, conta-nos o editor, ali almo\u00e7ava Ant\u00f3nio Lobo Antunes. Eduardo Prado Coelho foi outro habitu\u00e9 nos tempos em que escrevia o seu \u00faltimo livro.<\/p>\n<p>Viajar nesta luz \u00e0 velocidade das refer\u00eancias liter\u00e1rias que v\u00e3o saindo, naturalmente, a Manuel S. Fonseca, \u00e9 combinar conversa com perguntas. Queremos saber como lhe foi confiado o \u2018planeta Gradiva\u2019. Parece que tudo aconteceu durante umas tert\u00falias \u201cm\u00ednimas\u201d, que re\u00fanem tr\u00eas indiv\u00edduos, para discutir \u201ctodos os aspetos da vida editorial\u201d. E muito mais. \u201cO Guilherme [Valente] e eu somos amigos de longa data. Tenho acompanhado a vida da Gradiva na mesma dimens\u00e3o em que os meus dois amigos editores [dessa tert\u00falia] acompanham a vida da Guerra e Paz.\u201d Um sorriso discreto antecede a rajada. \u201cPartilhamos dramas, vit\u00f3rias, discutimos imenso pol\u00edtica, desencontramo-nos, mesmo nas estrat\u00e9gias para a vida editorial. Mas \u00e9 isso que faz a riqueza dos encontros. E eu sabia que havia uma vontade no Guilherme de parar. E h\u00e1 uns meses esta parte foi-me dizendo se eu queria ficar com a editora. Eu achei que era uma forma gentil, simp\u00e1tica, de p\u00f4r as coisas, mas nunca o levei a s\u00e9rio.\u201d<\/p>\n<p><strong>Conte\u00fado reservado a assinantes. Leia\u00a0<a href=\"https:\/\/leitor.jornaleconomico.pt\/noticia\/dois-editores-e-amigos-entram-numa-tertulia-e-assim-acontece\" target=\"_blank\" rel=\"noopener nofollow\">aqui<\/a>\u00a0o conte\u00fado completo. Edi\u00e7\u00e3o do\u00a0<a href=\"https:\/\/leitor.jornaleconomico.pt\/edicao\/jornal-economico\/2321\" target=\"_blank\" rel=\"noopener nofollow\">Jornal Econ\u00f3mico<\/a> de 17 de outubro.<\/strong><\/p>\n","protected":false},"excerpt":{"rendered":"Guilherme Valente, o editor de sempre da Gradiva, jubila-se e confia este patrim\u00f3nio a Manuel S. Fonseca, editor&hellip;\n","protected":false},"author":2,"featured_media":116502,"comment_status":"","ping_status":"","sticky":false,"template":"","format":"standard","meta":{"footnotes":""},"categories":[143],"tags":[169,114,115,170,32,33],"class_list":{"0":"post-116501","1":"post","2":"type-post","3":"status-publish","4":"format-standard","5":"has-post-thumbnail","7":"category-livros","8":"tag-books","9":"tag-entertainment","10":"tag-entretenimento","11":"tag-livros","12":"tag-portugal","13":"tag-pt"},"share_on_mastodon":{"url":"","error":""},"_links":{"self":[{"href":"https:\/\/www.europesays.com\/pt\/wp-json\/wp\/v2\/posts\/116501","targetHints":{"allow":["GET"]}}],"collection":[{"href":"https:\/\/www.europesays.com\/pt\/wp-json\/wp\/v2\/posts"}],"about":[{"href":"https:\/\/www.europesays.com\/pt\/wp-json\/wp\/v2\/types\/post"}],"author":[{"embeddable":true,"href":"https:\/\/www.europesays.com\/pt\/wp-json\/wp\/v2\/users\/2"}],"replies":[{"embeddable":true,"href":"https:\/\/www.europesays.com\/pt\/wp-json\/wp\/v2\/comments?post=116501"}],"version-history":[{"count":0,"href":"https:\/\/www.europesays.com\/pt\/wp-json\/wp\/v2\/posts\/116501\/revisions"}],"wp:featuredmedia":[{"embeddable":true,"href":"https:\/\/www.europesays.com\/pt\/wp-json\/wp\/v2\/media\/116502"}],"wp:attachment":[{"href":"https:\/\/www.europesays.com\/pt\/wp-json\/wp\/v2\/media?parent=116501"}],"wp:term":[{"taxonomy":"category","embeddable":true,"href":"https:\/\/www.europesays.com\/pt\/wp-json\/wp\/v2\/categories?post=116501"},{"taxonomy":"post_tag","embeddable":true,"href":"https:\/\/www.europesays.com\/pt\/wp-json\/wp\/v2\/tags?post=116501"}],"curies":[{"name":"wp","href":"https:\/\/api.w.org\/{rel}","templated":true}]}}