{"id":116524,"date":"2025-10-18T22:24:08","date_gmt":"2025-10-18T22:24:08","guid":{"rendered":"https:\/\/www.europesays.com\/pt\/116524\/"},"modified":"2025-10-18T22:24:08","modified_gmt":"2025-10-18T22:24:08","slug":"procuras-uns-botins-lefties-tem-o-par-que-segue-duas-tendencias-de-outono","status":"publish","type":"post","link":"https:\/\/www.europesays.com\/pt\/116524\/","title":{"rendered":"Procuras uns botins? Lefties tem o par que segue duas tend\u00eancias de outono"},"content":{"rendered":"<p>Por esta altura, \u00e9 imposs\u00edvel que ainda n\u00e3o tenhas ouvido falar nas duas principais tend\u00eancias deste outono: castanho no tom Mocha Mousse, <a href=\"https:\/\/versa.iol.pt\/moda\/pantone\/e-a-cor-do-ano-para-2025-e-amiga-da-tendencia-quiet-luxury\/20241205\/6751b9ebd34ea1acf271768e\" rel=\"nofollow noopener\" target=\"_blank\">cor eleita pela Pantone para 2025<\/a>, e <a href=\"https:\/\/versa.iol.pt\/botas\/hm\/se-as-tuas-botas-nao-sobreviveram-para-este-outono-a-h-m-tem-mais-do-que-uma-opcao\/20251010\/68e770b7d34e58bc6796ae2b\" rel=\"nofollow noopener\" target=\"_blank\">a camur\u00e7a<\/a>. Por isso, abre espa\u00e7o para a novidade da Lefties.\u00a0<\/p>\n<p>\u00c9 que o novos botins da Lefties t\u00eam tudo. Existem no tom Mocha Mousse e a textura \u00e9\u00a0efeito de camur\u00e7a, como pede a esta\u00e7\u00e3o. Para al\u00e9m disso, t\u00eam um salto de 6 cm, a medida certa para adicionar um toque de eleg\u00e2ncia ao look.\u00a0<\/p>\n<p>Os novos botins s\u00e3o ideais para combinar com a <a href=\"https:\/\/versa.iol.pt\/sapatos\/mango\/minissaia-tendencia-da-mango-custava-27-99-euros-e-agora-nao-chegam-a-3\/20271015\/68ee109bd34e58bc6796dc1c\" rel=\"nofollow noopener\" target=\"_blank\">minissaia efeito pele da Mango<\/a>, com a <a href=\"https:\/\/versa.iol.pt\/zara\/previsao-do-tempo\/novidade-da-zara-alinha-se-com-a-previsao-do-tempo-para-a-proxima-semana\/20251016\/68f09d96d34e58bc6796f014\" rel=\"nofollow noopener\" target=\"_blank\">nova capa com capuz da Zara<\/a> ou ent\u00e3o com as cal\u00e7as\u00a0wide leg do Lidl, que est\u00e3o dispon\u00edveis at\u00e9 ao in\u00edcio da pen\u00faltima semana de outubro.\u00a0<\/p>\n<p>Os botins efeito camur\u00e7a tamb\u00e9m est\u00e3o dispon\u00edveis em preto, cor que neste caso combina com qualquer tom de roupa, desde o branco \u00e0s <a href=\"https:\/\/versa.iol.pt\/moda\/roupa\/ja-sabes-as-cores-proibidas-no-guarda-roupa-para-2025\/20250115\/6787cf0bd34ea1acf272e66b\" rel=\"nofollow noopener\" target=\"_blank\">cores el\u00e9tricas que s\u00e3o tend\u00eancia em 2025<\/a>.\u00a0<\/p>\n<p>Resta saber o pre\u00e7o dos botins. <a href=\"https:\/\/www.lefties.com\/pt\/mulher\/novidades\/botim-efeito-de-camur%C3%A7a-c1030267503p698452733.html?colorId=040&amp;parentId=698458095&amp;style=00\" target=\"_blank\" rel=\"nofollow noopener\">Custam \u20ac29,99<\/a>.\u00a0<\/p>\n<p>Mostramos a novidade na galeria de imagens, \u00e0 qual juntamos outras botas para usares neste outono\/inverno.\u00a0<\/p>\n","protected":false},"excerpt":{"rendered":"Por esta altura, \u00e9 imposs\u00edvel que ainda n\u00e3o tenhas ouvido falar nas duas principais tend\u00eancias deste outono: castanho&hellip;\n","protected":false},"author":2,"featured_media":116525,"comment_status":"","ping_status":"","sticky":false,"template":"","format":"standard","meta":{"footnotes":""},"categories":[85],"tags":[1081,10049,27291,204,114,115,754,17223,186,1079,32,33,1078,1080],"class_list":{"0":"post-116524","1":"post","2":"type-post","3":"status-publish","4":"format-standard","5":"has-post-thumbnail","7":"category-entretenimento","8":"tag-beleza","9":"tag-botas","10":"tag-botins","11":"tag-design","12":"tag-entertainment","13":"tag-entretenimento","14":"tag-gastronomia","15":"tag-lefties","16":"tag-lifestyle","17":"tag-moda","18":"tag-portugal","19":"tag-pt","20":"tag-versa","21":"tag-viagens"},"share_on_mastodon":{"url":"","error":""},"_links":{"self":[{"href":"https:\/\/www.europesays.com\/pt\/wp-json\/wp\/v2\/posts\/116524","targetHints":{"allow":["GET"]}}],"collection":[{"href":"https:\/\/www.europesays.com\/pt\/wp-json\/wp\/v2\/posts"}],"about":[{"href":"https:\/\/www.europesays.com\/pt\/wp-json\/wp\/v2\/types\/post"}],"author":[{"embeddable":true,"href":"https:\/\/www.europesays.com\/pt\/wp-json\/wp\/v2\/users\/2"}],"replies":[{"embeddable":true,"href":"https:\/\/www.europesays.com\/pt\/wp-json\/wp\/v2\/comments?post=116524"}],"version-history":[{"count":0,"href":"https:\/\/www.europesays.com\/pt\/wp-json\/wp\/v2\/posts\/116524\/revisions"}],"wp:featuredmedia":[{"embeddable":true,"href":"https:\/\/www.europesays.com\/pt\/wp-json\/wp\/v2\/media\/116525"}],"wp:attachment":[{"href":"https:\/\/www.europesays.com\/pt\/wp-json\/wp\/v2\/media?parent=116524"}],"wp:term":[{"taxonomy":"category","embeddable":true,"href":"https:\/\/www.europesays.com\/pt\/wp-json\/wp\/v2\/categories?post=116524"},{"taxonomy":"post_tag","embeddable":true,"href":"https:\/\/www.europesays.com\/pt\/wp-json\/wp\/v2\/tags?post=116524"}],"curies":[{"name":"wp","href":"https:\/\/api.w.org\/{rel}","templated":true}]}}