{"id":116528,"date":"2025-10-18T22:27:13","date_gmt":"2025-10-18T22:27:13","guid":{"rendered":"https:\/\/www.europesays.com\/pt\/116528\/"},"modified":"2025-10-18T22:27:13","modified_gmt":"2025-10-18T22:27:13","slug":"os-avengers-existiram-mesmo-eram-judeus-que-matavam-nazis-e-andaram-pela-palestina","status":"publish","type":"post","link":"https:\/\/www.europesays.com\/pt\/116528\/","title":{"rendered":"Os &#8220;Avengers&#8221; existiram mesmo: eram judeus que matavam nazis (e andaram pela Palestina)"},"content":{"rendered":"<p class=\"wp-caption-text top\">Wikimedia Commons<\/p>\n<p><img decoding=\"async\" loading=\"lazy\" class=\"wp-image-706354 size-kopa-image-size-3\" src=\"https:\/\/www.europesays.com\/pt\/wp-content\/uploads\/2025\/10\/dbb18055a380c4c267ed8badbb2fae14-783x450.jpg\" alt=\"\" width=\"700\" height=\"402\"  \/><\/p>\n<p><strong>Os verdadeiros \u201cVingadores\u201d n\u00e3o estavam a lutar para livrar a Terra de amea\u00e7as assustadoras. Estavam apenas a vingar-se contra anos de persegui\u00e7\u00e3o. Os verdadeiros \u201cAvengers\u201d eram sionistas sem nada a perder.<\/strong><\/p>\n<p>Eram \u201co tipo de pessoas que inspiraram Joseph Goebbels a escrever no seu di\u00e1rio: \u2018V\u00ea-se o que os judeus s\u00e3o capazes de fazer quando est\u00e3o armados\u201d, conta Cohen, o neto de uma das guerrilheiras judaicas do grupo Nakam, \u00e0 <a href=\"https:\/\/www.publishersweekly.com\/9780375405464\" data-wpel-link=\"external\" target=\"_blank\" rel=\"nofollow external noopener noreferrer\" class=\"ext-link\">Publishers Weekly<\/a>.<\/p>\n<p>Em 1946, com o fim a Segunda Guerra Mundial, um grupo de judeus ainda n\u00e3o estava satisfeito com o desfecho do conflito. Muitos soldados nazis estavam presos, mas outros tinham passado inc\u00f3lumes e <strong>escondiam-se entre a popula\u00e7\u00e3o.<\/strong><\/p>\n<p>Foi assim que nasceu o grupo <strong>Nakam<\/strong>, ou \u201cVingadores\u201d, ou \u201cAvengers\u201d, para um paralelismo com os her\u00f3is da Marvel.<\/p>\n<p>\u201cQuando cheg\u00e1vamos \u00e0 casa do nosso suspeito punha\u2011mos capacetes da Pol\u00edcia Militar brit\u00e2nica com a faixa branca e bra\u00e7adeiras de pol\u00edcia. Depois entr\u00e1vamos na casa e lev\u00e1vamos o suspeito connosco, dizendo que o quer\u00edamos para interrogat\u00f3rio. Geralmente vinham sem resist\u00eancia\u201d, explicou Israel Carmi, um dos membros do grupo, ao <a href=\"https:\/\/www.express.co.uk\/expressyourself\/93194\/The-real-avengers-The-Jewish-survivors-who-hunted-the-Nazis\" data-wpel-link=\"external\" target=\"_blank\" rel=\"nofollow external noopener noreferrer\" class=\"ext-link\">Express<\/a>. Era a chamada Opera\u00e7\u00e3o Julgamento.<\/p>\n<p>\u201cUma vez no carro diz\u00edamos quem \u00e9ramos e porque o t\u00ednhamos levado<strong>. Alguns confessavam. Outros permaneciam em sil\u00eancio. Faz\u00edamos o servi\u00e7o<\/strong>\u201c.<\/p>\n<p>O servi\u00e7o era, geralmente, o <strong>envenenamento<\/strong>. Consta-se que mais de 300 alem\u00e3es ter\u00e3o morrido nas m\u00e3os deste ou outros grupos de vingan\u00e7a judaica.<\/p>\n<p>Os membros do Nakam foram tamb\u00e9m, mais tarde, grandes defensores do Estado de Israel. Chegaram mesmo a <strong>viajar para a Palestina<\/strong> para acompanhar de perto as negocia\u00e7\u00f5es para a constru\u00e7\u00e3o do estado judeu.<\/p>\n<p>E os planos de Abba Kovner, um grande sionista e entusiasta da vingan\u00e7a contra os alem\u00e3es, chegou mesmo a sugerir uma vingan\u00e7a em larga escala. Segundo o Express, o seu plano (que s\u00f3 n\u00e3o avan\u00e7ou porque Chaim Weizamnn, o primeiro presidente de Israel, teve medo que esse plano comprometesse a cria\u00e7\u00e3o de um estado judeu) passava por <strong>infiltrar vingadores em esta\u00e7\u00f5es de tratamento de \u00e1gua.<\/strong><\/p>\n<p>De acordo com o seu plano,<strong> 6 milh\u00f5es de alem\u00e3es morreriam envenenados,<\/strong> como vingan\u00e7a pelas mortes judaicas da Segunda Guerra Mundial.<\/p>\n<p style=\"padding-left: 25px; margin-bottom: 10; font-family: Roboto, Arial, Helvetica, sans-serif; font-size: 15px\">&#13;<br \/>\n        Carolina Bastos Pereira, ZAP \/\/ <a href=\"\" data-wpel-link=\"internal\"\/>&#13;\n    <\/p>\n<p>    <a href=\"https:\/\/zap.aeiou.pt\/subscrever-newsletter\" data-wpel-link=\"internal\" rel=\"nofollow noopener\" target=\"_blank\">&#13;<br \/>\n        <img loading=\"lazy\" decoding=\"async\" class=\"aligncenter size-full wp-image-575475\" src=\"https:\/\/www.europesays.com\/pt\/wp-content\/uploads\/2025\/10\/1759862234_971_2d51fe4a0ba54894421ead1809309ed9-1-450x140.jpg\" alt=\"Subscreva a Newsletter ZAP\" width=\"450\" height=\"140\"\/>&#13;<br \/>\n    <\/a><\/p>\n<p>                <a href=\"https:\/\/whatsapp.com\/channel\/0029VaIC4EE2f3EJZPPSbR34\" data-wpel-link=\"external\" target=\"_blank\" rel=\"nofollow external noopener noreferrer\" class=\"ext-link\">&#13;<br \/>\n                    <img loading=\"lazy\" decoding=\"async\" class=\"aligncenter size-full wp-image-575475\" src=\"https:\/\/www.europesays.com\/pt\/wp-content\/uploads\/2025\/10\/1759862234_512_c68c559d956d4ca20f435ed74a6e71e6.png\" alt=\"Siga-nos no WhatsApp\" width=\"175\" height=\"64\"\/>&#13;<br \/>\n                <\/a><\/p>\n<p>                <a href=\"https:\/\/news.google.com\/publications\/CAAiEHRwZondIV71PDjWNoqMduEqFAgKIhB0cGaJ3SFe9Tw41jaKjHbh?hl=en-US&amp;gl=US&amp;ceid=US%3Aen\" data-wpel-link=\"external\" target=\"_blank\" rel=\"nofollow external noopener noreferrer\" class=\"ext-link\">&#13;<br \/>\n                    <img loading=\"lazy\" decoding=\"async\" class=\"aligncenter size-full wp-image-575475\" src=\"https:\/\/www.europesays.com\/pt\/wp-content\/uploads\/2025\/10\/1759862235_242_5123dd8b087b644fdb8f8603acd1bad4.png\" alt=\"Siga-nos no Google News\" width=\"176\" height=\"64\"\/>&#13;<br \/>\n                <\/a><\/p>\n","protected":false},"excerpt":{"rendered":"Wikimedia Commons Os verdadeiros \u201cVingadores\u201d n\u00e3o estavam a lutar para livrar a Terra de amea\u00e7as assustadoras. Estavam apenas&hellip;\n","protected":false},"author":2,"featured_media":116529,"comment_status":"","ping_status":"","sticky":false,"template":"","format":"standard","meta":{"footnotes":""},"categories":[50],"tags":[13436,27,28,15,16,830,14,736,25,26,21,22,62,27294,12,13,19,20,23,24,17,18,29,30,31,63,64,65],"class_list":{"0":"post-116528","1":"post","2":"type-post","3":"status-publish","4":"format-standard","5":"has-post-thumbnail","7":"category-mundo","8":"tag-2a-guerra-mundial","9":"tag-breaking-news","10":"tag-breakingnews","11":"tag-featured-news","12":"tag-featurednews","13":"tag-guerra","14":"tag-headlines","15":"tag-historia","16":"tag-latest-news","17":"tag-latestnews","18":"tag-main-news","19":"tag-mainnews","20":"tag-mundo","21":"tag-nazi","22":"tag-news","23":"tag-noticias","24":"tag-noticias-principais","25":"tag-noticiasprincipais","26":"tag-principais-noticias","27":"tag-principaisnoticias","28":"tag-top-stories","29":"tag-topstories","30":"tag-ultimas","31":"tag-ultimas-noticias","32":"tag-ultimasnoticias","33":"tag-world","34":"tag-world-news","35":"tag-worldnews"},"share_on_mastodon":{"url":"","error":""},"_links":{"self":[{"href":"https:\/\/www.europesays.com\/pt\/wp-json\/wp\/v2\/posts\/116528","targetHints":{"allow":["GET"]}}],"collection":[{"href":"https:\/\/www.europesays.com\/pt\/wp-json\/wp\/v2\/posts"}],"about":[{"href":"https:\/\/www.europesays.com\/pt\/wp-json\/wp\/v2\/types\/post"}],"author":[{"embeddable":true,"href":"https:\/\/www.europesays.com\/pt\/wp-json\/wp\/v2\/users\/2"}],"replies":[{"embeddable":true,"href":"https:\/\/www.europesays.com\/pt\/wp-json\/wp\/v2\/comments?post=116528"}],"version-history":[{"count":0,"href":"https:\/\/www.europesays.com\/pt\/wp-json\/wp\/v2\/posts\/116528\/revisions"}],"wp:featuredmedia":[{"embeddable":true,"href":"https:\/\/www.europesays.com\/pt\/wp-json\/wp\/v2\/media\/116529"}],"wp:attachment":[{"href":"https:\/\/www.europesays.com\/pt\/wp-json\/wp\/v2\/media?parent=116528"}],"wp:term":[{"taxonomy":"category","embeddable":true,"href":"https:\/\/www.europesays.com\/pt\/wp-json\/wp\/v2\/categories?post=116528"},{"taxonomy":"post_tag","embeddable":true,"href":"https:\/\/www.europesays.com\/pt\/wp-json\/wp\/v2\/tags?post=116528"}],"curies":[{"name":"wp","href":"https:\/\/api.w.org\/{rel}","templated":true}]}}