{"id":116538,"date":"2025-10-18T22:38:20","date_gmt":"2025-10-18T22:38:20","guid":{"rendered":"https:\/\/www.europesays.com\/pt\/116538\/"},"modified":"2025-10-18T22:38:20","modified_gmt":"2025-10-18T22:38:20","slug":"hospital-da-cidade-alerta-para-os-riscos-da-trombose-e-reforca-acoes-de-prevencao-em-tempo-noticias","status":"publish","type":"post","link":"https:\/\/www.europesays.com\/pt\/116538\/","title":{"rendered":"Hospital da Cidade alerta para os riscos da trombose e refor\u00e7a a\u00e7\u00f5es de preven\u00e7\u00e3o &#8211; Em Tempo Not\u00edcias"},"content":{"rendered":"<ol>\n<li><a href=\"https:\/\/news.google.com\/rss\/articles\/CBMi0AFBVV95cUxOOHVPYjBUSVhYOEQzcVRRVjFyTWNGWkVsQ3M4SzRuYTR4SVNhamUwU1pjZWpxbTF5cWhYZm4tTG42cW1jblJTM0EzZUNkaXl2aklNRWU3WGNEdFNBWEZNYUdwOWdoQzFkQWVqaEZvUTgtMjNOekxuM3UtemhpNVE4b21xckFURGRoeG13Xzc5ZEgtMFRXLUdxdjM1aVZUVW82RjVNZlMzaFdORHpVSzg3b0FCWmg2X0xCNTBJOHUtYmMxSGVpWGdnbm5tZmRvbkVK?oc=5\" target=\"_blank\" rel=\"nofollow noopener\">Hospital da Cidade alerta para os riscos da trombose e refor\u00e7a a\u00e7\u00f5es de preven\u00e7\u00e3o<\/a>&nbsp;&nbsp;Em Tempo Not\u00edcias<\/li>\n<li><a href=\"https:\/\/news.google.com\/rss\/articles\/CBMirAFBVV95cUxNLTlBU1dLeEctU2NnckpveVJyUlJEWDdSbGhCWVVCYlJMWDJwTTVXdk9SUC15bzYzRGxhbkxTN1RyY3BlRWVTWFdCbzdsRG9LdzNqOXRPVEIxb2ktZXExYm1FWmZHakRlNzVjRWdaNjdsVkJfSXQ1Z2otRlAxVVF5SDFZOUhxVU9iTDR0VnN6S2NxVHcyd1ZKY0xpaWdHeVVBY1VUV3F1enY5MGNa?oc=5\" target=\"_blank\" rel=\"nofollow noopener\">Entenda como a predisposi\u00e7\u00e3o gen\u00e9tica aumenta o risco de trombose<\/a>&nbsp;&nbsp;CartaCapital<\/li>\n<li><a href=\"https:\/\/news.google.com\/rss\/articles\/CBMinwFBVV95cUxQZ1ZLb1pyc0Y5RmRONlBSZXpEQWJmQ0FiZ0E1bjg2eWtwd3Z3TlRoRFJtZnBFSG9qMGprMjZUSVVtM3pjUU9BTm13YU5sa1VpbGoyYmo4SVA1TlByNTFkdmNEZ2Fmb1ZuT1d4UlBrbGxfRW1iaUlURU14cTVrSXR4d0FQZ3pWaXM5TDd1TXNuOXg1b1VmdjZpcy02RVYtLWs?oc=5\" target=\"_blank\" rel=\"nofollow noopener\">A doen\u00e7a silenciosa que causa 1 em cada 4 mortes no mundo<\/a>&nbsp;&nbsp;Estado de Minas<\/li>\n<li><a href=\"https:\/\/news.google.com\/rss\/articles\/CBMirwFBVV95cUxPQWtSVTVQVVVxY3dDRmE0ZEp1Y2pOSE5rSG1uNXlzU1NRNDVjb3otOTN5U2JxbkZQSmhocHpJeTBONFdoUW82NmJ5cXRvR0dPNXRRcWpCVU9YYm1fWjNlTndHU01nMlNvLWxyNlB5bDBBSmhBOG1zVUQyVHIwQktqUl9oU0ozT2dXcmd2VkRuSUxEdWFWdTZZUjg5VWV4YzJJVWR1eDlTSnJNMXJJdDYw?oc=5\" target=\"_blank\" rel=\"nofollow noopener\">Milh\u00f5es de pessoas morrem todo ano por co\u00e1gulos nas veias: como se proteger<\/a>&nbsp;&nbsp;CNN Brasil<\/li>\n<li><a href=\"https:\/\/news.google.com\/rss\/articles\/CBMi0gFBVV95cUxQWjJ1RTM5R0pSRVZWVzhwZnRjNXo1U3gtSUc3ejBqZHJZRDB0YnlOSENVZ3pvbERvYnlxa0xtZkRTYUNsempmVjlrVnRlUkZjMjBqLWR5blVtSDlaVlJfN0ZrLWIxX0dDQ1E1eHRIc3pNeVhfblRVU09iekt3aHl5Y3JnVWdaUkZuM0JicTBWSm9GSlBTcVZsSGpOQjR5X29DVFhXYUUxaFNHVzZQelRqeVQ5QWpvNTl3dEN6bVJPcWtPOE5xZWVsWnBCbHpLS3RtR0E?oc=5\" target=\"_blank\" rel=\"nofollow noopener\">Chance de reincid\u00eancia de trombose \u00e9 de at\u00e9 50%, diz especialista<\/a>&nbsp;&nbsp;Folha de S.Paulo<\/li>\n<\/ol>\n","protected":false},"excerpt":{"rendered":"Hospital da Cidade alerta para os riscos da trombose e refor\u00e7a a\u00e7\u00f5es de preven\u00e7\u00e3o&nbsp;&nbsp;Em Tempo Not\u00edcias Entenda como&hellip;\n","protected":false},"author":2,"featured_media":116539,"comment_status":"","ping_status":"","sticky":false,"template":"","format":"standard","meta":{"footnotes":""},"categories":[86],"tags":[9012,315,754,116,1428,15040,834,13,32,33,117,15047,1456],"class_list":{"0":"post-116538","1":"post","2":"type-post","3":"status-publish","4":"format-standard","5":"has-post-thumbnail","7":"category-saude","8":"tag-alagoas","9":"tag-cultura","10":"tag-gastronomia","11":"tag-health","12":"tag-jornalismo","13":"tag-maceio","14":"tag-negocios","15":"tag-noticias","16":"tag-portugal","17":"tag-pt","18":"tag-saude","19":"tag-sertao","20":"tag-turismo"},"share_on_mastodon":{"url":"","error":""},"_links":{"self":[{"href":"https:\/\/www.europesays.com\/pt\/wp-json\/wp\/v2\/posts\/116538","targetHints":{"allow":["GET"]}}],"collection":[{"href":"https:\/\/www.europesays.com\/pt\/wp-json\/wp\/v2\/posts"}],"about":[{"href":"https:\/\/www.europesays.com\/pt\/wp-json\/wp\/v2\/types\/post"}],"author":[{"embeddable":true,"href":"https:\/\/www.europesays.com\/pt\/wp-json\/wp\/v2\/users\/2"}],"replies":[{"embeddable":true,"href":"https:\/\/www.europesays.com\/pt\/wp-json\/wp\/v2\/comments?post=116538"}],"version-history":[{"count":0,"href":"https:\/\/www.europesays.com\/pt\/wp-json\/wp\/v2\/posts\/116538\/revisions"}],"wp:featuredmedia":[{"embeddable":true,"href":"https:\/\/www.europesays.com\/pt\/wp-json\/wp\/v2\/media\/116539"}],"wp:attachment":[{"href":"https:\/\/www.europesays.com\/pt\/wp-json\/wp\/v2\/media?parent=116538"}],"wp:term":[{"taxonomy":"category","embeddable":true,"href":"https:\/\/www.europesays.com\/pt\/wp-json\/wp\/v2\/categories?post=116538"},{"taxonomy":"post_tag","embeddable":true,"href":"https:\/\/www.europesays.com\/pt\/wp-json\/wp\/v2\/tags?post=116538"}],"curies":[{"name":"wp","href":"https:\/\/api.w.org\/{rel}","templated":true}]}}