{"id":116560,"date":"2025-10-18T23:01:09","date_gmt":"2025-10-18T23:01:09","guid":{"rendered":"https:\/\/www.europesays.com\/pt\/116560\/"},"modified":"2025-10-18T23:01:09","modified_gmt":"2025-10-18T23:01:09","slug":"grande-amiga-de-preta-gil-malu-barbosa-anuncia-nascimento-da-filha-estamos-bem","status":"publish","type":"post","link":"https:\/\/www.europesays.com\/pt\/116560\/","title":{"rendered":"Grande amiga de Preta Gil, Malu Barbosa anuncia nascimento da filha: &#8216;Estamos bem&#8217;"},"content":{"rendered":"<p>Uma das amigas mais pr\u00f3ximas de <a href=\"https:\/\/caras.com.br\/tags\/preta-gil\" target=\"_blank\" rel=\"noopener nofollow\" data-mrf-link=\"https:\/\/caras.com.br\/tags\/preta-gil\"><strong>Preta Gil<\/strong><\/a> (1974-2025), <a href=\"https:\/\/caras.com.br\/tags\/malu-barbosa\" target=\"_blank\" rel=\"noopener nofollow\" data-mrf-link=\"https:\/\/caras.com.br\/tags\/malu-barbosa\"><strong>Malu Barbosa<\/strong><\/a> j\u00e1 \u00e9 mam\u00e3e! Neste s\u00e1bado, 18, <a href=\"https:\/\/caras.com.br\/atualidades\/amiga-de-preta-gil-faz-forte-desabafo-sobre-luto-em-meio-gravidez-ta-sendo.phtml\" rel=\"nofollow noopener\" target=\"_blank\">ela anunciou o nascimento<\/a> de sua filha, Maria, fruto de seu relacionamento com<strong> Paulo Henrique<\/strong>.<\/p>\n<p>Na publica\u00e7\u00e3o, ela compartilhou uma foto tirada logo ap\u00f3s o nascimento do beb\u00ea. Na imagem, a mam\u00e3e aparece deitada na cama do hospital, enquanto o homem segura a rec\u00e9m-nascida no colo.\u201cNossa Maria chegou! 3,9kg \u2013 50cm. Estamos bem. J\u00e1 volto com novidades\u201d, ela escreveu na legenda.<\/p>\n<p>Nos coment\u00e1rios, f\u00e3s e amigos celebraram a novidade. \u201cMaluuuu. Que Preciosa! Que Linda! Muita sa\u00fadeeeee pra ela\u2026e a gente marcando de encontrar e voc\u00ea comentando que ela n\u00e3o tava vindo\u2026acho que ela ouviu e veio hehehe!\u201d, escreveu <strong>Fernanda Paes Leme.<\/strong><\/p>\n<p>\u201cAhhhhhh viva a vida! Viva Ther\u00ea. Amo voc\u00eas\u201d, escreveu Gominho. \u201cBem-vinda nen\u00e9m linda. Voc\u00ea foi muito esperada. Que voc\u00ea seja uma mulher de bem, que impacta vidas e toca com amor por onde passar assim como sua m\u00e3ezinha\u201d, disse outra pessoa.<\/p>\n<p>Em 2023, Malu e o companheiro completaram dez anos de uni\u00e3o e ela fez um post para celebrar. \u201cSomos mais que um casal! Somos uma fam\u00edlia, um time e uma equipe! N\u00e3o existe nenhum dia da minha vida desde que nos conhecemos que eu n\u00e3o me esfor\u00e7o pra fazer voc\u00ea feliz. Simplesmente porque voc\u00ea merece! Acordo toda manh\u00e3 com a meta de melhorar seu dia! Passamos por tantas coisas que poderiam afastar a gente mas nos uniram ainda mais!10 anos que viramos a fam\u00edlia mais legal do mundo! Bora pra mais @paulohenriquef ? Te amo mais que tud\u00e3o\u201d, disse ela na \u00e9poca.<\/p>\n<blockquote class=\"instagram-media\" style=\"background: #FFF; border: 0; border-radius: 3px; box-shadow: 0 0 1px 0 rgba(0,0,0,0.5),0 1px 10px 0 rgba(0,0,0,0.15); margin: 1px; max-width: 540px; min-width: 326px; padding: 0; width: calc(100% - 2px);\" data-instgrm-captioned=\"\" data-instgrm-permalink=\"https:\/\/www.instagram.com\/p\/DP8je-HjRdA\/?utm_source=ig_embed&amp;utm_campaign=loading\" data-instgrm-version=\"14\"><\/blockquote>\n<p>  Malu Barbosa fez reflex\u00e3o ao chegar ao 9\u00ba m\u00eas de gesta\u00e7\u00e3o <\/p>\n<p>No final de setembro, Malu Barbosa <a href=\"https:\/\/caras.com.br\/atualidades\/amiga-de-preta-gil-chega-ao-9o-mes-de-gestacao-e-reflete.phtml\" rel=\"nofollow noopener\" target=\"_blank\">chegou ao nono m\u00eas de gesta\u00e7\u00e3o e refletiu sobre a reta final da gravidez<\/a> enquanto vivencia o luto pela perda de Preta Gil, que faleceu em julho ap\u00f3s lutar contra o c\u00e2ncer.<\/p>\n<p>\u201cChegamos ao 9\u00ba m\u00eas. Agora \u00e9 esperar a sua vontade, Maria. Foram meses de luta, luto e entrega. Voc\u00ea, minha filha, tem sido o motivo mais lindo para eu encontrar for\u00e7a todos os dias. Voc\u00ea \u00e9 esperada aqui faz muito tempo!\u201d,\u00a0escreveu ela ao compartilhar imagens de seu ensaio gestante.<\/p>\n<p>Leia tamb\u00e9m: <a href=\"https:\/\/caras.com.br\/atualidades\/amiga-de-preta-gil-relembra-ultimos-momentos-com-cantora-juntas.phtml\" rel=\"nofollow noopener\" target=\"_blank\">Amiga de Preta Gil relembra \u00faltimos momentos com a cantora: \u2018Juntas\u2019<\/a><\/p>\n<p>        <a href=\"https:\/\/caras.com.br\/autor\/juliana-dracz\" rel=\"nofollow noopener\" target=\"_blank\">&#13;<br \/>\n          <img loading=\"lazy\" decoding=\"async\" alt=\"Juliana Dracz\" src=\"https:\/\/www.europesays.com\/pt\/wp-content\/uploads\/2025\/09\/436551461_2434711450057729_5105646040807821088_n_sqmd.png\" class=\"avatar avatar-115 photo rounded-circle\" height=\"115\" width=\"115\"\/>        <\/a><\/p>\n<p>Juliana Dracz \u00e9 rep\u00f3rter de conte\u00fado do site CARAS. Formada em Jornalismo pela Universidade Cat\u00f3lica de Bras\u00edlia, ela j\u00e1 trabalhou em grandes sites de entretenimento. Atualmente, escreve sobre novelas, celebridades e TV.<\/p>\n<p>\t                                            <script async src=\"\/\/www.instagram.com\/embed.js\"><\/script><\/p>\n","protected":false},"excerpt":{"rendered":"Uma das amigas mais pr\u00f3ximas de Preta Gil (1974-2025), Malu Barbosa j\u00e1 \u00e9 mam\u00e3e! Neste s\u00e1bado, 18, ela&hellip;\n","protected":false},"author":2,"featured_media":116561,"comment_status":"","ping_status":"","sticky":false,"template":"","format":"standard","meta":{"footnotes":""},"categories":[145],"tags":[211,210,114,115,27301,32,862,33],"class_list":{"0":"post-116560","1":"post","2":"type-post","3":"status-publish","4":"format-standard","5":"has-post-thumbnail","7":"category-celebridades","8":"tag-celebridades","9":"tag-celebrities","10":"tag-entertainment","11":"tag-entretenimento","12":"tag-malu-barbosa","13":"tag-portugal","14":"tag-preta-gil","15":"tag-pt"},"share_on_mastodon":{"url":"","error":""},"_links":{"self":[{"href":"https:\/\/www.europesays.com\/pt\/wp-json\/wp\/v2\/posts\/116560","targetHints":{"allow":["GET"]}}],"collection":[{"href":"https:\/\/www.europesays.com\/pt\/wp-json\/wp\/v2\/posts"}],"about":[{"href":"https:\/\/www.europesays.com\/pt\/wp-json\/wp\/v2\/types\/post"}],"author":[{"embeddable":true,"href":"https:\/\/www.europesays.com\/pt\/wp-json\/wp\/v2\/users\/2"}],"replies":[{"embeddable":true,"href":"https:\/\/www.europesays.com\/pt\/wp-json\/wp\/v2\/comments?post=116560"}],"version-history":[{"count":0,"href":"https:\/\/www.europesays.com\/pt\/wp-json\/wp\/v2\/posts\/116560\/revisions"}],"wp:featuredmedia":[{"embeddable":true,"href":"https:\/\/www.europesays.com\/pt\/wp-json\/wp\/v2\/media\/116561"}],"wp:attachment":[{"href":"https:\/\/www.europesays.com\/pt\/wp-json\/wp\/v2\/media?parent=116560"}],"wp:term":[{"taxonomy":"category","embeddable":true,"href":"https:\/\/www.europesays.com\/pt\/wp-json\/wp\/v2\/categories?post=116560"},{"taxonomy":"post_tag","embeddable":true,"href":"https:\/\/www.europesays.com\/pt\/wp-json\/wp\/v2\/tags?post=116560"}],"curies":[{"name":"wp","href":"https:\/\/api.w.org\/{rel}","templated":true}]}}