{"id":116562,"date":"2025-10-18T23:02:08","date_gmt":"2025-10-18T23:02:08","guid":{"rendered":"https:\/\/www.europesays.com\/pt\/116562\/"},"modified":"2025-10-18T23:02:08","modified_gmt":"2025-10-18T23:02:08","slug":"tomas-taveira-o-segredo-mais-bem-escondido-do-arquiteto-contado-pela-ex-mulher-ele-nao","status":"publish","type":"post","link":"https:\/\/www.europesays.com\/pt\/116562\/","title":{"rendered":"Tom\u00e1s Taveira &#8211; O segredo mais bem escondido do arquiteto contado pela ex-mulher: &#8220;Ele n\u00e3o&#8230;&#8221;"},"content":{"rendered":"<p>Setembro trouxe <strong>Tom\u00e1s Taveira<\/strong>, o <a href=\"https:\/\/www.vip.pt\/tomas-taveira-posto-na-rua-apos-rebentar-escandalo-mas-nao-foi-pela-mulher\" rel=\"nofollow noopener\" target=\"_blank\">famoso arquiteto<\/a>, \u00e0 ribalta e tudo por uma s\u00e9rie que estreou na TVI. A trama de \u00e9poca dos anos 80 e 90 do s\u00e9culo passado intitulada O Arquiteto aborda a vida de um arquiteto em ascens\u00e3o chamado Tom\u00e9 Serpa que filma as mulheres com quem est\u00e1 na intimidade sem conhecimento das mesmas.<\/p>\n<p>Apesar de garantirem que n\u00e3o \u00e9 biogr\u00e1fico, muitas s\u00e3o as semelhan\u00e7as com os factos que aconteceram com o arquiteto.\u00a0 Diz n\u00e3o ser uma trama biogr\u00e1fica, mas alicer\u00e7a-se numa hist\u00f3ria sobejamente conhecida que abalou a sociedade portuguesa no final dos anos 80 e in\u00edcio dos anos 90 do s\u00e9culo passado e que foi protagonizada pelo arquiteto Tom\u00e1s Taveira.<\/p>\n<blockquote>\n<p>Leia mais: Tom\u00e1s Taveira\u00a0 \u2013 <a href=\"https:\/\/www.vip.pt\/tomas-taveira-a-atitude-tomada-pela-unica-mulher-que-se-viu-envolvida-a-100-no-escandalo-sexual\" rel=\"nofollow noopener\" target=\"_blank\">A atitude tomada pela \u00fanica mulher que se viu envolvida a 100% no esc\u00e2ndalo sexual<\/a><\/p>\n<\/blockquote>\n<p>Todo este revolver a hist\u00f3ria, fez com que a mulher (\u00e0 \u00e9poca) de Tom\u00e1s Taveira fizesse revela\u00e7\u00f5es bomb\u00e1sticas. Em declara\u00e7\u00f5es \u00e0 <a href=\"https:\/\/www.tv7dias.pt\/\" target=\"_blank\" rel=\"noopener nofollow\">TV7<\/a>, Amar\u00edlis revelou que o casal nunca teve\u00a0<b>\u201cmuitas rela\u00e7\u00f5es f\u00edsicas, de facto\u201d<\/b>.\u00a0\u201cEle n\u00e3o me procurava. Dorm\u00edamos juntos, mas ele n\u00e3o me procurava e eu deixava-me estar calma, deitada a dormir.\u201d<\/p>\n<p>Al\u00e9m disso, confessou que sabia que o marido tinha uma amante, apesar de nunca a ter confrontado: <b>\u201cAcabei por saber pela secret\u00e1ria que ele tinha uma amante, uma c\u00e9lebre cantora da altura. <\/b>Essa cantora foi alimentada e muito promovida por ele. Ele dava-lhe imenso dinheiro e promoveu-a. Eu n\u00e3o apreciava essa m\u00fasica, sou mais dada \u00e0 m\u00fasica sinf\u00f3nica.\u201d<\/p>\n<p>Texto: Maria Constan\u00e7a Castanheira; Fotos: Redes Sociais e Arquivo<\/p>\n","protected":false},"excerpt":{"rendered":"Setembro trouxe Tom\u00e1s Taveira, o famoso arquiteto, \u00e0 ribalta e tudo por uma s\u00e9rie que estreou na TVI.&hellip;\n","protected":false},"author":2,"featured_media":89695,"comment_status":"","ping_status":"","sticky":false,"template":"","format":"standard","meta":{"footnotes":""},"categories":[144],"tags":[207,205,206,203,201,202,204,114,115,32,33],"class_list":{"0":"post-116562","1":"post","2":"type-post","3":"status-publish","4":"format-standard","5":"has-post-thumbnail","7":"category-arte-e-design","8":"tag-arte","9":"tag-arte-e-design","10":"tag-artedesign","11":"tag-arts","12":"tag-arts-and-design","13":"tag-artsanddesign","14":"tag-design","15":"tag-entertainment","16":"tag-entretenimento","17":"tag-portugal","18":"tag-pt"},"share_on_mastodon":{"url":"","error":""},"_links":{"self":[{"href":"https:\/\/www.europesays.com\/pt\/wp-json\/wp\/v2\/posts\/116562","targetHints":{"allow":["GET"]}}],"collection":[{"href":"https:\/\/www.europesays.com\/pt\/wp-json\/wp\/v2\/posts"}],"about":[{"href":"https:\/\/www.europesays.com\/pt\/wp-json\/wp\/v2\/types\/post"}],"author":[{"embeddable":true,"href":"https:\/\/www.europesays.com\/pt\/wp-json\/wp\/v2\/users\/2"}],"replies":[{"embeddable":true,"href":"https:\/\/www.europesays.com\/pt\/wp-json\/wp\/v2\/comments?post=116562"}],"version-history":[{"count":0,"href":"https:\/\/www.europesays.com\/pt\/wp-json\/wp\/v2\/posts\/116562\/revisions"}],"wp:featuredmedia":[{"embeddable":true,"href":"https:\/\/www.europesays.com\/pt\/wp-json\/wp\/v2\/media\/89695"}],"wp:attachment":[{"href":"https:\/\/www.europesays.com\/pt\/wp-json\/wp\/v2\/media?parent=116562"}],"wp:term":[{"taxonomy":"category","embeddable":true,"href":"https:\/\/www.europesays.com\/pt\/wp-json\/wp\/v2\/categories?post=116562"},{"taxonomy":"post_tag","embeddable":true,"href":"https:\/\/www.europesays.com\/pt\/wp-json\/wp\/v2\/tags?post=116562"}],"curies":[{"name":"wp","href":"https:\/\/api.w.org\/{rel}","templated":true}]}}