{"id":116573,"date":"2025-10-18T23:09:14","date_gmt":"2025-10-18T23:09:14","guid":{"rendered":"https:\/\/www.europesays.com\/pt\/116573\/"},"modified":"2025-10-18T23:09:14","modified_gmt":"2025-10-18T23:09:14","slug":"presidente-da-republica-recebeu-a-infanta-dona-sofia","status":"publish","type":"post","link":"https:\/\/www.europesays.com\/pt\/116573\/","title":{"rendered":"Presidente da Rep\u00fablica recebeu a Infanta Dona Sofia"},"content":{"rendered":"<p>O Presidente da Rep\u00fablica recebeu, no Pal\u00e1cio de Bel\u00e9m, Sua Alteza Real a Infanta Dona Sofia, que se encontra, atualmente, a estudar e a residir em Lisboa.\u00a0<\/p>\n<p>Naquele que foi o seu primeiro encontro oficial com um Chefe de Estado estrangeiro, a Infanta Dona Sofia foi recebida pelo Presidente da Rep\u00fablica na sala das Bicas para uma fotografia oficial, a que se seguiu a assinatura do Livro de Honra.<\/p>\n<p>Ap\u00f3s uma visita ao Pal\u00e1cio de Bel\u00e9m, o Presidente da Rep\u00fablica reuniu-se com Sua Alteza Real a Infanta Dona Sofia onde abordaram o passado hist\u00f3rico e a estreita parceria que une os dois pa\u00edses, os la\u00e7os de profunda empatia e amizade entre os povos portugu\u00eas e espanhol, bem como o presente e o futuro nos desafios das novas gera\u00e7\u00f5es.<\/p>\n","protected":false},"excerpt":{"rendered":"O Presidente da Rep\u00fablica recebeu, no Pal\u00e1cio de Bel\u00e9m, Sua Alteza Real a Infanta Dona Sofia, que se&hellip;\n","protected":false},"author":2,"featured_media":116574,"comment_status":"","ping_status":"","sticky":false,"template":"","format":"standard","meta":{"footnotes":""},"categories":[85],"tags":[114,115,2127,32,33],"class_list":{"0":"post-116573","1":"post","2":"type-post","3":"status-publish","4":"format-standard","5":"has-post-thumbnail","7":"category-entretenimento","8":"tag-entertainment","9":"tag-entretenimento","10":"tag-notcias","11":"tag-portugal","12":"tag-pt"},"share_on_mastodon":{"url":"","error":""},"_links":{"self":[{"href":"https:\/\/www.europesays.com\/pt\/wp-json\/wp\/v2\/posts\/116573","targetHints":{"allow":["GET"]}}],"collection":[{"href":"https:\/\/www.europesays.com\/pt\/wp-json\/wp\/v2\/posts"}],"about":[{"href":"https:\/\/www.europesays.com\/pt\/wp-json\/wp\/v2\/types\/post"}],"author":[{"embeddable":true,"href":"https:\/\/www.europesays.com\/pt\/wp-json\/wp\/v2\/users\/2"}],"replies":[{"embeddable":true,"href":"https:\/\/www.europesays.com\/pt\/wp-json\/wp\/v2\/comments?post=116573"}],"version-history":[{"count":0,"href":"https:\/\/www.europesays.com\/pt\/wp-json\/wp\/v2\/posts\/116573\/revisions"}],"wp:featuredmedia":[{"embeddable":true,"href":"https:\/\/www.europesays.com\/pt\/wp-json\/wp\/v2\/media\/116574"}],"wp:attachment":[{"href":"https:\/\/www.europesays.com\/pt\/wp-json\/wp\/v2\/media?parent=116573"}],"wp:term":[{"taxonomy":"category","embeddable":true,"href":"https:\/\/www.europesays.com\/pt\/wp-json\/wp\/v2\/categories?post=116573"},{"taxonomy":"post_tag","embeddable":true,"href":"https:\/\/www.europesays.com\/pt\/wp-json\/wp\/v2\/tags?post=116573"}],"curies":[{"name":"wp","href":"https:\/\/api.w.org\/{rel}","templated":true}]}}