{"id":116588,"date":"2025-10-18T23:22:09","date_gmt":"2025-10-18T23:22:09","guid":{"rendered":"https:\/\/www.europesays.com\/pt\/116588\/"},"modified":"2025-10-18T23:22:09","modified_gmt":"2025-10-18T23:22:09","slug":"acoes-do-dia-d-de-vacinacao-e-do-outubro-rosa-movimentam-sao-bernardo-18-10-2025","status":"publish","type":"post","link":"https:\/\/www.europesays.com\/pt\/116588\/","title":{"rendered":"A\u00e7\u00f5es do Dia D de Vacina\u00e7\u00e3o e do Outubro Rosa movimentam S\u00e3o Bernardo &#8211; 18\/10\/2025"},"content":{"rendered":"<p>O frio e a chuva n\u00e3o impediram que as UBSs (Unidades B\u00e1sicas de Sa\u00fade) de S\u00e3o Bernardo realizassem centenas de atendimentos neste s\u00e1bado (18\/10), em a\u00e7\u00f5es paralelas com o Dia D de Vacina\u00e7\u00e3o e da Campanha do Outubro Rosa. Ao longo do dia, foram ofertados nas 35 UBSs coleta de exame de Papanicolau, avalia\u00e7\u00e3o de sa\u00fade bucal, testes r\u00e1pidos de IST (Infec\u00e7\u00f5es Sexualmente Transmiss\u00edveis), agendamento de mamografia, orienta\u00e7\u00f5es sobre o autoexame das mamas e vacina\u00e7\u00e3o, entre outros servi\u00e7os. No total, foram 9.305 pessoas atendidas.<\/p>\n<p>Quem passou pela Pra\u00e7a da Matriz tamb\u00e9m p\u00f4de se vacinar e, para as mulheres, a Carreta da Mamografia ofertou o exame para mulheres de 40 a 74 anos, sem necessidade de pedido m\u00e9dico. Foram atendidas 80 pessoas.\u00a0<\/p>\n<p>&#8220;S\u00e3o Bernardo sempre foi pioneira em a\u00e7\u00f5es de promo\u00e7\u00e3o e preven\u00e7\u00e3o de sa\u00fade, e hoje \u00e9 mais um dia de muito trabalho, com nossas equipes mobilizadas, nossas UBSs preparadas para atender e cuidar da nossa popula\u00e7\u00e3o, com todo o carinho e toda a qualidade que ela merece\u201d, comentou o secret\u00e1rio de Sa\u00fade de S\u00e3o Bernardo, Dr. Jean Gorinchteyn.<\/p>\n<p>Na UBS Parque S\u00e3o Bernardo, por exemplo, o movimento foi intenso durante todo o dia, com registro de mais de 300 atendimentos, 250 dos quais para coleta de exame Papanicolau. Assim como em outras unidades da rede municipal, os funcion\u00e1rios se uniram para oferecer outros servi\u00e7os e acolhimento, enquanto os usu\u00e1rios aguardavam. Entre as iniciativas da UBS Parque S\u00e3o Bernardo, mesa com caf\u00e9, ch\u00e1, suco, bolo e p\u00e3es tornavam a espera mais confort\u00e1vel. Ali tamb\u00e9m ofereceram massagem, maquiagem e limpeza de pele, entre outros \u2018mimos\u2019.\u00a0\u00a0<\/p>\n<p>CAMPANHA DE MULTIVACINA\u00c7\u00c3O<\/p>\n<p>O s\u00e1bado marcou o Dia D da Campanha de Multivacina\u00e7\u00e3o, que come\u00e7ou no dia 6 e segue at\u00e9 o dia 31 em todas as UBSs do munic\u00edpio. Neste 18 de outubro, foram aplicadas 2.282 doses. Quem aproveitou a oportunidade da a\u00e7\u00e3o foi Danilo Vieira Santos, h\u00e1 36 anos morador do Parque S\u00e3o Bernardo e que foi \u00e0 UBS para vacinar seis pessoas da fam\u00edlia: tr\u00eas filhos e tr\u00eas cunhadas, com idades entre 11 e 14 anos<\/p>\n<p>\u201cMinha mulher falou que tinha vacina\u00e7\u00e3o, e eu disse: ent\u00e3o bora vacinar. A gente que trabalha tem de aproveitar uma chance dessas para colocar as vacinas das crian\u00e7as em dia. E \u00e9 muito bom por ser um s\u00e1bado, quando est\u00e1 quase todo mundo em casa, e n\u00e3o precisa ficar tirando eles da escola para tomar a vacina. E tamb\u00e9m a gente n\u00e3o pode ficar faltando no servi\u00e7o. Ent\u00e3o, n\u00e3o podia perder essa oportunidade, apesar da chuva\u201d, comentou.<\/p>\n<p>A Campanha de Multivacina\u00e7\u00e3o inclui as vacinas contra dengue (crian\u00e7as e adolescentes de 10 a 14 anos), HPV (crian\u00e7as e adolescentes de 9 a 19 anos), meningite ACWY (crian\u00e7as e adolescentes de 11 a 14 anos), sarampo (para jovens e adultos com esquema incompleto), atualiza\u00e7\u00e3o contra difteria e t\u00e9tano, febre amarela (para quem nunca tomou), Influenza (maiores de 6 meses) e Covid-19 (para quem est\u00e1 com esquema incompleto). O endere\u00e7o das UBSs pode ser conferido no link <a href=\"https:\/\/portalsaude.saobernardo.sp.gov.br\/portaldasaude\/ubs\/\" rel=\"nofollow noopener\" target=\"_blank\">https:\/\/portalsaude.saobernardo.sp.gov.br\/portaldasaude\/ubs\/<\/a>.<\/p>\n<p><strong>LEIA TAMB\u00c9M:<\/strong><\/p>\n<p><a href=\"https:\/\/www.dgabc.com.br\/Noticia\/4263978\/-sao-bernardo-beneficia-1-142-estudantes-na-segunda-entrega-de-oculos-\" rel=\"nofollow noopener\" target=\"_blank\">S\u00e3o Bernardo beneficia 1.142 estudantes na segunda entrega de \u00f3culos<\/a><\/p>\n<p>OUTUBRO ROSA<\/p>\n<p>Tamb\u00e9m durante outubro, as UBSs est\u00e3o mobilizadas em v\u00e1rias a\u00e7\u00f5es de conscientiza\u00e7\u00e3o e preven\u00e7\u00e3o sobre o c\u00e2ncer de mama. A programa\u00e7\u00e3o est\u00e1 dispon\u00edvel em https:\/\/encurtador.com.br\/eHHrU . S\u00e3o Bernardo \u00e9 pioneira na amplia\u00e7\u00e3o da faixa et\u00e1ria para realiza\u00e7\u00e3o de mamografia para rastreio de c\u00e2ncer de mama. Desde mar\u00e7o, mulheres de 40 a 74 anos podem realizar o exame em car\u00e1ter preventivo, com realiza\u00e7\u00e3o anual, ou conforme orienta\u00e7\u00e3o m\u00e9dica.\u00a0<\/p>\n<p>A mudan\u00e7a foi adotada pelo Minist\u00e9rio da Sa\u00fade apenas em outubro. S\u00e3o Bernardo tamb\u00e9m conta com a Carreta da Mamografia, que todos os meses percorre a cidade e oferta o exame, sem necessidade de agendamento ou pedido m\u00e9dico, para mulheres de 40 a 74 anos. Fora dessa faixa et\u00e1ria, o agendamento \u00e9 feito pela UBS de refer\u00eancia. Os locais de atendimento podem ser conferidos no link https:\/\/portalsaude.saobernardo.sp.gov.br\/portaldasaude\/ .<\/p>\n<p>BALAN\u00c7O DO DIA D<\/p>\n<p>Somados, os atendimentos do Dia D da Vacina\u00e7\u00e3o e da Campanha Outubro Rosa, que tem o objetivo de promover a preven\u00e7\u00e3o e o diagn\u00f3stico precoce do c\u00e2ncer de mama e do colo do \u00fatero, al\u00e9m de fortalecer o cuidado integral \u00e0 sa\u00fade da mulher, apresentam : 1.873 coletas de Papanicolau; 854 solicita\u00e7\u00f5es de mamografia; 134 palestras educativas, alcan\u00e7ando 1.289 pacientes; 1.258 avalia\u00e7\u00f5es pela equipe de Sa\u00fade Bucal, com 21 encaminhamentos por suspeita de les\u00e3o de c\u00e2ncer de boca; 783 pacientes participantes nas Pr\u00e1ticas Integrativas e Complementares (PICs); 411 testes r\u00e1pidos de ISTs realizados; 2.282 doses de vacinas aplicadas; e 555 atendimentos a usu\u00e1rios do Programa Bolsa Fam\u00edlia.<\/p>\n","protected":false},"excerpt":{"rendered":"O frio e a chuva n\u00e3o impediram que as UBSs (Unidades B\u00e1sicas de Sa\u00fade) de S\u00e3o Bernardo realizassem&hellip;\n","protected":false},"author":2,"featured_media":116589,"comment_status":"","ping_status":"","sticky":false,"template":"","format":"standard","meta":{"footnotes":""},"categories":[86],"tags":[2285,2298,2299,2286,22643,2293,2297,2287,476,1062,2284,116,82,2292,619,1133,13,2300,2288,23543,52,987,32,33,2294,2295,27302,2289,2290,2291,117,2296,1456,10213,1669],"class_list":{"0":"post-116588","1":"post","2":"type-post","3":"status-publish","4":"format-standard","5":"has-post-thumbnail","7":"category-saude","8":"tag-abc","9":"tag-automoveis","10":"tag-d","11":"tag-dgabc","12":"tag-dia-d","13":"tag-diadema","14":"tag-diarinho","15":"tag-diario","16":"tag-economia","17":"tag-esportes","18":"tag-grande-abc","19":"tag-health","20":"tag-internacional","21":"tag-maua","22":"tag-nacional","23":"tag-noticia","24":"tag-noticias","25":"tag-noticias-on-line-abc","26":"tag-on-line","27":"tag-outubro-rosa","28":"tag-politica","29":"tag-portal","30":"tag-portugal","31":"tag-pt","32":"tag-ribeirao-pires","33":"tag-rio-grande-da-serra","34":"tag-so-bernardo","35":"tag-santo-andre","36":"tag-sao-bernardo","37":"tag-sao-caetano","38":"tag-saude","39":"tag-setecidades","40":"tag-turismo","41":"tag-ubs","42":"tag-vacinao"},"share_on_mastodon":{"url":"","error":""},"_links":{"self":[{"href":"https:\/\/www.europesays.com\/pt\/wp-json\/wp\/v2\/posts\/116588","targetHints":{"allow":["GET"]}}],"collection":[{"href":"https:\/\/www.europesays.com\/pt\/wp-json\/wp\/v2\/posts"}],"about":[{"href":"https:\/\/www.europesays.com\/pt\/wp-json\/wp\/v2\/types\/post"}],"author":[{"embeddable":true,"href":"https:\/\/www.europesays.com\/pt\/wp-json\/wp\/v2\/users\/2"}],"replies":[{"embeddable":true,"href":"https:\/\/www.europesays.com\/pt\/wp-json\/wp\/v2\/comments?post=116588"}],"version-history":[{"count":0,"href":"https:\/\/www.europesays.com\/pt\/wp-json\/wp\/v2\/posts\/116588\/revisions"}],"wp:featuredmedia":[{"embeddable":true,"href":"https:\/\/www.europesays.com\/pt\/wp-json\/wp\/v2\/media\/116589"}],"wp:attachment":[{"href":"https:\/\/www.europesays.com\/pt\/wp-json\/wp\/v2\/media?parent=116588"}],"wp:term":[{"taxonomy":"category","embeddable":true,"href":"https:\/\/www.europesays.com\/pt\/wp-json\/wp\/v2\/categories?post=116588"},{"taxonomy":"post_tag","embeddable":true,"href":"https:\/\/www.europesays.com\/pt\/wp-json\/wp\/v2\/tags?post=116588"}],"curies":[{"name":"wp","href":"https:\/\/api.w.org\/{rel}","templated":true}]}}