{"id":116616,"date":"2025-10-18T23:50:09","date_gmt":"2025-10-18T23:50:09","guid":{"rendered":"https:\/\/www.europesays.com\/pt\/116616\/"},"modified":"2025-10-18T23:50:09","modified_gmt":"2025-10-18T23:50:09","slug":"prefeitura-com-voce-movimenta-jardim-sao-jose-2","status":"publish","type":"post","link":"https:\/\/www.europesays.com\/pt\/116616\/","title":{"rendered":"Prefeitura com Voc\u00ea movimenta Jardim S\u00e3o Jos\u00e9 2"},"content":{"rendered":"<p>&#13;<br \/>\n                        <b>Paula Paz<\/b><br \/>&#13;<br \/>\n                Governan\u00e7a&#13;\n            <\/p>\n<p dir=\"ltr\">A Prefeitura de S\u00e3o Jos\u00e9 dos Campos, realizou, neste s\u00e1bado (18) a 4\u00aa edi\u00e7\u00e3o do Prefeitura com Voc\u00ea na Emefi (Escola Municipal de Ensino Fundamental) Professora Rosa Tomita, no Jardim S\u00e3o Jos\u00e9 2, na regi\u00e3o leste.<\/p>\n<p dir=\"ltr\">Moradores do bairro e das proximidades aproveitaram o dia para acessar servi\u00e7os gratuitos nas \u00e1reas de sa\u00fade, assist\u00eancia social, transporte, finan\u00e7as, habita\u00e7\u00e3o, esporte e cultura. Cerca de 1.169 atendimentos foram realizados pelas equipes da Prefeitura.\u00a0<\/p>\n<p dir=\"ltr\">A Loja Solid\u00e1ria do Fundo Social de Solidariedade esteve aberta durante todo o evento, oferecendo roupas e cal\u00e7ados.<\/p>\n<p dir=\"ltr\">A escola tamb\u00e9m foi um dos locais do Dia D de Vacina\u00e7\u00e3o, com atendimento das 8h30 \u00e0s 16h, atualizando cadernetas com vacinas como Influenza, COVID-19, HPV, Tr\u00edplice Viral, Hepatites A e B, Poliomielite, Rotav\u00edrus, Pneumoc\u00f3cica 10, Varicela, Meningoc\u00f3cica ACWY, entre outras.<\/p>\n<p dir=\"ltr\">Desde o in\u00edcio deste ano, o programa j\u00e1 passou pelos bairros Campo dos Alem\u00e3es (Emefi Moacyr Benedicto), Pinheirinho dos Palmares (Emefi Maria Antonieta Payar) e Jardim Jussara (Emefi Professora Maria Aparecida Santos Ronconi).<\/p>\n<p dir=\"ltr\"><strong>Aprova\u00e7\u00e3o popular<\/strong><\/p>\n<p dir=\"ltr\">A vendedora Isabel Cristina Bento, de 29 anos, aproveitou a oportunidade para fazer a inscri\u00e7\u00e3o no programa habitacional.<\/p>\n<p dir=\"ltr\">Com os documentos nas m\u00e3os e um sorriso no rosto, ela mant\u00e9m o sonho de ter a casa pr\u00f3pria.<\/p>\n<p dir=\"ltr\">\u201cQue bom poder fazer minha inscri\u00e7\u00e3o aqui, t\u00e3o perto de onde moro\u201d, disse Isabel, que mora com as duas filhas,\u00a0 de 9 e 3 anos, na casa do sogro.<\/p>\n<p dir=\"ltr\"><img loading=\"lazy\" decoding=\"async\" src=\"https:\/\/www.europesays.com\/pt\/wp-content\/uploads\/2025\/10\/atendimento-habita\u00e7\u00e3o.jpeg\" alt=\"\" width=\"500\" height=\"375\"\/><\/p>\n<p dir=\"ltr\">O Prefeitura com Voc\u00ea facilita e agiliza o acesso aos servi\u00e7os p\u00fablicos | Foto: Cl\u00e1udio Vieira\/PMSJC\u00a0<\/p>\n<p dir=\"ltr\">Ana Carolina\u00a0 Pizarro, de 31 anos, levou a cachorrinha Sofia, companheira h\u00e1 mais de 15 anos, para receber a vacina.<\/p>\n<p dir=\"ltr\">\u201cServi\u00e7o aprovado. Vou voltar para casa com a Sofia vacinada. Tenho outros animais e pretendo voltar ainda hoje para aproveitar a oportunidade\u201d.<\/p>\n<p dir=\"ltr\"><img loading=\"lazy\" decoding=\"async\" src=\"https:\/\/www.europesays.com\/pt\/wp-content\/uploads\/2025\/10\/vacina\u00e7\u00e3o-pet.jpeg\" alt=\"\" width=\"500\" height=\"375\"\/><\/p>\n<p dir=\"ltr\">A vacina\u00e7\u00e3o dos pets foi uma das atra\u00e7\u00f5es do evento | Foto: Cl\u00e1udio Vieira\/PMSJC\u00a0<\/p>\n<p dir=\"ltr\">O pequeno Emanuel Eloi da Silva, de 3 anos, tamb\u00e9m marcou presen\u00e7a vestido de Homem-Aranha.<\/p>\n<p dir=\"ltr\">No colo da m\u00e3e, Fl\u00e1viane Rodrigues da Silva, ele enfrentou com coragem a picadinha da vacina para deixar a carteirinha em dia.<\/p>\n<p dir=\"ltr\"><img loading=\"lazy\" decoding=\"async\" src=\"https:\/\/www.europesays.com\/pt\/wp-content\/uploads\/2025\/10\/vacina\u00e7\u00e3o.jpeg\" alt=\"\" width=\"500\" height=\"375\"\/><\/p>\n<p dir=\"ltr\">A escola tamb\u00e9m teve o Dia D de vacina\u00e7\u00e3o | Foto: Cl\u00e1udio Vieira\/PMSJC\u00a0<\/p>\n<p dir=\"ltr\"><strong>Acessibilidade e cidadania<\/strong><\/p>\n<p dir=\"ltr\">O programa Prefeitura com Voc\u00ea tem como objetivo aproximar os servi\u00e7os p\u00fablicos da popula\u00e7\u00e3o.<\/p>\n<p dir=\"ltr\">Facilita o acesso, promove o acolhimento e garante informa\u00e7\u00e3o e cidadania aos moradores de todas as regi\u00f5es de S\u00e3o Jos\u00e9.\u00a0<\/p>\n<p dir=\"ltr\"><strong>Servi\u00e7os e atendimentos oferecidos<\/strong><\/p>\n<p>\u2022 Testes r\u00e1pidos (HIV, s\u00edfilis, hepatites B e C)<\/p>\n<p>\u2022 Vacina\u00e7\u00e3o (gripe, HPV, COVID-19 e Dia D)<\/p>\n<p>\u2022 Orienta\u00e7\u00e3o sobre Cad\u00danico (Cadastro \u00danico)<\/p>\n<p>\u2022 Credencial estacionamento para idoso e pessoa com defici\u00eancia<\/p>\n<p>\u00a0\u2022 Emiss\u00e3o e orienta\u00e7\u00f5es sobre cart\u00f5es de \u00f4nibus (vale-transporte, estudante, idoso)<\/p>\n<p>\u2022 Transporte adaptado<\/p>\n<p>\u2022 2\u00aa via e parcelamento de IPTU<\/p>\n<p>\u2022 Abertura de protocolos<\/p>\n<p>\u2022 Corte de cabelo gratuito<\/p>\n<p>\u2022 Inscri\u00e7\u00e3o no Programa Habitacional<\/p>\n<p>\u2022 Rua de lazer para crian\u00e7as<\/p>\n<p>\u2022 Atendimento do PAT com vagas de emprego<\/p>\n<p>\u2022 Vagas de cursos do Qualifica S\u00e3o Jos\u00e9<\/p>\n<p>\u2022 Pipoca e algod\u00e3o-doce gratuitos<\/p>\n<p>\u2022 Loja Solid\u00e1ria<\/p>\n<p>\u2022 Regulariza\u00e7\u00e3o fundi\u00e1ria<\/p>\n<p>&#13;<br \/>\n                    <strong>MAIS NOT\u00cdCIAS<\/strong><br \/>&#13;<br \/>\n                    <a href=\"https:\/\/www.sjc.sp.gov.br\/noticias\/?tema=8\" rel=\"nofollow noopener\" target=\"_blank\">Governan\u00e7a<\/a>&#13;\n                <\/p>\n","protected":false},"excerpt":{"rendered":"&#13; Paula Paz&#13; Governan\u00e7a&#13; A Prefeitura de S\u00e3o Jos\u00e9 dos Campos, realizou, neste s\u00e1bado (18) a 4\u00aa edi\u00e7\u00e3o&hellip;\n","protected":false},"author":2,"featured_media":116617,"comment_status":"","ping_status":"","sticky":false,"template":"","format":"standard","meta":{"footnotes":""},"categories":[86],"tags":[1300,116,3048,32,3046,33,3049,117,3047],"class_list":{"0":"post-116616","1":"post","2":"type-post","3":"status-publish","4":"format-standard","5":"has-post-thumbnail","7":"category-saude","8":"tag-cidade","9":"tag-health","10":"tag-online","11":"tag-portugal","12":"tag-prefeitura","13":"tag-pt","14":"tag-so-jos-dos-campos","15":"tag-saude","16":"tag-servios"},"share_on_mastodon":{"url":"","error":""},"_links":{"self":[{"href":"https:\/\/www.europesays.com\/pt\/wp-json\/wp\/v2\/posts\/116616","targetHints":{"allow":["GET"]}}],"collection":[{"href":"https:\/\/www.europesays.com\/pt\/wp-json\/wp\/v2\/posts"}],"about":[{"href":"https:\/\/www.europesays.com\/pt\/wp-json\/wp\/v2\/types\/post"}],"author":[{"embeddable":true,"href":"https:\/\/www.europesays.com\/pt\/wp-json\/wp\/v2\/users\/2"}],"replies":[{"embeddable":true,"href":"https:\/\/www.europesays.com\/pt\/wp-json\/wp\/v2\/comments?post=116616"}],"version-history":[{"count":0,"href":"https:\/\/www.europesays.com\/pt\/wp-json\/wp\/v2\/posts\/116616\/revisions"}],"wp:featuredmedia":[{"embeddable":true,"href":"https:\/\/www.europesays.com\/pt\/wp-json\/wp\/v2\/media\/116617"}],"wp:attachment":[{"href":"https:\/\/www.europesays.com\/pt\/wp-json\/wp\/v2\/media?parent=116616"}],"wp:term":[{"taxonomy":"category","embeddable":true,"href":"https:\/\/www.europesays.com\/pt\/wp-json\/wp\/v2\/categories?post=116616"},{"taxonomy":"post_tag","embeddable":true,"href":"https:\/\/www.europesays.com\/pt\/wp-json\/wp\/v2\/tags?post=116616"}],"curies":[{"name":"wp","href":"https:\/\/api.w.org\/{rel}","templated":true}]}}