{"id":11662,"date":"2025-08-01T14:51:08","date_gmt":"2025-08-01T14:51:08","guid":{"rendered":"https:\/\/www.europesays.com\/pt\/11662\/"},"modified":"2025-08-01T14:51:08","modified_gmt":"2025-08-01T14:51:08","slug":"apple-esta-a-investir-em-ia-e-aberta-a-fusoes-e-aquisicoes-observador","status":"publish","type":"post","link":"https:\/\/www.europesays.com\/pt\/11662\/","title":{"rendered":"Apple est\u00e1 a investir em IA e &#8220;aberta a fus\u00f5es e aquisi\u00e7\u00f5es&#8221; \u2013 Observador"},"content":{"rendered":"<p>A Apple pretende avan\u00e7ar com a implementa\u00e7\u00e3o de tecnologias impulsionados por Intelig\u00eancia Artificial (IA) nos seus servi\u00e7os e dispositivos, planeando aumentar o investimento, \u201cfus\u00f5es e aquisi\u00e7\u00f5es\u201d para acelerar este desenvolvimento.<\/p>\n<p>Perante os avan\u00e7os no setor da IA, a empresa de tecnologia continua a trabalhar para melhorar os seus servi\u00e7os e a sua participa\u00e7\u00e3o no setor, procurando apoio em poss\u00edveis aquisi\u00e7\u00f5es de empresas de IA, como \u00e9 o caso da Perplexity, ou na colabora\u00e7\u00e3o com outras empresas de tecnologia, como a OpenAI ou a Anthropic.<\/p>\n<p>Citado pela ag\u00eancia de not\u00edcias Europa Press, o presidente executivo (CEO) da Apple, Tim Cook, revelou que a <strong>empresa est\u00e1 \u201caberta a fus\u00f5es e aquisi\u00e7\u00f5es\u201d com empresas de IA para acelerar o seu plano de a\u00e7\u00e3o neste dom\u00ednio<\/strong>, ao mesmo tempo que planeia aumentar o seu investimento na tecnologia.<\/p>\n<p>O respons\u00e1vel adiantou que <strong>planeia aumentar o investimento e que conta com \u201cuma grande equipa\u201d para isso<\/strong>.<\/p>\n<p>\u201cA Apple sempre se dedicou a aproveitar as tecnologias mais avan\u00e7adas e torn\u00e1-las f\u00e1cies de usar e acess\u00edveis a todos, e isso \u00e9 fundamental na nossa estrat\u00e9gia de IA\u201d, afirmou Tim Cook.<\/p>\n<p>\u00c9 importante notar que, neste contexto, a <strong>Apple enfrentou dificuldades ao adicionar IA nos seus produtos, tendo de adiar v\u00e1rias vezes o lan\u00e7amento da nova vers\u00e3o da Siri<\/strong> (assistente virtual que permite realizar tarefas di\u00e1rias usando apenas a voz), que foi apresentada juntamente com as funcionalidades da Apple Intelligence, que s\u00f3 devem ser lan\u00e7adas na primavera de 2026.<\/p>\n<p>Apesar disso, o presidente executivo mencionou ainda que a empresa est\u00e1 a \u201cfazer bons progressos\u201d no que diz respeito \u00e0 atualiza\u00e7\u00e3o do assistente virtual.<\/p>\n","protected":false},"excerpt":{"rendered":"A Apple pretende avan\u00e7ar com a implementa\u00e7\u00e3o de tecnologias impulsionados por Intelig\u00eancia Artificial (IA) nos seus servi\u00e7os e&hellip;\n","protected":false},"author":2,"featured_media":11663,"comment_status":"","ping_status":"","sticky":false,"template":"","format":"standard","meta":{"footnotes":""},"categories":[84],"tags":[247,109,107,108,644,32,33,105,103,104,106,110],"class_list":{"0":"post-11662","1":"post","2":"type-post","3":"status-publish","4":"format-standard","5":"has-post-thumbnail","7":"category-ciencia-e-tecnologia","8":"tag-apple","9":"tag-ciencia","10":"tag-ciencia-e-tecnologia","11":"tag-cienciaetecnologia","12":"tag-inteligu00eancia-artificial","13":"tag-portugal","14":"tag-pt","15":"tag-science","16":"tag-science-and-technology","17":"tag-scienceandtechnology","18":"tag-technology","19":"tag-tecnologia"},"share_on_mastodon":{"url":"","error":""},"_links":{"self":[{"href":"https:\/\/www.europesays.com\/pt\/wp-json\/wp\/v2\/posts\/11662","targetHints":{"allow":["GET"]}}],"collection":[{"href":"https:\/\/www.europesays.com\/pt\/wp-json\/wp\/v2\/posts"}],"about":[{"href":"https:\/\/www.europesays.com\/pt\/wp-json\/wp\/v2\/types\/post"}],"author":[{"embeddable":true,"href":"https:\/\/www.europesays.com\/pt\/wp-json\/wp\/v2\/users\/2"}],"replies":[{"embeddable":true,"href":"https:\/\/www.europesays.com\/pt\/wp-json\/wp\/v2\/comments?post=11662"}],"version-history":[{"count":0,"href":"https:\/\/www.europesays.com\/pt\/wp-json\/wp\/v2\/posts\/11662\/revisions"}],"wp:featuredmedia":[{"embeddable":true,"href":"https:\/\/www.europesays.com\/pt\/wp-json\/wp\/v2\/media\/11663"}],"wp:attachment":[{"href":"https:\/\/www.europesays.com\/pt\/wp-json\/wp\/v2\/media?parent=11662"}],"wp:term":[{"taxonomy":"category","embeddable":true,"href":"https:\/\/www.europesays.com\/pt\/wp-json\/wp\/v2\/categories?post=11662"},{"taxonomy":"post_tag","embeddable":true,"href":"https:\/\/www.europesays.com\/pt\/wp-json\/wp\/v2\/tags?post=11662"}],"curies":[{"name":"wp","href":"https:\/\/api.w.org\/{rel}","templated":true}]}}