{"id":116620,"date":"2025-10-18T23:53:09","date_gmt":"2025-10-18T23:53:09","guid":{"rendered":"https:\/\/www.europesays.com\/pt\/116620\/"},"modified":"2025-10-18T23:53:09","modified_gmt":"2025-10-18T23:53:09","slug":"preco-em-tempo-real-do-custo-do-carregamento","status":"publish","type":"post","link":"https:\/\/www.europesays.com\/pt\/116620\/","title":{"rendered":"pre\u00e7o em tempo real do custo do carregamento"},"content":{"rendered":"<p>Os condutores de ve\u00edculos el\u00e9tricos v\u00e3o passar a ter acesso, em tempo real, ao custo exato do carregamento nos postos p\u00fablicos.<\/p>\n<p><a target=\"_blank\" href=\"https:\/\/pplware.sapo.pt\/wp-content\/uploads\/2025\/08\/quizz_eletricos01.webp\" rel=\"nofollow noopener\"><img fetchpriority=\"high\" decoding=\"async\" src=\"https:\/\/www.europesays.com\/pt\/wp-content\/uploads\/2025\/08\/quizz_eletricos01-720x405.webp.webp\" alt=\"\" width=\"720\" height=\"405\" class=\"aligncenter size-medium wp-image-1072831\"  \/><\/a><\/p>\n<p>Pre\u00e7o em tempo real: funcionalidade est\u00e1 a ser testada em v\u00e1rias cidades<\/p>\n<p>A nova funcionalidade, que ser\u00e1 integrada nas principais plataformas de mobilidade el\u00e9trica, pretende aumentar a transpar\u00eancia e facilitar a compara\u00e7\u00e3o de pre\u00e7os entre operadores.<\/p>\n<p>At\u00e9 agora, muitos utilizadores apenas conheciam o valor final ap\u00f3s o carregamento estar conclu\u00eddo, o que dificultava o controlo dos custos e a escolha das op\u00e7\u00f5es mais econ\u00f3micas. Com a nova medida, os pre\u00e7os por kWh, as taxas de utiliza\u00e7\u00e3o e os custos de estacionamento ser\u00e3o atualizados dinamicamente e vis\u00edveis antes e durante o carregamento.<\/p>\n<p><a target=\"_blank\" href=\"https:\/\/pplware.sapo.pt\/wp-content\/uploads\/2025\/07\/eletrico_carregar_1.jpg\" onclick=\"refreshIframe()\" class=\"foobox\" rel=\"nofollow noopener\"><img loading=\"lazy\" decoding=\"async\" src=\"https:\/\/www.europesays.com\/pt\/wp-content\/uploads\/2025\/10\/eletrico_carregar_1-720x405.jpg\" alt=\"\" width=\"720\" height=\"405\" class=\"aligncenter size-medium wp-image-1066913\"  \/><\/a><\/p>\n<p>Segundo a MOBI.E, que gere a rede p\u00fablica de carregamento, esta atualiza\u00e7\u00e3o faz parte de um conjunto de melhorias destinadas a tornar o sistema mais eficiente e centrado no utilizador. \u201cO objetivo \u00e9 garantir que o consumidor tem toda a informa\u00e7\u00e3o necess\u00e1ria para tomar decis\u00f5es informadas, de forma simples e transparente\u201d, explicou a entidade.<\/p>\n<p>A funcionalidade est\u00e1 a ser testada em v\u00e1rias cidades e dever\u00e1 estar dispon\u00edvel a n\u00edvel nacional at\u00e9 ao final do ano.<\/p>\n","protected":false},"excerpt":{"rendered":"Os condutores de ve\u00edculos el\u00e9tricos v\u00e3o passar a ter acesso, em tempo real, ao custo exato do carregamento&hellip;\n","protected":false},"author":2,"featured_media":49847,"comment_status":"","ping_status":"","sticky":false,"template":"","format":"standard","meta":{"footnotes":""},"categories":[83],"tags":[88,89,428,90,32,33],"class_list":{"0":"post-116620","1":"post","2":"type-post","3":"status-publish","4":"format-standard","5":"has-post-thumbnail","7":"category-empresas","8":"tag-business","9":"tag-economy","10":"tag-eletricos","11":"tag-empresas","12":"tag-portugal","13":"tag-pt"},"share_on_mastodon":{"url":"","error":""},"_links":{"self":[{"href":"https:\/\/www.europesays.com\/pt\/wp-json\/wp\/v2\/posts\/116620","targetHints":{"allow":["GET"]}}],"collection":[{"href":"https:\/\/www.europesays.com\/pt\/wp-json\/wp\/v2\/posts"}],"about":[{"href":"https:\/\/www.europesays.com\/pt\/wp-json\/wp\/v2\/types\/post"}],"author":[{"embeddable":true,"href":"https:\/\/www.europesays.com\/pt\/wp-json\/wp\/v2\/users\/2"}],"replies":[{"embeddable":true,"href":"https:\/\/www.europesays.com\/pt\/wp-json\/wp\/v2\/comments?post=116620"}],"version-history":[{"count":0,"href":"https:\/\/www.europesays.com\/pt\/wp-json\/wp\/v2\/posts\/116620\/revisions"}],"wp:featuredmedia":[{"embeddable":true,"href":"https:\/\/www.europesays.com\/pt\/wp-json\/wp\/v2\/media\/49847"}],"wp:attachment":[{"href":"https:\/\/www.europesays.com\/pt\/wp-json\/wp\/v2\/media?parent=116620"}],"wp:term":[{"taxonomy":"category","embeddable":true,"href":"https:\/\/www.europesays.com\/pt\/wp-json\/wp\/v2\/categories?post=116620"},{"taxonomy":"post_tag","embeddable":true,"href":"https:\/\/www.europesays.com\/pt\/wp-json\/wp\/v2\/tags?post=116620"}],"curies":[{"name":"wp","href":"https:\/\/api.w.org\/{rel}","templated":true}]}}