{"id":116623,"date":"2025-10-18T23:57:14","date_gmt":"2025-10-18T23:57:14","guid":{"rendered":"https:\/\/www.europesays.com\/pt\/116623\/"},"modified":"2025-10-18T23:57:14","modified_gmt":"2025-10-18T23:57:14","slug":"pai-de-andressa-urach-responde-por-que-passou-mal-e-nega-que-conteudo-adulto-seja-o-motivo","status":"publish","type":"post","link":"https:\/\/www.europesays.com\/pt\/116623\/","title":{"rendered":"Pai de Andressa Urach responde por que passou mal e nega que conte\u00fado adulto seja o motivo"},"content":{"rendered":"<p>  <img class=\"content-first-image wp-image-2689425 size-full\" loading=\"eager\" decoding=\"sync\" fetchpriority=\"high\" src=\"https:\/\/www.europesays.com\/pt\/wp-content\/uploads\/2025\/10\/copia-de-padrao-wordpress-nd-10.jpg\" alt=\"Pai de Andressa Urach responde por que passou mal e nega que conte\u00fado gravado seja o motivo\" width=\"1200\" height=\"800\"  \/>Pai de Andressa UrachFoto: Reprodu\u00e7\u00e3o\/Redes sociais\/ND<\/p>\n<p>O pai de Andressa Urach, Carlos Urach, 65 anos, <a href=\"https:\/\/ndmais.com.br\/comportamento\/pai-de-andressa-urach-vai-para-o-hospital-apos-conteudo-18\" rel=\"nofollow noopener\" target=\"_blank\">precisou de atendimento m\u00e9dico \u00e0s pressas ap\u00f3s um mal-estar<\/a>. O caso ganhou grande repercuss\u00e3o porque o epis\u00f3dio ocorreu logo depois de Carlos gravar uma cena de conte\u00fado adulto com o ator e influenciador Rafa Marttinz.<\/p>\n<p>Diante da coincid\u00eancia, rumores sobre a causa do problema de sa\u00fade surgiram na internet. No entanto, o pai de Andressa Urach fez quest\u00e3o de negar qualquer rela\u00e7\u00e3o com o trabalho e declarou que a real causa da interna\u00e7\u00e3o foi uma <strong>intoxica\u00e7\u00e3o por metanol<\/strong>.<\/p>\n<p>Pai de Andressa Urach se manifesta sobre a causa<\/p>\n<p>O pr\u00f3prio Carlos Urach resolveu quebrar o sil\u00eancio para rebater as especula\u00e7\u00f5es e o influenciador Rafa Marttinz. O empres\u00e1rio detalhou que <strong>o motivo da ida ao hospital n\u00e3o foi o trabalho<\/strong>, mas sim algo que consumiu.<\/p>\n<p><a class=\"cta-discover d-flex justify-content-between align-items-center w-100\" target=\"_blank\" rel=\"nofollow noopner noopener\" href=\"https:\/\/profile.google.com\/cp\/Cg0vZy8xMXZ5cjY4NHho\">   Fa\u00e7a como milh\u00f5es de leitores informados: siga o ND Mais no Google.  Seguir<\/a> <\/p>\n<p>\u201cFui ao hospital, n\u00e3o por causa das grava\u00e7\u00f5es. Foi intoxica\u00e7\u00e3o por metanol. Assumo minhas escolhas, mas n\u00e3o aceito que joguem responsabilidade onde n\u00e3o existe. Detesto injusti\u00e7as com meu nome. N\u00e3o sou passivo. Sou ativo e gosto de mulheres\u201d, disparou.<\/p>\n<ul class=\"slider-galeria-de-foto-wrapper glide__slides\">\n<li id=\"galeria-slide-1\" class=\"slider-galeria-de-foto-slide glide__slide\"> <a href=\"https:\/\/static.ndmais.com.br\/2025\/10\/pai-de-andressa-urach.jpg\" title=\"O pr\u00f3prio Carlos Urach resolveu quebrar o sil\u00eancio - Reprodu\u00e7\u00e3o\/Redes sociais\/ND\" data-caption=\"O pr\u00f3prio Carlos Urach resolveu quebrar o sil\u00eancio - Reprodu\u00e7\u00e3o\/Redes sociais\/ND\" id=\"zoom-gallery-2689429\" class=\"imagem-galeria\" data-fancybox=\"\" rel=\"nofollow noopener\" target=\"_blank\"> <img decoding=\"async\" width=\"800\" height=\"533\" src=\"https:\/\/www.europesays.com\/pt\/wp-content\/uploads\/2025\/10\/pai-de-andressa-urach-800x533.jpg\" class=\"\" alt=\"O pr\u00f3prio Carlos Urach resolveu quebrar o sil\u00eancio - Reprodu\u00e7\u00e3o\/Redes sociais\/ND\" loading=\"lazy\"  \/> <\/a>  O pr\u00f3prio Carlos Urach resolveu quebrar o sil\u00eancio &#8211; Reprodu\u00e7\u00e3o\/Redes sociais\/ND\n<p> Foto 1 de 4 <\/p>\n<\/li>\n<li id=\"galeria-slide-2\" class=\"slider-galeria-de-foto-slide glide__slide\"> <a href=\"https:\/\/static.ndmais.com.br\/2025\/10\/pai-de-andressa-urach-2.jpg\" title=\"Rumores sobre a causa do problema de sa\u00fade surgiram na internet - Reprodu\u00e7\u00e3o\/Redes sociais\/ND\" data-caption=\"Rumores sobre a causa do problema de sa\u00fade surgiram na internet - Reprodu\u00e7\u00e3o\/Redes sociais\/ND\" id=\"zoom-gallery-2689426\" class=\"imagem-galeria\" data-fancybox=\"\" rel=\"nofollow noopener\" target=\"_blank\"> <img decoding=\"async\" width=\"800\" height=\"533\" src=\"https:\/\/www.europesays.com\/pt\/wp-content\/uploads\/2025\/10\/pai-de-andressa-urach-2-800x533.jpg\" class=\"\" alt=\"Rumores sobre a causa do problema de sa\u00fade surgiram na internet - Reprodu\u00e7\u00e3o\/Redes sociais\/ND\" loading=\"lazy\"  \/> <\/a>  Rumores sobre a causa do problema de sa\u00fade surgiram na internet &#8211; Reprodu\u00e7\u00e3o\/Redes sociais\/ND\n<p> Foto 2 de 4 <\/p>\n<\/li>\n<li id=\"galeria-slide-3\" class=\"slider-galeria-de-foto-slide glide__slide\"> <a href=\"https:\/\/static.ndmais.com.br\/2025\/10\/pai-de-andressa-urach-3.jpg\" title=\"Pai de Andressa Urach, Carlos Urach, 65 anos - Reprodu\u00e7\u00e3o\/Redes sociais\/ND\" data-caption=\"Pai de Andressa Urach, Carlos Urach, 65 anos - Reprodu\u00e7\u00e3o\/Redes sociais\/ND\" id=\"zoom-gallery-2689427\" class=\"imagem-galeria\" data-fancybox=\"\" rel=\"nofollow noopener\" target=\"_blank\"> <img decoding=\"async\" width=\"800\" height=\"533\" src=\"https:\/\/www.europesays.com\/pt\/wp-content\/uploads\/2025\/10\/pai-de-andressa-urach-3-800x533.jpg\" class=\"\" alt=\"Pai de Andressa Urach, Carlos Urach, 65 anos - Reprodu\u00e7\u00e3o\/Redes sociais\/ND\" loading=\"lazy\"  \/> <\/a>  Pai de Andressa Urach, Carlos Urach, 65 anos &#8211; Reprodu\u00e7\u00e3o\/Redes sociais\/ND\n<p> Foto 3 de 4 <\/p>\n<\/li>\n<li id=\"galeria-slide-4\" class=\"slider-galeria-de-foto-slide glide__slide\"> <a href=\"https:\/\/static.ndmais.com.br\/2025\/10\/pai-de-andressa-urach-1.jpg\" title=\"Empres\u00e1rio detalhou que o motivo da ida ao hospital n\u00e3o foi o trabalho - Reprodu\u00e7\u00e3o\/Redes sociais\/ND\" data-caption=\"Empres\u00e1rio detalhou que o motivo da ida ao hospital n\u00e3o foi o trabalho - Reprodu\u00e7\u00e3o\/Redes sociais\/ND\" id=\"zoom-gallery-2689428\" class=\"imagem-galeria\" data-fancybox=\"\" rel=\"nofollow noopener\" target=\"_blank\"> <img decoding=\"async\" width=\"800\" height=\"533\" src=\"https:\/\/www.europesays.com\/pt\/wp-content\/uploads\/2025\/10\/pai-de-andressa-urach-1-800x533.jpg\" class=\"\" alt=\"Empres\u00e1rio detalhou que o motivo da ida ao hospital n\u00e3o foi o trabalho - Reprodu\u00e7\u00e3o\/Redes sociais\/ND\" loading=\"lazy\"  \/> <\/a>  Empres\u00e1rio detalhou que o motivo da ida ao hospital n\u00e3o foi o trabalho &#8211; Reprodu\u00e7\u00e3o\/Redes sociais\/ND\n<p> Foto 4 de 4 <\/p>\n<\/li>\n<\/ul>\n<p>          O que diz o ator Rafa Marttinz<\/p>\n<p>Rafa Marttinz havia se pronunciado primeiro em suas redes sociais, refor\u00e7ando que prestou assist\u00eancia ao pai de Andressa Urach, mas <strong>negou ter culpa no ocorrido<\/strong>, j\u00e1 que Carlos \u00e9 adulto e respons\u00e1vel por seus atos.<\/p>\n<p>\u201cN\u00e3o tive nenhuma culpa. Carlos Urach \u00e9 um homem adulto, de 65 anos, respons\u00e1vel por suas pr\u00f3prias escolhas. Tivemos apenas uma rela\u00e7\u00e3o profissional, e entendo que \u00e0s vezes possam ocorrer complica\u00e7\u00f5es ap\u00f3s as grava\u00e7\u00f5es. Estou prestando toda a assist\u00eancia necess\u00e1ria e ele est\u00e1 sendo atendido pelos melhores m\u00e9dicos\u201d, contou.<\/p>\n<p>Intoxica\u00e7\u00e3o ap\u00f3s refei\u00e7\u00e3o e o fim do assunto<\/p>\n<p>O pai de Andressa Urach ainda explicou que o mal-estar ocorreu ap\u00f3s uma refei\u00e7\u00e3o em um restaurante, refor\u00e7ando que n\u00e3o tem rela\u00e7\u00e3o com a grava\u00e7\u00e3o.<\/p>\n<p>\u201cA situa\u00e7\u00e3o est\u00e1 tomando propor\u00e7\u00f5es desnecess\u00e1rias e fugindo do controle. At\u00e9 agora levamos tudo com leveza, mas a partir de agora o assunto est\u00e1 encerrado\u201d, concluiu, pedindo para que os boatos sobre a grava\u00e7\u00e3o sejam finalizados.<\/p>\n","protected":false},"excerpt":{"rendered":"Pai de Andressa UrachFoto: Reprodu\u00e7\u00e3o\/Redes sociais\/ND O pai de Andressa Urach, Carlos Urach, 65 anos, precisou de atendimento&hellip;\n","protected":false},"author":2,"featured_media":116624,"comment_status":"","ping_status":"","sticky":false,"template":"","format":"standard","meta":{"footnotes":""},"categories":[145],"tags":[5404,726,211,210,1967,114,115,980,1968,32,33],"class_list":{"0":"post-116623","1":"post","2":"type-post","3":"status-publish","4":"format-standard","5":"has-post-thumbnail","7":"category-celebridades","8":"tag-andressa-urach","9":"tag-brasil","10":"tag-celebridades","11":"tag-celebrities","12":"tag-contedo-de-internet","13":"tag-entertainment","14":"tag-entretenimento","15":"tag-famosos","16":"tag-notcia","17":"tag-portugal","18":"tag-pt"},"share_on_mastodon":{"url":"","error":""},"_links":{"self":[{"href":"https:\/\/www.europesays.com\/pt\/wp-json\/wp\/v2\/posts\/116623","targetHints":{"allow":["GET"]}}],"collection":[{"href":"https:\/\/www.europesays.com\/pt\/wp-json\/wp\/v2\/posts"}],"about":[{"href":"https:\/\/www.europesays.com\/pt\/wp-json\/wp\/v2\/types\/post"}],"author":[{"embeddable":true,"href":"https:\/\/www.europesays.com\/pt\/wp-json\/wp\/v2\/users\/2"}],"replies":[{"embeddable":true,"href":"https:\/\/www.europesays.com\/pt\/wp-json\/wp\/v2\/comments?post=116623"}],"version-history":[{"count":0,"href":"https:\/\/www.europesays.com\/pt\/wp-json\/wp\/v2\/posts\/116623\/revisions"}],"wp:featuredmedia":[{"embeddable":true,"href":"https:\/\/www.europesays.com\/pt\/wp-json\/wp\/v2\/media\/116624"}],"wp:attachment":[{"href":"https:\/\/www.europesays.com\/pt\/wp-json\/wp\/v2\/media?parent=116623"}],"wp:term":[{"taxonomy":"category","embeddable":true,"href":"https:\/\/www.europesays.com\/pt\/wp-json\/wp\/v2\/categories?post=116623"},{"taxonomy":"post_tag","embeddable":true,"href":"https:\/\/www.europesays.com\/pt\/wp-json\/wp\/v2\/tags?post=116623"}],"curies":[{"name":"wp","href":"https:\/\/api.w.org\/{rel}","templated":true}]}}