{"id":116627,"date":"2025-10-19T00:04:08","date_gmt":"2025-10-19T00:04:08","guid":{"rendered":"https:\/\/www.europesays.com\/pt\/116627\/"},"modified":"2025-10-19T00:04:08","modified_gmt":"2025-10-19T00:04:08","slug":"taca-de-portugal-todos-os-resultados-e-os-emparelhamentos-da-4-a-eliminatoria","status":"publish","type":"post","link":"https:\/\/www.europesays.com\/pt\/116627\/","title":{"rendered":"Ta\u00e7a de Portugal: todos os resultados e os emparelhamentos da 4.\u00aa eliminat\u00f3ria"},"content":{"rendered":"<p style=\"margin-bottom:11px\">Os primeiros catorze jogos da terceira eliminat\u00f3ria da<a href=\"https:\/\/maisfutebol.iol.pt\/pesquisa?pesquisa=Ta%C3%A7a+Portugal\" rel=\"nofollow noopener\" target=\"_blank\"> Ta\u00e7a de Portugal <\/a>j\u00e1 fizeram tr\u00eas v\u00edtimas entre as equipas da Liga: Alverca, Estrela da Amadora e Gil Vicente.<\/p>\n<p>Confira todos os resultados e veja tamb\u00e9m os emparelhamentos da 4.\u00aa eliminat\u00f3ria.<\/p>\n<p> Resultados da III eliminat\u00f3ria <\/p>\n<p><strong>Sexta-feira, 17 outubro:<\/strong><\/p>\n<p><a href=\"https:\/\/maisfutebol.iol.pt\/taca-portugal\/benfica\/desp-chaves-benfica-0-2-cronica\" rel=\"nofollow noopener\" target=\"_blank\">Desportivo de Chaves (II) \u2013<strong> Benfica (I)<\/strong>, 0-2<\/a><\/p>\n<p><strong>S\u00e1bado, 18 outubro:<\/strong><\/p>\n<p><a href=\"https:\/\/maisfutebol.iol.pt\/taca\/taca-de-portugal\/taca-rebordelo-nacional-1-3-cronica\" rel=\"nofollow noopener\" target=\"_blank\">Rebordelo (D) \u2013 <strong>Nacional (I)<\/strong>, 1-3<\/a><\/p>\n<p><a href=\"https:\/\/maisfutebol.iol.pt\/taca-portugal\/famalicao\/taca-sao-joao-ver-famalicao-0-3-cronica\" rel=\"nofollow noopener\" target=\"_blank\">S\u00e3o Jo\u00e3o de Ver (L3) \u2013 <strong>Famalic\u00e3o (I)<\/strong>, 0-3<\/a><\/p>\n<p><a href=\"https:\/\/maisfutebol.iol.pt\/jogo\/covilha\/uniao-nogueirense\/13830721\" rel=\"nofollow noopener\" target=\"_blank\"><strong>Sporting de Covilh\u00e3 (L3)<\/strong> \u2013 Uni\u00e3o Nogueirense (D), 1-0<\/a><\/p>\n<p><a href=\"https:\/\/maisfutebol.iol.pt\/taca-portugal\/fornos-de-algodres\/taca-fornos-de-algodres-avs-0-7-cronica\" rel=\"nofollow noopener\" target=\"_blank\">Fornos de Algodres (D) \u2013 <strong>AVS (I)<\/strong>, 0-7<\/a><\/p>\n<p><a href=\"https:\/\/maisfutebol.iol.pt\/taca-portugal\/estrela-amadora\/taca-alpendorada-surpreende-e-afasta-estrela-da-amadora\" rel=\"nofollow noopener\" target=\"_blank\"><strong>Alpendorada (CP)<\/strong> \u2013 Estrela Amadora (I), 3-1<\/a><\/p>\n<p><a href=\"https:\/\/maisfutebol.iol.pt\/taca-portugal\/sp-braga\/taca-braganca-sp-braga-0-1-cronica\" rel=\"nofollow noopener\" target=\"_blank\">Bragan\u00e7a (CP) \u2013 <strong>Sporting de Braga (I)<\/strong>, 0-1<\/a><\/p>\n<p><a href=\"https:\/\/maisfutebol.iol.pt\/taca-portugal\/torreense\/taca-de-portugal-torreense-afasta-oliveirense-nos-penaltis\" rel=\"nofollow noopener\" target=\"_blank\"><strong>Torreense (II)<\/strong> \u2013 Oliveirense (II), 1-1 (1-1 ap, 5-4 gp)<\/a><\/p>\n<p><a href=\"https:\/\/maisfutebol.iol.pt\/santa-clara\/taca-de-portugal\/taca-sp-espinho-santa-clara-0-0-2-4-apos-penaltis-cronica\" rel=\"nofollow noopener\" target=\"_blank\">Sporting de Espinho (D) \u2013\u00a0<strong>Santa Clara (I)<\/strong>, 0-0 (0-0 ap, 2-4 gp)<\/a><\/p>\n<p><a href=\"https:\/\/maisfutebol.iol.pt\/taca-de-portugal\/taca-portugal\/fez-se-taca-uniao-de-leiria-elimina-alverca-nos-penaltis\" rel=\"nofollow noopener\" target=\"_blank\"><strong>Uni\u00e3o de Leiria (II)<\/strong> \u2013 Alverca (I), 2-2 (2-2 ap, 4-2 gp)<\/a><\/p>\n<p><a href=\"https:\/\/maisfutebol.iol.pt\/portimonense\/arouca\/taca-portimonense-arouca-1-2-cronica\" rel=\"nofollow noopener\" target=\"_blank\">Portimonense (II) \u2013<strong>Arouca (I)<\/strong>, 1-2<\/a><\/p>\n<p><a href=\"https:\/\/maisfutebol.iol.pt\/jogo\/ad-marco-09\/farense\/13830717\" rel=\"nofollow noopener\" target=\"_blank\">Marco 09 (L3) \u2013 <strong>Farense (II)<\/strong>, 0-3<\/a><\/p>\n<p><a href=\"https:\/\/maisfutebol.iol.pt\/taca-portugal\/taca-de-portugal\/taca-celoricense-fc-porto-0-4-cronica\" rel=\"nofollow noopener\" target=\"_blank\">Celoricense (CP) &#8211; <strong>FC Porto (I)<\/strong>, 0-4<\/a><\/p>\n<p><a href=\"https:\/\/maisfutebol.iol.pt\/taca-portugal\/gil-vicente\/taca-academico-de-viseu-tomba-primodivisonario-gil-vicente\" rel=\"nofollow noopener\" target=\"_blank\"><strong>Acad\u00e9mico Viseu (II)<\/strong> \u2013 Gil Vicente (I), 2-1<\/a><\/p>\n<p><a href=\"https:\/\/maisfutebol.iol.pt\/jogo\/aominuto\/pacos-ferreira\/sporting\/13830705\" rel=\"nofollow noopener\" target=\"_blank\">Pa\u00e7os de Ferreira (II) \u2013 Sporting (I), 2-3 (a.p.)<\/a><\/p>\n<p><strong>Domingo, 19 outubro:<\/strong><\/p>\n<p>Fafe (L3) \u2013 Moreirense (I), 14:00<\/p>\n<p>Mort\u00e1gua (CP) \u2013 Portimonense (CP), 15:00<\/p>\n<p>Silves (D) \u2013 Louletano (CP), 15:00<\/p>\n<p>An\u00e7\u00e3 (D) \u2013 Casa Pia (I), 15:00<\/p>\n<p>Amarante (L3) \u2013 Leix\u00f5es (II), 15:00<\/p>\n<p>Atl\u00e9tico (L3) \u2013 Felgueiras (II), 15:00<\/p>\n<p>Vila Me\u00e3 (CP) \u2013 Vila Caiz (D), 15:00<\/p>\n<p>Com\u00e9rcio e Ind\u00fastria (CP) \u2013 Vianense (CP), 15:00<\/p>\n<p>Lusitano de \u00c9vora (L3) \u2013 Olivais e Moscavide (D), 15:00<\/p>\n<p>Uni\u00e3o de Lamas (CP) \u2013 Vit\u00f3ria de Guimar\u00e3es (I), 15:00<\/p>\n<p>Sintrense (CP) \u2013 Rio Ave (I), 15:00<\/p>\n<p>Vila Real (CP) \u2013 Tondela (I), 15:00<\/p>\n<p>Anadia (CP) \u2013 Marinhense (CP), 15:00<\/p>\n<p>Lusit\u00e2nia de Lourosa (II) \u2013 Resende (CP), 15:00<\/p>\n<p>Caldas (L3) \u2013 Mirandela (CP), 15:00<\/p>\n<p>1.\u00ba Dezembro (L3) \u2013 Benfica Castelo Branco (CP), 15:00<\/p>\n<p>Belenenses (L3) \u2013 Estoril Praia (I), 18:00<\/p>\n<p> Programa da IV eliminat\u00f3ria <\/p>\n<p><strong>Domingo, 23 novembro:<\/strong><\/p>\n<p>Atl\u00e9tico (L3) \/ Felgueiras (II) &#8211; Benfica (I)<\/p>\n<p>Sporting de Braga (I) &#8211; Nacional (I)<\/p>\n<p>AVS (I) &#8211; Acad\u00e9mico Viseu (II)<\/p>\n<p>Belenenses (L3) \/ Estoril Praia (I) &#8211; Famalic\u00e3o (I)<\/p>\n<p>1.\u00ba Dezembro (L3) \/ Benfica Castelo Branco (CP) &#8211; Uni\u00e3o de Leiria (II)<\/p>\n<p>Alpendorada (CP) &#8211; An\u00e7\u00e3 (D) \/ Casa Pia (I)<\/p>\n<p>Fafe (L3) \/ Moreirense (I) &#8211; Arouca (I)<\/p>\n<p>Vila Real (CP) \/ Tondela (I) &#8211; Caldas (L3) \/ Mirandela (CP)<\/p>\n<p>Farense (II) &#8211; Silves (D) \/ Louletano (CP)<\/p>\n<p>Santa Clara (I) &#8211; Com\u00e9rcio e Ind\u00fastria (CP) \/ Vianense (CP)<\/p>\n<p>Lusit\u00e2nia de Lourosa (II) \u2013 Resende (CP) &#8211; Torreense (II)<\/p>\n<p>Uni\u00e3o de Lamas (CP) \/ Vit\u00f3ria de Guimar\u00e3es (I) &#8211; Mort\u00e1gua (CP) \/ Portimonense (CP)<\/p>\n<p>Sporting (I) &#8211; Anadia (CP) \/ Marinhense (CP)<\/p>\n<p>Vila Me\u00e3 (CP) \/ Vila Caiz (D) &#8211; Amarante (L3) \/ Leix\u00f5es (II)<\/p>\n<p>Sporting de Covilh\u00e3 (L3) \u2013 Lusitano de \u00c9vora (L3) \/ Olivais e Moscavide (D)<\/p>\n<p>FC Porto (I) &#8211; Sintrense (CP) \/ Rio Ave (I)<\/p>\n<p style=\"margin-bottom:11px\">\u00a0<\/p>\n","protected":false},"excerpt":{"rendered":"Os primeiros catorze jogos da terceira eliminat\u00f3ria da Ta\u00e7a de Portugal j\u00e1 fizeram tr\u00eas v\u00edtimas entre as equipas&hellip;\n","protected":false},"author":2,"featured_media":116628,"comment_status":"","ping_status":"","sticky":false,"template":"","format":"standard","meta":{"footnotes":""},"categories":[87],"tags":[5739,51,135,5742,282,9112,46,32,33,47,27307,527,1233,34,134,3142,13676,27306],"class_list":{"0":"post-116627","1":"post","2":"type-post","3":"status-publish","4":"format-standard","5":"has-post-thumbnail","7":"category-desporto","8":"tag-alverca","9":"tag-benfica","10":"tag-desporto","11":"tag-estrela-amadora","12":"tag-fc-porto","13":"tag-gil-vicente","14":"tag-maisfutebol","15":"tag-portugal","16":"tag-pt","17":"tag-pura-paixao","18":"tag-quarta-eliminatoria","19":"tag-resultados","20":"tag-sp-braga","21":"tag-sporting","22":"tag-sports","23":"tag-taca-de-portugal","24":"tag-taca-portugal","25":"tag-terceira-eliminatoria"},"share_on_mastodon":{"url":"","error":""},"_links":{"self":[{"href":"https:\/\/www.europesays.com\/pt\/wp-json\/wp\/v2\/posts\/116627","targetHints":{"allow":["GET"]}}],"collection":[{"href":"https:\/\/www.europesays.com\/pt\/wp-json\/wp\/v2\/posts"}],"about":[{"href":"https:\/\/www.europesays.com\/pt\/wp-json\/wp\/v2\/types\/post"}],"author":[{"embeddable":true,"href":"https:\/\/www.europesays.com\/pt\/wp-json\/wp\/v2\/users\/2"}],"replies":[{"embeddable":true,"href":"https:\/\/www.europesays.com\/pt\/wp-json\/wp\/v2\/comments?post=116627"}],"version-history":[{"count":0,"href":"https:\/\/www.europesays.com\/pt\/wp-json\/wp\/v2\/posts\/116627\/revisions"}],"wp:featuredmedia":[{"embeddable":true,"href":"https:\/\/www.europesays.com\/pt\/wp-json\/wp\/v2\/media\/116628"}],"wp:attachment":[{"href":"https:\/\/www.europesays.com\/pt\/wp-json\/wp\/v2\/media?parent=116627"}],"wp:term":[{"taxonomy":"category","embeddable":true,"href":"https:\/\/www.europesays.com\/pt\/wp-json\/wp\/v2\/categories?post=116627"},{"taxonomy":"post_tag","embeddable":true,"href":"https:\/\/www.europesays.com\/pt\/wp-json\/wp\/v2\/tags?post=116627"}],"curies":[{"name":"wp","href":"https:\/\/api.w.org\/{rel}","templated":true}]}}